{"id":410,"date":"2023-03-28T09:10:24","date_gmt":"2023-03-28T09:10:24","guid":{"rendered":"https:\/\/faiktunay.com.tr\/?p=410"},"modified":"2023-03-28T09:47:25","modified_gmt":"2023-03-28T09:47:25","slug":"baba-muhalefet-sedat-peker-ise-dusunmek-lazim","status":"publish","type":"post","link":"https:\/\/faiktunay.com.tr\/en\/baba-muhalefet-sedat-peker-ise-dusunmek-lazim\/","title":{"rendered":"If the Father is the Opposition Sedat Peker, We Need to Think About It"},"content":{"rendered":"","protected":false},"excerpt":{"rendered":"","protected":false},"author":2,"featured_media":0,"comment_status":"closed","ping_status":"closed","sticky":false,"template":"","format":"video","meta":{"footnotes":""},"categories":[19],"tags":[22],"class_list":["post-410","post","type-post","status-publish","format-video","hentry","category-videolar","tag-faik-tunay","post_format-post-format-video"],"yoast_head":"<!-- This site is optimized with the Yoast SEO plugin v25.7 - https:\/\/yoast.com\/wordpress\/plugins\/seo\/ -->\n<title>Baba Muhalefet Sedat Peker ise D\u00fc\u015f\u00fcnmek Laz\u0131m - Faik Tunay<\/title>\n<meta name=\"robots\" content=\"index, follow, max-snippet:-1, max-image-preview:large, max-video-preview:-1\" \/>\n<link rel=\"canonical\" href=\"https:\/\/faiktunay.com.tr\/en\/baba-muhalefet-sedat-peker-ise-dusunmek-lazim\/\" \/>\n<meta property=\"og:locale\" content=\"en_US\" \/>\n<meta property=\"og:type\" content=\"article\" \/>\n<meta property=\"og:title\" content=\"Baba Muhalefet Sedat Peker ise D\u00fc\u015f\u00fcnmek Laz\u0131m - Faik Tunay\" \/>\n<meta property=\"og:url\" content=\"https:\/\/faiktunay.com.tr\/en\/baba-muhalefet-sedat-peker-ise-dusunmek-lazim\/\" \/>\n<meta property=\"og:site_name\" content=\"Faik Tunay\" \/>\n<meta property=\"article:published_time\" content=\"2023-03-28T09:10:24+00:00\" \/>\n<meta property=\"article:modified_time\" content=\"2023-03-28T09:47:25+00:00\" \/>\n<meta name=\"author\" content=\"enfal\" \/>\n<meta name=\"twitter:card\" content=\"summary_large_image\" \/>\n<meta name=\"twitter:label1\" content=\"Written by\" \/>\n\t<meta name=\"twitter:data1\" content=\"enfal\" \/>\n<script type=\"application\/ld+json\" class=\"yoast-schema-graph\">{\"@context\":\"https:\/\/schema.org\",\"@graph\":[{\"@type\":\"Article\",\"@id\":\"https:\/\/faiktunay.com.tr\/baba-muhalefet-sedat-peker-ise-dusunmek-lazim\/#article\",\"isPartOf\":{\"@id\":\"https:\/\/faiktunay.com.tr\/baba-muhalefet-sedat-peker-ise-dusunmek-lazim\/\"},\"author\":{\"name\":\"enfal\",\"@id\":\"https:\/\/faiktunay.com.tr\/#\/schema\/person\/2d3f8ee51067426e699447e0de4ee8cb\"},\"headline\":\"Baba Muhalefet Sedat Peker ise D\u00fc\u015f\u00fcnmek Laz\u0131m\",\"datePublished\":\"2023-03-28T09:10:24+00:00\",\"dateModified\":\"2023-03-28T09:47:25+00:00\",\"mainEntityOfPage\":{\"@id\":\"https:\/\/faiktunay.com.tr\/baba-muhalefet-sedat-peker-ise-dusunmek-lazim\/\"},\"wordCount\":9,\"publisher\":{\"@id\":\"https:\/\/faiktunay.com.tr\/#\/schema\/person\/c49b0bc68a3e76483795a134219cf7cd\"},\"keywords\":[\"Faik Tunay\"],\"articleSection\":[\"Videolar\"],\"inLanguage\":\"en-US\"},{\"@type\":\"WebPage\",\"@id\":\"https:\/\/faiktunay.com.tr\/baba-muhalefet-sedat-peker-ise-dusunmek-lazim\/\",\"url\":\"https:\/\/faiktunay.com.tr\/baba-muhalefet-sedat-peker-ise-dusunmek-lazim\/\",\"name\":\"Baba Muhalefet Sedat Peker ise D\u00fc\u015f\u00fcnmek Laz\u0131m - Faik Tunay\",\"isPartOf\":{\"@id\":\"https:\/\/faiktunay.com.tr\/#website\"},\"datePublished\":\"2023-03-28T09:10:24+00:00\",\"dateModified\":\"2023-03-28T09:47:25+00:00\",\"breadcrumb\":{\"@id\":\"https:\/\/faiktunay.com.tr\/baba-muhalefet-sedat-peker-ise-dusunmek-lazim\/#breadcrumb\"},\"inLanguage\":\"en-US\",\"potentialAction\":[{\"@type\":\"ReadAction\",\"target\":[\"https:\/\/faiktunay.com.tr\/baba-muhalefet-sedat-peker-ise-dusunmek-lazim\/\"]}]},{\"@type\":\"BreadcrumbList\",\"@id\":\"https:\/\/faiktunay.com.tr\/baba-muhalefet-sedat-peker-ise-dusunmek-lazim\/#breadcrumb\",\"itemListElement\":[{\"@type\":\"ListItem\",\"position\":1,\"name\":\"Anasayfa\",\"item\":\"https:\/\/faiktunay.com.tr\/\"},{\"@type\":\"ListItem\",\"position\":2,\"name\":\"Baba Muhalefet Sedat Peker ise D\u00fc\u015f\u00fcnmek Laz\u0131m\"}]},{\"@type\":\"WebSite\",\"@id\":\"https:\/\/faiktunay.com.tr\/#website\",\"url\":\"https:\/\/faiktunay.com.tr\/\",\"name\":\"Faik Tunay\",\"description\":\"\",\"publisher\":{\"@id\":\"https:\/\/faiktunay.com.tr\/#\/schema\/person\/c49b0bc68a3e76483795a134219cf7cd\"},\"potentialAction\":[{\"@type\":\"SearchAction\",\"target\":{\"@type\":\"EntryPoint\",\"urlTemplate\":\"https:\/\/faiktunay.com.tr\/?s={search_term_string}\"},\"query-input\":{\"@type\":\"PropertyValueSpecification\",\"valueRequired\":true,\"valueName\":\"search_term_string\"}}],\"inLanguage\":\"en-US\"},{\"@type\":[\"Person\",\"Organization\"],\"@id\":\"https:\/\/faiktunay.com.tr\/#\/schema\/person\/c49b0bc68a3e76483795a134219cf7cd\",\"name\":\"Faik Tunay\",\"logo\":{\"@id\":\"https:\/\/faiktunay.com.tr\/#\/schema\/person\/image\/\"},\"sameAs\":[\"https:\/\/faiktunay.com.tr\"]},{\"@type\":\"Person\",\"@id\":\"https:\/\/faiktunay.com.tr\/#\/schema\/person\/2d3f8ee51067426e699447e0de4ee8cb\",\"name\":\"enfal\",\"url\":\"https:\/\/faiktunay.com.tr\/en\/author\/enfal\/\"}]}<\/script>\n<!-- \/ Yoast SEO plugin. -->","yoast_head_json":{"title":"Baba Muhalefet Sedat Peker ise D\u00fc\u015f\u00fcnmek Laz\u0131m - Faik Tunay","robots":{"index":"index","follow":"follow","max-snippet":"max-snippet:-1","max-image-preview":"max-image-preview:large","max-video-preview":"max-video-preview:-1"},"canonical":"https:\/\/faiktunay.com.tr\/en\/baba-muhalefet-sedat-peker-ise-dusunmek-lazim\/","og_locale":"en_US","og_type":"article","og_title":"Baba Muhalefet Sedat Peker ise D\u00fc\u015f\u00fcnmek Laz\u0131m - Faik Tunay","og_url":"https:\/\/faiktunay.com.tr\/en\/baba-muhalefet-sedat-peker-ise-dusunmek-lazim\/","og_site_name":"Faik Tunay","article_published_time":"2023-03-28T09:10:24+00:00","article_modified_time":"2023-03-28T09:47:25+00:00","author":"enfal","twitter_card":"summary_large_image","twitter_misc":{"Written by":"enfal"},"schema":{"@context":"https:\/\/schema.org","@graph":[{"@type":"Article","@id":"https:\/\/faiktunay.com.tr\/baba-muhalefet-sedat-peker-ise-dusunmek-lazim\/#article","isPartOf":{"@id":"https:\/\/faiktunay.com.tr\/baba-muhalefet-sedat-peker-ise-dusunmek-lazim\/"},"author":{"name":"enfal","@id":"https:\/\/faiktunay.com.tr\/#\/schema\/person\/2d3f8ee51067426e699447e0de4ee8cb"},"headline":"Baba Muhalefet Sedat Peker ise D\u00fc\u015f\u00fcnmek Laz\u0131m","datePublished":"2023-03-28T09:10:24+00:00","dateModified":"2023-03-28T09:47:25+00:00","mainEntityOfPage":{"@id":"https:\/\/faiktunay.com.tr\/baba-muhalefet-sedat-peker-ise-dusunmek-lazim\/"},"wordCount":9,"publisher":{"@id":"https:\/\/faiktunay.com.tr\/#\/schema\/person\/c49b0bc68a3e76483795a134219cf7cd"},"keywords":["Faik Tunay"],"articleSection":["Videolar"],"inLanguage":"en-US"},{"@type":"WebPage","@id":"https:\/\/faiktunay.com.tr\/baba-muhalefet-sedat-peker-ise-dusunmek-lazim\/","url":"https:\/\/faiktunay.com.tr\/baba-muhalefet-sedat-peker-ise-dusunmek-lazim\/","name":"Baba Muhalefet Sedat Peker ise D\u00fc\u015f\u00fcnmek Laz\u0131m - Faik Tunay","isPartOf":{"@id":"https:\/\/faiktunay.com.tr\/#website"},"datePublished":"2023-03-28T09:10:24+00:00","dateModified":"2023-03-28T09:47:25+00:00","breadcrumb":{"@id":"https:\/\/faiktunay.com.tr\/baba-muhalefet-sedat-peker-ise-dusunmek-lazim\/#breadcrumb"},"inLanguage":"en-US","potentialAction":[{"@type":"ReadAction","target":["https:\/\/faiktunay.com.tr\/baba-muhalefet-sedat-peker-ise-dusunmek-lazim\/"]}]},{"@type":"BreadcrumbList","@id":"https:\/\/faiktunay.com.tr\/baba-muhalefet-sedat-peker-ise-dusunmek-lazim\/#breadcrumb","itemListElement":[{"@type":"ListItem","position":1,"name":"Anasayfa","item":"https:\/\/faiktunay.com.tr\/"},{"@type":"ListItem","position":2,"name":"Baba Muhalefet Sedat Peker ise D\u00fc\u015f\u00fcnmek Laz\u0131m"}]},{"@type":"WebSite","@id":"https:\/\/faiktunay.com.tr\/#website","url":"https:\/\/faiktunay.com.tr\/","name":"Faik Tunay","description":"","publisher":{"@id":"https:\/\/faiktunay.com.tr\/#\/schema\/person\/c49b0bc68a3e76483795a134219cf7cd"},"potentialAction":[{"@type":"SearchAction","target":{"@type":"EntryPoint","urlTemplate":"https:\/\/faiktunay.com.tr\/?s={search_term_string}"},"query-input":{"@type":"PropertyValueSpecification","valueRequired":true,"valueName":"search_term_string"}}],"inLanguage":"en-US"},{"@type":["Person","Organization"],"@id":"https:\/\/faiktunay.com.tr\/#\/schema\/person\/c49b0bc68a3e76483795a134219cf7cd","name":"Faik Tunay","logo":{"@id":"https:\/\/faiktunay.com.tr\/#\/schema\/person\/image\/"},"sameAs":["https:\/\/faiktunay.com.tr"]},{"@type":"Person","@id":"https:\/\/faiktunay.com.tr\/#\/schema\/person\/2d3f8ee51067426e699447e0de4ee8cb","name":"anfal","url":"https:\/\/faiktunay.com.tr\/en\/author\/enfal\/"}]}},"_links":{"self":[{"href":"https:\/\/faiktunay.com.tr\/en\/wp-json\/wp\/v2\/posts\/410","targetHints":{"allow":["GET"]}}],"collection":[{"href":"https:\/\/faiktunay.com.tr\/en\/wp-json\/wp\/v2\/posts"}],"about":[{"href":"https:\/\/faiktunay.com.tr\/en\/wp-json\/wp\/v2\/types\/post"}],"author":[{"embeddable":true,"href":"https:\/\/faiktunay.com.tr\/en\/wp-json\/wp\/v2\/users\/2"}],"replies":[{"embeddable":true,"href":"https:\/\/faiktunay.com.tr\/en\/wp-json\/wp\/v2\/comments?post=410"}],"version-history":[{"count":0,"href":"https:\/\/faiktunay.com.tr\/en\/wp-json\/wp\/v2\/posts\/410\/revisions"}],"wp:attachment":[{"href":"https:\/\/faiktunay.com.tr\/en\/wp-json\/wp\/v2\/media?parent=410"}],"wp:term":[{"taxonomy":"category","embeddable":true,"href":"https:\/\/faiktunay.com.tr\/en\/wp-json\/wp\/v2\/categories?post=410"},{"taxonomy":"post_tag","embeddable":true,"href":"https:\/\/faiktunay.com.tr\/en\/wp-json\/wp\/v2\/tags?post=410"}],"curies":[{"name":"wp","href":"https:\/\/api.w.org\/{rel}","templated":true}]}}