{"id":470,"date":"2023-03-28T13:43:21","date_gmt":"2023-03-28T13:43:21","guid":{"rendered":"https:\/\/faiktunay.com.tr\/?p=470"},"modified":"2023-03-28T13:44:27","modified_gmt":"2023-03-28T13:44:27","slug":"faik-tunay-denizlide-emeklilerin-basin-aciklamasina-katilip-destek-verdi","status":"publish","type":"post","link":"https:\/\/faiktunay.com.tr\/en\/faik-tunay-denizlide-emeklilerin-basin-aciklamasina-katilip-destek-verdi\/","title":{"rendered":"Faik Tunay attended and supported the press release of retirees in Denizli."},"content":{"rendered":"<p>Tunay, who attended the press release of retirees in Denizli city square within the scope of his visits to Denizli, stated that in a country where the hunger limit is 8000 TL, the lowest pension is 3500 TL and it is impossible for retirees to live humanely under these conditions.<\/p>","protected":false},"excerpt":{"rendered":"<p>Tunay, who attended the press release of retirees in Denizli city square within the scope of his visits to Denizli, stated that in a country where the hunger limit is 8000 TL, the lowest pension is 3500 TL and it is impossible for retirees to live humanely under these conditions.<\/p>","protected":false},"author":2,"featured_media":473,"comment_status":"closed","ping_status":"closed","sticky":false,"template":"","format":"standard","meta":{"footnotes":""},"categories":[16],"tags":[22],"class_list":["post-470","post","type-post","status-publish","format-standard","has-post-thumbnail","hentry","category-haberler","tag-faik-tunay"],"yoast_head":"<!-- This site is optimized with the Yoast SEO plugin v25.7 - https:\/\/yoast.com\/wordpress\/plugins\/seo\/ -->\n<title>Faik Tunay Denizli\u2019de emeklilerin bas\u0131n a\u00e7\u0131klamas\u0131na kat\u0131l\u0131p, destek verdi. - Faik Tunay<\/title>\n<meta name=\"robots\" content=\"index, follow, max-snippet:-1, max-image-preview:large, max-video-preview:-1\" \/>\n<link rel=\"canonical\" href=\"https:\/\/faiktunay.com.tr\/en\/faik-tunay-denizlide-emeklilerin-basin-aciklamasina-katilip-destek-verdi\/\" \/>\n<meta property=\"og:locale\" content=\"en_US\" \/>\n<meta property=\"og:type\" content=\"article\" \/>\n<meta property=\"og:title\" content=\"Faik Tunay Denizli\u2019de emeklilerin bas\u0131n a\u00e7\u0131klamas\u0131na kat\u0131l\u0131p, destek verdi. - Faik Tunay\" \/>\n<meta property=\"og:description\" content=\"Denizli ziyaretleri kapsam\u0131nda Denizli kent meydan\u0131nda emeklilerin bas\u0131n a\u00e7\u0131klamas\u0131na kat\u0131lan Tunay, a\u00e7l\u0131k s\u0131n\u0131r\u0131n\u0131n 8000 TL oldu\u011fu bir \u00fclkede en d\u00fc\u015f\u00fck emekli maa\u015f\u0131n\u0131n 3500 TL oldu\u011funu ve bu \u015fartlar alt\u0131nda emeklilerin insanca ya\u015famas\u0131n\u0131n imkans\u0131z oldu\u011funu belirtti.\" \/>\n<meta property=\"og:url\" content=\"https:\/\/faiktunay.com.tr\/en\/faik-tunay-denizlide-emeklilerin-basin-aciklamasina-katilip-destek-verdi\/\" \/>\n<meta property=\"og:site_name\" content=\"Faik Tunay\" \/>\n<meta property=\"article:published_time\" content=\"2023-03-28T13:43:21+00:00\" \/>\n<meta property=\"article:modified_time\" content=\"2023-03-28T13:44:27+00:00\" \/>\n<meta property=\"og:image\" content=\"https:\/\/faiktunay.com.tr\/wp-content\/uploads\/2023\/03\/faik_tunay_basin2.jpg\" \/>\n\t<meta property=\"og:image:width\" content=\"1080\" \/>\n\t<meta property=\"og:image:height\" content=\"720\" \/>\n\t<meta property=\"og:image:type\" content=\"image\/jpeg\" \/>\n<meta name=\"author\" content=\"enfal\" \/>\n<meta name=\"twitter:card\" content=\"summary_large_image\" \/>\n<meta name=\"twitter:label1\" content=\"Written by\" \/>\n\t<meta name=\"twitter:data1\" content=\"enfal\" \/>\n<script type=\"application\/ld+json\" class=\"yoast-schema-graph\">{\"@context\":\"https:\/\/schema.org\",\"@graph\":[{\"@type\":\"Article\",\"@id\":\"https:\/\/faiktunay.com.tr\/faik-tunay-denizlide-emeklilerin-basin-aciklamasina-katilip-destek-verdi\/#article\",\"isPartOf\":{\"@id\":\"https:\/\/faiktunay.com.tr\/faik-tunay-denizlide-emeklilerin-basin-aciklamasina-katilip-destek-verdi\/\"},\"author\":{\"name\":\"enfal\",\"@id\":\"https:\/\/faiktunay.com.tr\/#\/schema\/person\/2d3f8ee51067426e699447e0de4ee8cb\"},\"headline\":\"Faik Tunay Denizli\u2019de emeklilerin bas\u0131n a\u00e7\u0131klamas\u0131na kat\u0131l\u0131p, destek verdi.\",\"datePublished\":\"2023-03-28T13:43:21+00:00\",\"dateModified\":\"2023-03-28T13:44:27+00:00\",\"mainEntityOfPage\":{\"@id\":\"https:\/\/faiktunay.com.tr\/faik-tunay-denizlide-emeklilerin-basin-aciklamasina-katilip-destek-verdi\/\"},\"wordCount\":71,\"publisher\":{\"@id\":\"https:\/\/faiktunay.com.tr\/#\/schema\/person\/c49b0bc68a3e76483795a134219cf7cd\"},\"image\":{\"@id\":\"https:\/\/faiktunay.com.tr\/faik-tunay-denizlide-emeklilerin-basin-aciklamasina-katilip-destek-verdi\/#primaryimage\"},\"thumbnailUrl\":\"https:\/\/faiktunay.com.tr\/wp-content\/uploads\/2023\/03\/faik_tunay_basin2.jpg\",\"keywords\":[\"Faik Tunay\"],\"articleSection\":[\"Haberler\"],\"inLanguage\":\"en-US\"},{\"@type\":\"WebPage\",\"@id\":\"https:\/\/faiktunay.com.tr\/faik-tunay-denizlide-emeklilerin-basin-aciklamasina-katilip-destek-verdi\/\",\"url\":\"https:\/\/faiktunay.com.tr\/faik-tunay-denizlide-emeklilerin-basin-aciklamasina-katilip-destek-verdi\/\",\"name\":\"Faik Tunay Denizli\u2019de emeklilerin bas\u0131n a\u00e7\u0131klamas\u0131na kat\u0131l\u0131p, destek verdi. - Faik Tunay\",\"isPartOf\":{\"@id\":\"https:\/\/faiktunay.com.tr\/#website\"},\"primaryImageOfPage\":{\"@id\":\"https:\/\/faiktunay.com.tr\/faik-tunay-denizlide-emeklilerin-basin-aciklamasina-katilip-destek-verdi\/#primaryimage\"},\"image\":{\"@id\":\"https:\/\/faiktunay.com.tr\/faik-tunay-denizlide-emeklilerin-basin-aciklamasina-katilip-destek-verdi\/#primaryimage\"},\"thumbnailUrl\":\"https:\/\/faiktunay.com.tr\/wp-content\/uploads\/2023\/03\/faik_tunay_basin2.jpg\",\"datePublished\":\"2023-03-28T13:43:21+00:00\",\"dateModified\":\"2023-03-28T13:44:27+00:00\",\"breadcrumb\":{\"@id\":\"https:\/\/faiktunay.com.tr\/faik-tunay-denizlide-emeklilerin-basin-aciklamasina-katilip-destek-verdi\/#breadcrumb\"},\"inLanguage\":\"en-US\",\"potentialAction\":[{\"@type\":\"ReadAction\",\"target\":[\"https:\/\/faiktunay.com.tr\/faik-tunay-denizlide-emeklilerin-basin-aciklamasina-katilip-destek-verdi\/\"]}]},{\"@type\":\"ImageObject\",\"inLanguage\":\"en-US\",\"@id\":\"https:\/\/faiktunay.com.tr\/faik-tunay-denizlide-emeklilerin-basin-aciklamasina-katilip-destek-verdi\/#primaryimage\",\"url\":\"https:\/\/faiktunay.com.tr\/wp-content\/uploads\/2023\/03\/faik_tunay_basin2.jpg\",\"contentUrl\":\"https:\/\/faiktunay.com.tr\/wp-content\/uploads\/2023\/03\/faik_tunay_basin2.jpg\",\"width\":1080,\"height\":720},{\"@type\":\"BreadcrumbList\",\"@id\":\"https:\/\/faiktunay.com.tr\/faik-tunay-denizlide-emeklilerin-basin-aciklamasina-katilip-destek-verdi\/#breadcrumb\",\"itemListElement\":[{\"@type\":\"ListItem\",\"position\":1,\"name\":\"Anasayfa\",\"item\":\"https:\/\/faiktunay.com.tr\/\"},{\"@type\":\"ListItem\",\"position\":2,\"name\":\"Faik Tunay Denizli\u2019de emeklilerin bas\u0131n a\u00e7\u0131klamas\u0131na kat\u0131l\u0131p, destek verdi.\"}]},{\"@type\":\"WebSite\",\"@id\":\"https:\/\/faiktunay.com.tr\/#website\",\"url\":\"https:\/\/faiktunay.com.tr\/\",\"name\":\"Faik Tunay\",\"description\":\"\",\"publisher\":{\"@id\":\"https:\/\/faiktunay.com.tr\/#\/schema\/person\/c49b0bc68a3e76483795a134219cf7cd\"},\"potentialAction\":[{\"@type\":\"SearchAction\",\"target\":{\"@type\":\"EntryPoint\",\"urlTemplate\":\"https:\/\/faiktunay.com.tr\/?s={search_term_string}\"},\"query-input\":{\"@type\":\"PropertyValueSpecification\",\"valueRequired\":true,\"valueName\":\"search_term_string\"}}],\"inLanguage\":\"en-US\"},{\"@type\":[\"Person\",\"Organization\"],\"@id\":\"https:\/\/faiktunay.com.tr\/#\/schema\/person\/c49b0bc68a3e76483795a134219cf7cd\",\"name\":\"Faik Tunay\",\"logo\":{\"@id\":\"https:\/\/faiktunay.com.tr\/#\/schema\/person\/image\/\"},\"sameAs\":[\"https:\/\/faiktunay.com.tr\"]},{\"@type\":\"Person\",\"@id\":\"https:\/\/faiktunay.com.tr\/#\/schema\/person\/2d3f8ee51067426e699447e0de4ee8cb\",\"name\":\"enfal\",\"url\":\"https:\/\/faiktunay.com.tr\/en\/author\/enfal\/\"}]}<\/script>\n<!-- \/ Yoast SEO plugin. -->","yoast_head_json":{"title":"Faik Tunay Denizli\u2019de emeklilerin bas\u0131n a\u00e7\u0131klamas\u0131na kat\u0131l\u0131p, destek verdi. - Faik Tunay","robots":{"index":"index","follow":"follow","max-snippet":"max-snippet:-1","max-image-preview":"max-image-preview:large","max-video-preview":"max-video-preview:-1"},"canonical":"https:\/\/faiktunay.com.tr\/en\/faik-tunay-denizlide-emeklilerin-basin-aciklamasina-katilip-destek-verdi\/","og_locale":"en_US","og_type":"article","og_title":"Faik Tunay Denizli\u2019de emeklilerin bas\u0131n a\u00e7\u0131klamas\u0131na kat\u0131l\u0131p, destek verdi. - Faik Tunay","og_description":"Denizli ziyaretleri kapsam\u0131nda Denizli kent meydan\u0131nda emeklilerin bas\u0131n a\u00e7\u0131klamas\u0131na kat\u0131lan Tunay, a\u00e7l\u0131k s\u0131n\u0131r\u0131n\u0131n 8000 TL oldu\u011fu bir \u00fclkede en d\u00fc\u015f\u00fck emekli maa\u015f\u0131n\u0131n 3500 TL oldu\u011funu ve bu \u015fartlar alt\u0131nda emeklilerin insanca ya\u015famas\u0131n\u0131n imkans\u0131z oldu\u011funu belirtti.","og_url":"https:\/\/faiktunay.com.tr\/en\/faik-tunay-denizlide-emeklilerin-basin-aciklamasina-katilip-destek-verdi\/","og_site_name":"Faik Tunay","article_published_time":"2023-03-28T13:43:21+00:00","article_modified_time":"2023-03-28T13:44:27+00:00","og_image":[{"width":1080,"height":720,"url":"https:\/\/faiktunay.com.tr\/wp-content\/uploads\/2023\/03\/faik_tunay_basin2.jpg","type":"image\/jpeg"}],"author":"enfal","twitter_card":"summary_large_image","twitter_misc":{"Written by":"enfal"},"schema":{"@context":"https:\/\/schema.org","@graph":[{"@type":"Article","@id":"https:\/\/faiktunay.com.tr\/faik-tunay-denizlide-emeklilerin-basin-aciklamasina-katilip-destek-verdi\/#article","isPartOf":{"@id":"https:\/\/faiktunay.com.tr\/faik-tunay-denizlide-emeklilerin-basin-aciklamasina-katilip-destek-verdi\/"},"author":{"name":"enfal","@id":"https:\/\/faiktunay.com.tr\/#\/schema\/person\/2d3f8ee51067426e699447e0de4ee8cb"},"headline":"Faik Tunay Denizli\u2019de emeklilerin bas\u0131n a\u00e7\u0131klamas\u0131na kat\u0131l\u0131p, destek verdi.","datePublished":"2023-03-28T13:43:21+00:00","dateModified":"2023-03-28T13:44:27+00:00","mainEntityOfPage":{"@id":"https:\/\/faiktunay.com.tr\/faik-tunay-denizlide-emeklilerin-basin-aciklamasina-katilip-destek-verdi\/"},"wordCount":71,"publisher":{"@id":"https:\/\/faiktunay.com.tr\/#\/schema\/person\/c49b0bc68a3e76483795a134219cf7cd"},"image":{"@id":"https:\/\/faiktunay.com.tr\/faik-tunay-denizlide-emeklilerin-basin-aciklamasina-katilip-destek-verdi\/#primaryimage"},"thumbnailUrl":"https:\/\/faiktunay.com.tr\/wp-content\/uploads\/2023\/03\/faik_tunay_basin2.jpg","keywords":["Faik Tunay"],"articleSection":["Haberler"],"inLanguage":"en-US"},{"@type":"WebPage","@id":"https:\/\/faiktunay.com.tr\/faik-tunay-denizlide-emeklilerin-basin-aciklamasina-katilip-destek-verdi\/","url":"https:\/\/faiktunay.com.tr\/faik-tunay-denizlide-emeklilerin-basin-aciklamasina-katilip-destek-verdi\/","name":"Faik Tunay Denizli\u2019de emeklilerin bas\u0131n a\u00e7\u0131klamas\u0131na kat\u0131l\u0131p, destek verdi. - Faik Tunay","isPartOf":{"@id":"https:\/\/faiktunay.com.tr\/#website"},"primaryImageOfPage":{"@id":"https:\/\/faiktunay.com.tr\/faik-tunay-denizlide-emeklilerin-basin-aciklamasina-katilip-destek-verdi\/#primaryimage"},"image":{"@id":"https:\/\/faiktunay.com.tr\/faik-tunay-denizlide-emeklilerin-basin-aciklamasina-katilip-destek-verdi\/#primaryimage"},"thumbnailUrl":"https:\/\/faiktunay.com.tr\/wp-content\/uploads\/2023\/03\/faik_tunay_basin2.jpg","datePublished":"2023-03-28T13:43:21+00:00","dateModified":"2023-03-28T13:44:27+00:00","breadcrumb":{"@id":"https:\/\/faiktunay.com.tr\/faik-tunay-denizlide-emeklilerin-basin-aciklamasina-katilip-destek-verdi\/#breadcrumb"},"inLanguage":"en-US","potentialAction":[{"@type":"ReadAction","target":["https:\/\/faiktunay.com.tr\/faik-tunay-denizlide-emeklilerin-basin-aciklamasina-katilip-destek-verdi\/"]}]},{"@type":"ImageObject","inLanguage":"en-US","@id":"https:\/\/faiktunay.com.tr\/faik-tunay-denizlide-emeklilerin-basin-aciklamasina-katilip-destek-verdi\/#primaryimage","url":"https:\/\/faiktunay.com.tr\/wp-content\/uploads\/2023\/03\/faik_tunay_basin2.jpg","contentUrl":"https:\/\/faiktunay.com.tr\/wp-content\/uploads\/2023\/03\/faik_tunay_basin2.jpg","width":1080,"height":720},{"@type":"BreadcrumbList","@id":"https:\/\/faiktunay.com.tr\/faik-tunay-denizlide-emeklilerin-basin-aciklamasina-katilip-destek-verdi\/#breadcrumb","itemListElement":[{"@type":"ListItem","position":1,"name":"Anasayfa","item":"https:\/\/faiktunay.com.tr\/"},{"@type":"ListItem","position":2,"name":"Faik Tunay Denizli\u2019de emeklilerin bas\u0131n a\u00e7\u0131klamas\u0131na kat\u0131l\u0131p, destek verdi."}]},{"@type":"WebSite","@id":"https:\/\/faiktunay.com.tr\/#website","url":"https:\/\/faiktunay.com.tr\/","name":"Faik Tunay","description":"","publisher":{"@id":"https:\/\/faiktunay.com.tr\/#\/schema\/person\/c49b0bc68a3e76483795a134219cf7cd"},"potentialAction":[{"@type":"SearchAction","target":{"@type":"EntryPoint","urlTemplate":"https:\/\/faiktunay.com.tr\/?s={search_term_string}"},"query-input":{"@type":"PropertyValueSpecification","valueRequired":true,"valueName":"search_term_string"}}],"inLanguage":"en-US"},{"@type":["Person","Organization"],"@id":"https:\/\/faiktunay.com.tr\/#\/schema\/person\/c49b0bc68a3e76483795a134219cf7cd","name":"Faik Tunay","logo":{"@id":"https:\/\/faiktunay.com.tr\/#\/schema\/person\/image\/"},"sameAs":["https:\/\/faiktunay.com.tr"]},{"@type":"Person","@id":"https:\/\/faiktunay.com.tr\/#\/schema\/person\/2d3f8ee51067426e699447e0de4ee8cb","name":"anfal","url":"https:\/\/faiktunay.com.tr\/en\/author\/enfal\/"}]}},"_links":{"self":[{"href":"https:\/\/faiktunay.com.tr\/en\/wp-json\/wp\/v2\/posts\/470","targetHints":{"allow":["GET"]}}],"collection":[{"href":"https:\/\/faiktunay.com.tr\/en\/wp-json\/wp\/v2\/posts"}],"about":[{"href":"https:\/\/faiktunay.com.tr\/en\/wp-json\/wp\/v2\/types\/post"}],"author":[{"embeddable":true,"href":"https:\/\/faiktunay.com.tr\/en\/wp-json\/wp\/v2\/users\/2"}],"replies":[{"embeddable":true,"href":"https:\/\/faiktunay.com.tr\/en\/wp-json\/wp\/v2\/comments?post=470"}],"version-history":[{"count":0,"href":"https:\/\/faiktunay.com.tr\/en\/wp-json\/wp\/v2\/posts\/470\/revisions"}],"wp:featuredmedia":[{"embeddable":true,"href":"https:\/\/faiktunay.com.tr\/en\/wp-json\/wp\/v2\/media\/473"}],"wp:attachment":[{"href":"https:\/\/faiktunay.com.tr\/en\/wp-json\/wp\/v2\/media?parent=470"}],"wp:term":[{"taxonomy":"category","embeddable":true,"href":"https:\/\/faiktunay.com.tr\/en\/wp-json\/wp\/v2\/categories?post=470"},{"taxonomy":"post_tag","embeddable":true,"href":"https:\/\/faiktunay.com.tr\/en\/wp-json\/wp\/v2\/tags?post=470"}],"curies":[{"name":"wp","href":"https:\/\/api.w.org\/{rel}","templated":true}]}}