{"id":493,"date":"2022-03-28T13:54:00","date_gmt":"2022-03-28T13:54:00","guid":{"rendered":"https:\/\/faiktunay.com.tr\/?p=493"},"modified":"2023-03-28T13:55:43","modified_gmt":"2023-03-28T13:55:43","slug":"faik-tunay-iz-tvnin-canli-yayin-konugu-oldu","status":"publish","type":"post","link":"https:\/\/faiktunay.com.tr\/en\/faik-tunay-iz-tvnin-canli-yayin-konugu-oldu\/","title":{"rendered":"Faik Tunay was the live broadcast guest of \u0130Z TV."},"content":{"rendered":"<p>Tunay, who visited \u0130Z TV as part of his visit to Izmir, was the live broadcast guest of the Politik&#039;iz program with \u00d6zg\u00fcr \u00c7o\u015fkun. After discussing the problems of Izmir and Turkey in the hour-long broadcast, Tunay shared his solution suggestions as the Democratic Party. Emphasizing the importance of Izmir for the center-right, Tunay said that their goal is to return the center-right to its old strong days.<\/p>","protected":false},"excerpt":{"rendered":"<p>Tunay, who visited \u0130Z TV as part of his visit to Izmir, was the live broadcast guest of the Politik&#039;iz program with \u00d6zg\u00fcr \u00c7o\u015fkun. After discussing the problems of Izmir and Turkey in the hour-long broadcast, Tunay shared his solution suggestions as the Democratic Party. Emphasizing the importance of Izmir for the center-right, Tunay said that their goal is to return the center-right to its old strong days.<\/p>","protected":false},"author":2,"featured_media":494,"comment_status":"closed","ping_status":"closed","sticky":false,"template":"","format":"standard","meta":{"footnotes":""},"categories":[16],"tags":[22],"class_list":["post-493","post","type-post","status-publish","format-standard","has-post-thumbnail","hentry","category-haberler","tag-faik-tunay"],"yoast_head":"<!-- This site is optimized with the Yoast SEO plugin v25.7 - https:\/\/yoast.com\/wordpress\/plugins\/seo\/ -->\n<title>Faik Tunay \u0130Z TV\u2019nin canl\u0131 yay\u0131n konu\u011fu oldu. - Faik Tunay<\/title>\n<meta name=\"robots\" content=\"index, follow, max-snippet:-1, max-image-preview:large, max-video-preview:-1\" \/>\n<link rel=\"canonical\" href=\"https:\/\/faiktunay.com.tr\/en\/faik-tunay-iz-tvnin-canli-yayin-konugu-oldu\/\" \/>\n<meta property=\"og:locale\" content=\"en_US\" \/>\n<meta property=\"og:type\" content=\"article\" \/>\n<meta property=\"og:title\" content=\"Faik Tunay \u0130Z TV\u2019nin canl\u0131 yay\u0131n konu\u011fu oldu. - Faik Tunay\" \/>\n<meta property=\"og:description\" content=\"\u0130zmir ziyaretleri kapsam\u0131nda \u0130Z TV\u2019yi ziyaret eden Tunay,\u00d6zg\u00fcr \u00c7o\u015fkun ile Politik\u2019iz\u00a0program\u0131na canl\u0131 yay\u0131n konu\u011fu oldu. Bir saat s\u00fcren yay\u0131nda \u0130zmir\u2019in ve T\u00fcrkiye\u2019nin sorunlar\u0131 konu\u015fulduktan sonra Tunay Demokrat Parti olarak \u00e7\u00f6z\u00fcm \u00f6nerilerini payla\u015ft\u0131. \u0130zmir\u2019in merkez sa\u011f i\u00e7in \u00f6nemini vurgulayan Tunay,hedeflerinin merkez sa\u011f\u0131 tekrar eski g\u00fc\u00e7l\u00fc g\u00fcnlerine d\u00f6nd\u00fcrmek oldu\u011funu s\u00f6yledi.\" \/>\n<meta property=\"og:url\" content=\"https:\/\/faiktunay.com.tr\/en\/faik-tunay-iz-tvnin-canli-yayin-konugu-oldu\/\" \/>\n<meta property=\"og:site_name\" content=\"Faik Tunay\" \/>\n<meta property=\"article:published_time\" content=\"2022-03-28T13:54:00+00:00\" \/>\n<meta property=\"article:modified_time\" content=\"2023-03-28T13:55:43+00:00\" \/>\n<meta property=\"og:image\" content=\"https:\/\/faiktunay.com.tr\/wp-content\/uploads\/2023\/03\/faiktunay_iz_tv.jpg\" \/>\n\t<meta property=\"og:image:width\" content=\"1080\" \/>\n\t<meta property=\"og:image:height\" content=\"720\" \/>\n\t<meta property=\"og:image:type\" content=\"image\/jpeg\" \/>\n<meta name=\"author\" content=\"enfal\" \/>\n<meta name=\"twitter:card\" content=\"summary_large_image\" \/>\n<meta name=\"twitter:label1\" content=\"Written by\" \/>\n\t<meta name=\"twitter:data1\" content=\"enfal\" \/>\n<script type=\"application\/ld+json\" class=\"yoast-schema-graph\">{\"@context\":\"https:\/\/schema.org\",\"@graph\":[{\"@type\":\"Article\",\"@id\":\"https:\/\/faiktunay.com.tr\/faik-tunay-iz-tvnin-canli-yayin-konugu-oldu\/#article\",\"isPartOf\":{\"@id\":\"https:\/\/faiktunay.com.tr\/faik-tunay-iz-tvnin-canli-yayin-konugu-oldu\/\"},\"author\":{\"name\":\"enfal\",\"@id\":\"https:\/\/faiktunay.com.tr\/#\/schema\/person\/2d3f8ee51067426e699447e0de4ee8cb\"},\"headline\":\"Faik Tunay \u0130Z TV\u2019nin canl\u0131 yay\u0131n konu\u011fu oldu.\",\"datePublished\":\"2022-03-28T13:54:00+00:00\",\"dateModified\":\"2023-03-28T13:55:43+00:00\",\"mainEntityOfPage\":{\"@id\":\"https:\/\/faiktunay.com.tr\/faik-tunay-iz-tvnin-canli-yayin-konugu-oldu\/\"},\"wordCount\":86,\"publisher\":{\"@id\":\"https:\/\/faiktunay.com.tr\/#\/schema\/person\/c49b0bc68a3e76483795a134219cf7cd\"},\"image\":{\"@id\":\"https:\/\/faiktunay.com.tr\/faik-tunay-iz-tvnin-canli-yayin-konugu-oldu\/#primaryimage\"},\"thumbnailUrl\":\"https:\/\/faiktunay.com.tr\/wp-content\/uploads\/2023\/03\/faiktunay_iz_tv.jpg\",\"keywords\":[\"Faik Tunay\"],\"articleSection\":[\"Haberler\"],\"inLanguage\":\"en-US\"},{\"@type\":\"WebPage\",\"@id\":\"https:\/\/faiktunay.com.tr\/faik-tunay-iz-tvnin-canli-yayin-konugu-oldu\/\",\"url\":\"https:\/\/faiktunay.com.tr\/faik-tunay-iz-tvnin-canli-yayin-konugu-oldu\/\",\"name\":\"Faik Tunay \u0130Z TV\u2019nin canl\u0131 yay\u0131n konu\u011fu oldu. - Faik Tunay\",\"isPartOf\":{\"@id\":\"https:\/\/faiktunay.com.tr\/#website\"},\"primaryImageOfPage\":{\"@id\":\"https:\/\/faiktunay.com.tr\/faik-tunay-iz-tvnin-canli-yayin-konugu-oldu\/#primaryimage\"},\"image\":{\"@id\":\"https:\/\/faiktunay.com.tr\/faik-tunay-iz-tvnin-canli-yayin-konugu-oldu\/#primaryimage\"},\"thumbnailUrl\":\"https:\/\/faiktunay.com.tr\/wp-content\/uploads\/2023\/03\/faiktunay_iz_tv.jpg\",\"datePublished\":\"2022-03-28T13:54:00+00:00\",\"dateModified\":\"2023-03-28T13:55:43+00:00\",\"breadcrumb\":{\"@id\":\"https:\/\/faiktunay.com.tr\/faik-tunay-iz-tvnin-canli-yayin-konugu-oldu\/#breadcrumb\"},\"inLanguage\":\"en-US\",\"potentialAction\":[{\"@type\":\"ReadAction\",\"target\":[\"https:\/\/faiktunay.com.tr\/faik-tunay-iz-tvnin-canli-yayin-konugu-oldu\/\"]}]},{\"@type\":\"ImageObject\",\"inLanguage\":\"en-US\",\"@id\":\"https:\/\/faiktunay.com.tr\/faik-tunay-iz-tvnin-canli-yayin-konugu-oldu\/#primaryimage\",\"url\":\"https:\/\/faiktunay.com.tr\/wp-content\/uploads\/2023\/03\/faiktunay_iz_tv.jpg\",\"contentUrl\":\"https:\/\/faiktunay.com.tr\/wp-content\/uploads\/2023\/03\/faiktunay_iz_tv.jpg\",\"width\":1080,\"height\":720},{\"@type\":\"BreadcrumbList\",\"@id\":\"https:\/\/faiktunay.com.tr\/faik-tunay-iz-tvnin-canli-yayin-konugu-oldu\/#breadcrumb\",\"itemListElement\":[{\"@type\":\"ListItem\",\"position\":1,\"name\":\"Anasayfa\",\"item\":\"https:\/\/faiktunay.com.tr\/\"},{\"@type\":\"ListItem\",\"position\":2,\"name\":\"Faik Tunay \u0130Z TV\u2019nin canl\u0131 yay\u0131n konu\u011fu oldu.\"}]},{\"@type\":\"WebSite\",\"@id\":\"https:\/\/faiktunay.com.tr\/#website\",\"url\":\"https:\/\/faiktunay.com.tr\/\",\"name\":\"Faik Tunay\",\"description\":\"\",\"publisher\":{\"@id\":\"https:\/\/faiktunay.com.tr\/#\/schema\/person\/c49b0bc68a3e76483795a134219cf7cd\"},\"potentialAction\":[{\"@type\":\"SearchAction\",\"target\":{\"@type\":\"EntryPoint\",\"urlTemplate\":\"https:\/\/faiktunay.com.tr\/?s={search_term_string}\"},\"query-input\":{\"@type\":\"PropertyValueSpecification\",\"valueRequired\":true,\"valueName\":\"search_term_string\"}}],\"inLanguage\":\"en-US\"},{\"@type\":[\"Person\",\"Organization\"],\"@id\":\"https:\/\/faiktunay.com.tr\/#\/schema\/person\/c49b0bc68a3e76483795a134219cf7cd\",\"name\":\"Faik Tunay\",\"logo\":{\"@id\":\"https:\/\/faiktunay.com.tr\/#\/schema\/person\/image\/\"},\"sameAs\":[\"https:\/\/faiktunay.com.tr\"]},{\"@type\":\"Person\",\"@id\":\"https:\/\/faiktunay.com.tr\/#\/schema\/person\/2d3f8ee51067426e699447e0de4ee8cb\",\"name\":\"enfal\",\"url\":\"https:\/\/faiktunay.com.tr\/en\/author\/enfal\/\"}]}<\/script>\n<!-- \/ Yoast SEO plugin. -->","yoast_head_json":{"title":"Faik Tunay \u0130Z TV\u2019nin canl\u0131 yay\u0131n konu\u011fu oldu. - Faik Tunay","robots":{"index":"index","follow":"follow","max-snippet":"max-snippet:-1","max-image-preview":"max-image-preview:large","max-video-preview":"max-video-preview:-1"},"canonical":"https:\/\/faiktunay.com.tr\/en\/faik-tunay-iz-tvnin-canli-yayin-konugu-oldu\/","og_locale":"en_US","og_type":"article","og_title":"Faik Tunay \u0130Z TV\u2019nin canl\u0131 yay\u0131n konu\u011fu oldu. - Faik Tunay","og_description":"\u0130zmir ziyaretleri kapsam\u0131nda \u0130Z TV\u2019yi ziyaret eden Tunay,\u00d6zg\u00fcr \u00c7o\u015fkun ile Politik\u2019iz\u00a0program\u0131na canl\u0131 yay\u0131n konu\u011fu oldu. Bir saat s\u00fcren yay\u0131nda \u0130zmir\u2019in ve T\u00fcrkiye\u2019nin sorunlar\u0131 konu\u015fulduktan sonra Tunay Demokrat Parti olarak \u00e7\u00f6z\u00fcm \u00f6nerilerini payla\u015ft\u0131. \u0130zmir\u2019in merkez sa\u011f i\u00e7in \u00f6nemini vurgulayan Tunay,hedeflerinin merkez sa\u011f\u0131 tekrar eski g\u00fc\u00e7l\u00fc g\u00fcnlerine d\u00f6nd\u00fcrmek oldu\u011funu s\u00f6yledi.","og_url":"https:\/\/faiktunay.com.tr\/en\/faik-tunay-iz-tvnin-canli-yayin-konugu-oldu\/","og_site_name":"Faik Tunay","article_published_time":"2022-03-28T13:54:00+00:00","article_modified_time":"2023-03-28T13:55:43+00:00","og_image":[{"width":1080,"height":720,"url":"https:\/\/faiktunay.com.tr\/wp-content\/uploads\/2023\/03\/faiktunay_iz_tv.jpg","type":"image\/jpeg"}],"author":"enfal","twitter_card":"summary_large_image","twitter_misc":{"Written by":"enfal"},"schema":{"@context":"https:\/\/schema.org","@graph":[{"@type":"Article","@id":"https:\/\/faiktunay.com.tr\/faik-tunay-iz-tvnin-canli-yayin-konugu-oldu\/#article","isPartOf":{"@id":"https:\/\/faiktunay.com.tr\/faik-tunay-iz-tvnin-canli-yayin-konugu-oldu\/"},"author":{"name":"enfal","@id":"https:\/\/faiktunay.com.tr\/#\/schema\/person\/2d3f8ee51067426e699447e0de4ee8cb"},"headline":"Faik Tunay \u0130Z TV\u2019nin canl\u0131 yay\u0131n konu\u011fu oldu.","datePublished":"2022-03-28T13:54:00+00:00","dateModified":"2023-03-28T13:55:43+00:00","mainEntityOfPage":{"@id":"https:\/\/faiktunay.com.tr\/faik-tunay-iz-tvnin-canli-yayin-konugu-oldu\/"},"wordCount":86,"publisher":{"@id":"https:\/\/faiktunay.com.tr\/#\/schema\/person\/c49b0bc68a3e76483795a134219cf7cd"},"image":{"@id":"https:\/\/faiktunay.com.tr\/faik-tunay-iz-tvnin-canli-yayin-konugu-oldu\/#primaryimage"},"thumbnailUrl":"https:\/\/faiktunay.com.tr\/wp-content\/uploads\/2023\/03\/faiktunay_iz_tv.jpg","keywords":["Faik Tunay"],"articleSection":["Haberler"],"inLanguage":"en-US"},{"@type":"WebPage","@id":"https:\/\/faiktunay.com.tr\/faik-tunay-iz-tvnin-canli-yayin-konugu-oldu\/","url":"https:\/\/faiktunay.com.tr\/faik-tunay-iz-tvnin-canli-yayin-konugu-oldu\/","name":"Faik Tunay \u0130Z TV\u2019nin canl\u0131 yay\u0131n konu\u011fu oldu. - Faik Tunay","isPartOf":{"@id":"https:\/\/faiktunay.com.tr\/#website"},"primaryImageOfPage":{"@id":"https:\/\/faiktunay.com.tr\/faik-tunay-iz-tvnin-canli-yayin-konugu-oldu\/#primaryimage"},"image":{"@id":"https:\/\/faiktunay.com.tr\/faik-tunay-iz-tvnin-canli-yayin-konugu-oldu\/#primaryimage"},"thumbnailUrl":"https:\/\/faiktunay.com.tr\/wp-content\/uploads\/2023\/03\/faiktunay_iz_tv.jpg","datePublished":"2022-03-28T13:54:00+00:00","dateModified":"2023-03-28T13:55:43+00:00","breadcrumb":{"@id":"https:\/\/faiktunay.com.tr\/faik-tunay-iz-tvnin-canli-yayin-konugu-oldu\/#breadcrumb"},"inLanguage":"en-US","potentialAction":[{"@type":"ReadAction","target":["https:\/\/faiktunay.com.tr\/faik-tunay-iz-tvnin-canli-yayin-konugu-oldu\/"]}]},{"@type":"ImageObject","inLanguage":"en-US","@id":"https:\/\/faiktunay.com.tr\/faik-tunay-iz-tvnin-canli-yayin-konugu-oldu\/#primaryimage","url":"https:\/\/faiktunay.com.tr\/wp-content\/uploads\/2023\/03\/faiktunay_iz_tv.jpg","contentUrl":"https:\/\/faiktunay.com.tr\/wp-content\/uploads\/2023\/03\/faiktunay_iz_tv.jpg","width":1080,"height":720},{"@type":"BreadcrumbList","@id":"https:\/\/faiktunay.com.tr\/faik-tunay-iz-tvnin-canli-yayin-konugu-oldu\/#breadcrumb","itemListElement":[{"@type":"ListItem","position":1,"name":"Anasayfa","item":"https:\/\/faiktunay.com.tr\/"},{"@type":"ListItem","position":2,"name":"Faik Tunay \u0130Z TV\u2019nin canl\u0131 yay\u0131n konu\u011fu oldu."}]},{"@type":"WebSite","@id":"https:\/\/faiktunay.com.tr\/#website","url":"https:\/\/faiktunay.com.tr\/","name":"Faik Tunay","description":"","publisher":{"@id":"https:\/\/faiktunay.com.tr\/#\/schema\/person\/c49b0bc68a3e76483795a134219cf7cd"},"potentialAction":[{"@type":"SearchAction","target":{"@type":"EntryPoint","urlTemplate":"https:\/\/faiktunay.com.tr\/?s={search_term_string}"},"query-input":{"@type":"PropertyValueSpecification","valueRequired":true,"valueName":"search_term_string"}}],"inLanguage":"en-US"},{"@type":["Person","Organization"],"@id":"https:\/\/faiktunay.com.tr\/#\/schema\/person\/c49b0bc68a3e76483795a134219cf7cd","name":"Faik Tunay","logo":{"@id":"https:\/\/faiktunay.com.tr\/#\/schema\/person\/image\/"},"sameAs":["https:\/\/faiktunay.com.tr"]},{"@type":"Person","@id":"https:\/\/faiktunay.com.tr\/#\/schema\/person\/2d3f8ee51067426e699447e0de4ee8cb","name":"anfal","url":"https:\/\/faiktunay.com.tr\/en\/author\/enfal\/"}]}},"_links":{"self":[{"href":"https:\/\/faiktunay.com.tr\/en\/wp-json\/wp\/v2\/posts\/493","targetHints":{"allow":["GET"]}}],"collection":[{"href":"https:\/\/faiktunay.com.tr\/en\/wp-json\/wp\/v2\/posts"}],"about":[{"href":"https:\/\/faiktunay.com.tr\/en\/wp-json\/wp\/v2\/types\/post"}],"author":[{"embeddable":true,"href":"https:\/\/faiktunay.com.tr\/en\/wp-json\/wp\/v2\/users\/2"}],"replies":[{"embeddable":true,"href":"https:\/\/faiktunay.com.tr\/en\/wp-json\/wp\/v2\/comments?post=493"}],"version-history":[{"count":0,"href":"https:\/\/faiktunay.com.tr\/en\/wp-json\/wp\/v2\/posts\/493\/revisions"}],"wp:featuredmedia":[{"embeddable":true,"href":"https:\/\/faiktunay.com.tr\/en\/wp-json\/wp\/v2\/media\/494"}],"wp:attachment":[{"href":"https:\/\/faiktunay.com.tr\/en\/wp-json\/wp\/v2\/media?parent=493"}],"wp:term":[{"taxonomy":"category","embeddable":true,"href":"https:\/\/faiktunay.com.tr\/en\/wp-json\/wp\/v2\/categories?post=493"},{"taxonomy":"post_tag","embeddable":true,"href":"https:\/\/faiktunay.com.tr\/en\/wp-json\/wp\/v2\/tags?post=493"}],"curies":[{"name":"wp","href":"https:\/\/api.w.org\/{rel}","templated":true}]}}