{"id":496,"date":"2022-03-28T13:55:00","date_gmt":"2022-03-28T13:55:00","guid":{"rendered":"https:\/\/faiktunay.com.tr\/?p=496"},"modified":"2023-03-28T13:57:00","modified_gmt":"2023-03-28T13:57:00","slug":"faik-tunay-izmir-tabip-odasini-ziyaret-etti","status":"publish","type":"post","link":"https:\/\/faiktunay.com.tr\/en\/faik-tunay-izmir-tabip-odasini-ziyaret-etti\/","title":{"rendered":"Faik Tunay Visited Izmir Medical Chamber"},"content":{"rendered":"<p>Democratic Party Deputy Chairman Faik Tunay visited Izmir Medical Chamber President S\u00fcleyman Kaynak as part of his visit to Izmir. Tunay, who received information about the health sector, stated that this was the most productive visit he had recently and that he had the opportunity to learn many unknown things about the health system.<\/p>","protected":false},"excerpt":{"rendered":"<p>Democratic Party Deputy Chairman Faik Tunay visited Izmir Medical Chamber President S\u00fcleyman Kaynak as part of his visit to Izmir. Tunay, who received information about the health sector, stated that this was the most productive visit he had recently and that he had the opportunity to learn many unknown things about the health system.<\/p>","protected":false},"author":2,"featured_media":497,"comment_status":"closed","ping_status":"closed","sticky":false,"template":"","format":"standard","meta":{"footnotes":""},"categories":[16],"tags":[22],"class_list":["post-496","post","type-post","status-publish","format-standard","has-post-thumbnail","hentry","category-haberler","tag-faik-tunay"],"yoast_head":"<!-- This site is optimized with the Yoast SEO plugin v25.7 - https:\/\/yoast.com\/wordpress\/plugins\/seo\/ -->\n<title>Faik Tunay, \u0130zmir Tabip Odas\u0131n\u0131 Ziyaret Etti - Faik Tunay<\/title>\n<meta name=\"robots\" content=\"index, follow, max-snippet:-1, max-image-preview:large, max-video-preview:-1\" \/>\n<link rel=\"canonical\" href=\"https:\/\/faiktunay.com.tr\/en\/faik-tunay-izmir-tabip-odasini-ziyaret-etti\/\" \/>\n<meta property=\"og:locale\" content=\"en_US\" \/>\n<meta property=\"og:type\" content=\"article\" \/>\n<meta property=\"og:title\" content=\"Faik Tunay, \u0130zmir Tabip Odas\u0131n\u0131 Ziyaret Etti - Faik Tunay\" \/>\n<meta property=\"og:description\" content=\"Demokrat Parti Genel Ba\u015fkan Yard\u0131mc\u0131s\u0131 Faik Tunay \u0130zmir ziyaretleri kapsam\u0131nda\u00a0 \u0130zmir Tabip Odas\u0131 Ba\u015fkan\u0131 S\u00fcleyman Kaynak\u2019\u0131\u00a0ziyaret etti. Sa\u011fl\u0131k sekt\u00f6r\u00fcne dair bilgileri alan Tunay,son zamanlarda yapt\u0131\u011f\u0131 en verimli ziyaretin bu oldu\u011funu,sa\u011fl\u0131k sistemi ile ilgili bilinmeyen bir\u00e7ok \u015feyi \u00f6\u011frenme imkan\u0131 oldu\u011funu belirtti.\" \/>\n<meta property=\"og:url\" content=\"https:\/\/faiktunay.com.tr\/en\/faik-tunay-izmir-tabip-odasini-ziyaret-etti\/\" \/>\n<meta property=\"og:site_name\" content=\"Faik Tunay\" \/>\n<meta property=\"article:published_time\" content=\"2022-03-28T13:55:00+00:00\" \/>\n<meta property=\"article:modified_time\" content=\"2023-03-28T13:57:00+00:00\" \/>\n<meta property=\"og:image\" content=\"https:\/\/faiktunay.com.tr\/wp-content\/uploads\/2023\/03\/faik_tunay_izmir_tabip.jpg\" \/>\n\t<meta property=\"og:image:width\" content=\"1080\" \/>\n\t<meta property=\"og:image:height\" content=\"720\" \/>\n\t<meta property=\"og:image:type\" content=\"image\/jpeg\" \/>\n<meta name=\"author\" content=\"enfal\" \/>\n<meta name=\"twitter:card\" content=\"summary_large_image\" \/>\n<meta name=\"twitter:label1\" content=\"Written by\" \/>\n\t<meta name=\"twitter:data1\" content=\"enfal\" \/>\n<script type=\"application\/ld+json\" class=\"yoast-schema-graph\">{\"@context\":\"https:\/\/schema.org\",\"@graph\":[{\"@type\":\"Article\",\"@id\":\"https:\/\/faiktunay.com.tr\/faik-tunay-izmir-tabip-odasini-ziyaret-etti\/#article\",\"isPartOf\":{\"@id\":\"https:\/\/faiktunay.com.tr\/faik-tunay-izmir-tabip-odasini-ziyaret-etti\/\"},\"author\":{\"name\":\"enfal\",\"@id\":\"https:\/\/faiktunay.com.tr\/#\/schema\/person\/2d3f8ee51067426e699447e0de4ee8cb\"},\"headline\":\"Faik Tunay, \u0130zmir Tabip Odas\u0131n\u0131 Ziyaret Etti\",\"datePublished\":\"2022-03-28T13:55:00+00:00\",\"dateModified\":\"2023-03-28T13:57:00+00:00\",\"mainEntityOfPage\":{\"@id\":\"https:\/\/faiktunay.com.tr\/faik-tunay-izmir-tabip-odasini-ziyaret-etti\/\"},\"wordCount\":66,\"publisher\":{\"@id\":\"https:\/\/faiktunay.com.tr\/#\/schema\/person\/c49b0bc68a3e76483795a134219cf7cd\"},\"image\":{\"@id\":\"https:\/\/faiktunay.com.tr\/faik-tunay-izmir-tabip-odasini-ziyaret-etti\/#primaryimage\"},\"thumbnailUrl\":\"https:\/\/faiktunay.com.tr\/wp-content\/uploads\/2023\/03\/faik_tunay_izmir_tabip.jpg\",\"keywords\":[\"Faik Tunay\"],\"articleSection\":[\"Haberler\"],\"inLanguage\":\"en-US\"},{\"@type\":\"WebPage\",\"@id\":\"https:\/\/faiktunay.com.tr\/faik-tunay-izmir-tabip-odasini-ziyaret-etti\/\",\"url\":\"https:\/\/faiktunay.com.tr\/faik-tunay-izmir-tabip-odasini-ziyaret-etti\/\",\"name\":\"Faik Tunay, \u0130zmir Tabip Odas\u0131n\u0131 Ziyaret Etti - Faik Tunay\",\"isPartOf\":{\"@id\":\"https:\/\/faiktunay.com.tr\/#website\"},\"primaryImageOfPage\":{\"@id\":\"https:\/\/faiktunay.com.tr\/faik-tunay-izmir-tabip-odasini-ziyaret-etti\/#primaryimage\"},\"image\":{\"@id\":\"https:\/\/faiktunay.com.tr\/faik-tunay-izmir-tabip-odasini-ziyaret-etti\/#primaryimage\"},\"thumbnailUrl\":\"https:\/\/faiktunay.com.tr\/wp-content\/uploads\/2023\/03\/faik_tunay_izmir_tabip.jpg\",\"datePublished\":\"2022-03-28T13:55:00+00:00\",\"dateModified\":\"2023-03-28T13:57:00+00:00\",\"breadcrumb\":{\"@id\":\"https:\/\/faiktunay.com.tr\/faik-tunay-izmir-tabip-odasini-ziyaret-etti\/#breadcrumb\"},\"inLanguage\":\"en-US\",\"potentialAction\":[{\"@type\":\"ReadAction\",\"target\":[\"https:\/\/faiktunay.com.tr\/faik-tunay-izmir-tabip-odasini-ziyaret-etti\/\"]}]},{\"@type\":\"ImageObject\",\"inLanguage\":\"en-US\",\"@id\":\"https:\/\/faiktunay.com.tr\/faik-tunay-izmir-tabip-odasini-ziyaret-etti\/#primaryimage\",\"url\":\"https:\/\/faiktunay.com.tr\/wp-content\/uploads\/2023\/03\/faik_tunay_izmir_tabip.jpg\",\"contentUrl\":\"https:\/\/faiktunay.com.tr\/wp-content\/uploads\/2023\/03\/faik_tunay_izmir_tabip.jpg\",\"width\":1080,\"height\":720},{\"@type\":\"BreadcrumbList\",\"@id\":\"https:\/\/faiktunay.com.tr\/faik-tunay-izmir-tabip-odasini-ziyaret-etti\/#breadcrumb\",\"itemListElement\":[{\"@type\":\"ListItem\",\"position\":1,\"name\":\"Anasayfa\",\"item\":\"https:\/\/faiktunay.com.tr\/\"},{\"@type\":\"ListItem\",\"position\":2,\"name\":\"Faik Tunay, \u0130zmir Tabip Odas\u0131n\u0131 Ziyaret Etti\"}]},{\"@type\":\"WebSite\",\"@id\":\"https:\/\/faiktunay.com.tr\/#website\",\"url\":\"https:\/\/faiktunay.com.tr\/\",\"name\":\"Faik Tunay\",\"description\":\"\",\"publisher\":{\"@id\":\"https:\/\/faiktunay.com.tr\/#\/schema\/person\/c49b0bc68a3e76483795a134219cf7cd\"},\"potentialAction\":[{\"@type\":\"SearchAction\",\"target\":{\"@type\":\"EntryPoint\",\"urlTemplate\":\"https:\/\/faiktunay.com.tr\/?s={search_term_string}\"},\"query-input\":{\"@type\":\"PropertyValueSpecification\",\"valueRequired\":true,\"valueName\":\"search_term_string\"}}],\"inLanguage\":\"en-US\"},{\"@type\":[\"Person\",\"Organization\"],\"@id\":\"https:\/\/faiktunay.com.tr\/#\/schema\/person\/c49b0bc68a3e76483795a134219cf7cd\",\"name\":\"Faik Tunay\",\"logo\":{\"@id\":\"https:\/\/faiktunay.com.tr\/#\/schema\/person\/image\/\"},\"sameAs\":[\"https:\/\/faiktunay.com.tr\"]},{\"@type\":\"Person\",\"@id\":\"https:\/\/faiktunay.com.tr\/#\/schema\/person\/2d3f8ee51067426e699447e0de4ee8cb\",\"name\":\"enfal\",\"url\":\"https:\/\/faiktunay.com.tr\/en\/author\/enfal\/\"}]}<\/script>\n<!-- \/ Yoast SEO plugin. -->","yoast_head_json":{"title":"Faik Tunay, \u0130zmir Tabip Odas\u0131n\u0131 Ziyaret Etti - Faik Tunay","robots":{"index":"index","follow":"follow","max-snippet":"max-snippet:-1","max-image-preview":"max-image-preview:large","max-video-preview":"max-video-preview:-1"},"canonical":"https:\/\/faiktunay.com.tr\/en\/faik-tunay-izmir-tabip-odasini-ziyaret-etti\/","og_locale":"en_US","og_type":"article","og_title":"Faik Tunay, \u0130zmir Tabip Odas\u0131n\u0131 Ziyaret Etti - Faik Tunay","og_description":"Demokrat Parti Genel Ba\u015fkan Yard\u0131mc\u0131s\u0131 Faik Tunay \u0130zmir ziyaretleri kapsam\u0131nda\u00a0 \u0130zmir Tabip Odas\u0131 Ba\u015fkan\u0131 S\u00fcleyman Kaynak\u2019\u0131\u00a0ziyaret etti. Sa\u011fl\u0131k sekt\u00f6r\u00fcne dair bilgileri alan Tunay,son zamanlarda yapt\u0131\u011f\u0131 en verimli ziyaretin bu oldu\u011funu,sa\u011fl\u0131k sistemi ile ilgili bilinmeyen bir\u00e7ok \u015feyi \u00f6\u011frenme imkan\u0131 oldu\u011funu belirtti.","og_url":"https:\/\/faiktunay.com.tr\/en\/faik-tunay-izmir-tabip-odasini-ziyaret-etti\/","og_site_name":"Faik Tunay","article_published_time":"2022-03-28T13:55:00+00:00","article_modified_time":"2023-03-28T13:57:00+00:00","og_image":[{"width":1080,"height":720,"url":"https:\/\/faiktunay.com.tr\/wp-content\/uploads\/2023\/03\/faik_tunay_izmir_tabip.jpg","type":"image\/jpeg"}],"author":"enfal","twitter_card":"summary_large_image","twitter_misc":{"Written by":"enfal"},"schema":{"@context":"https:\/\/schema.org","@graph":[{"@type":"Article","@id":"https:\/\/faiktunay.com.tr\/faik-tunay-izmir-tabip-odasini-ziyaret-etti\/#article","isPartOf":{"@id":"https:\/\/faiktunay.com.tr\/faik-tunay-izmir-tabip-odasini-ziyaret-etti\/"},"author":{"name":"enfal","@id":"https:\/\/faiktunay.com.tr\/#\/schema\/person\/2d3f8ee51067426e699447e0de4ee8cb"},"headline":"Faik Tunay, \u0130zmir Tabip Odas\u0131n\u0131 Ziyaret Etti","datePublished":"2022-03-28T13:55:00+00:00","dateModified":"2023-03-28T13:57:00+00:00","mainEntityOfPage":{"@id":"https:\/\/faiktunay.com.tr\/faik-tunay-izmir-tabip-odasini-ziyaret-etti\/"},"wordCount":66,"publisher":{"@id":"https:\/\/faiktunay.com.tr\/#\/schema\/person\/c49b0bc68a3e76483795a134219cf7cd"},"image":{"@id":"https:\/\/faiktunay.com.tr\/faik-tunay-izmir-tabip-odasini-ziyaret-etti\/#primaryimage"},"thumbnailUrl":"https:\/\/faiktunay.com.tr\/wp-content\/uploads\/2023\/03\/faik_tunay_izmir_tabip.jpg","keywords":["Faik Tunay"],"articleSection":["Haberler"],"inLanguage":"en-US"},{"@type":"WebPage","@id":"https:\/\/faiktunay.com.tr\/faik-tunay-izmir-tabip-odasini-ziyaret-etti\/","url":"https:\/\/faiktunay.com.tr\/faik-tunay-izmir-tabip-odasini-ziyaret-etti\/","name":"Faik Tunay, \u0130zmir Tabip Odas\u0131n\u0131 Ziyaret Etti - Faik Tunay","isPartOf":{"@id":"https:\/\/faiktunay.com.tr\/#website"},"primaryImageOfPage":{"@id":"https:\/\/faiktunay.com.tr\/faik-tunay-izmir-tabip-odasini-ziyaret-etti\/#primaryimage"},"image":{"@id":"https:\/\/faiktunay.com.tr\/faik-tunay-izmir-tabip-odasini-ziyaret-etti\/#primaryimage"},"thumbnailUrl":"https:\/\/faiktunay.com.tr\/wp-content\/uploads\/2023\/03\/faik_tunay_izmir_tabip.jpg","datePublished":"2022-03-28T13:55:00+00:00","dateModified":"2023-03-28T13:57:00+00:00","breadcrumb":{"@id":"https:\/\/faiktunay.com.tr\/faik-tunay-izmir-tabip-odasini-ziyaret-etti\/#breadcrumb"},"inLanguage":"en-US","potentialAction":[{"@type":"ReadAction","target":["https:\/\/faiktunay.com.tr\/faik-tunay-izmir-tabip-odasini-ziyaret-etti\/"]}]},{"@type":"ImageObject","inLanguage":"en-US","@id":"https:\/\/faiktunay.com.tr\/faik-tunay-izmir-tabip-odasini-ziyaret-etti\/#primaryimage","url":"https:\/\/faiktunay.com.tr\/wp-content\/uploads\/2023\/03\/faik_tunay_izmir_tabip.jpg","contentUrl":"https:\/\/faiktunay.com.tr\/wp-content\/uploads\/2023\/03\/faik_tunay_izmir_tabip.jpg","width":1080,"height":720},{"@type":"BreadcrumbList","@id":"https:\/\/faiktunay.com.tr\/faik-tunay-izmir-tabip-odasini-ziyaret-etti\/#breadcrumb","itemListElement":[{"@type":"ListItem","position":1,"name":"Anasayfa","item":"https:\/\/faiktunay.com.tr\/"},{"@type":"ListItem","position":2,"name":"Faik Tunay, \u0130zmir Tabip Odas\u0131n\u0131 Ziyaret Etti"}]},{"@type":"WebSite","@id":"https:\/\/faiktunay.com.tr\/#website","url":"https:\/\/faiktunay.com.tr\/","name":"Faik Tunay","description":"","publisher":{"@id":"https:\/\/faiktunay.com.tr\/#\/schema\/person\/c49b0bc68a3e76483795a134219cf7cd"},"potentialAction":[{"@type":"SearchAction","target":{"@type":"EntryPoint","urlTemplate":"https:\/\/faiktunay.com.tr\/?s={search_term_string}"},"query-input":{"@type":"PropertyValueSpecification","valueRequired":true,"valueName":"search_term_string"}}],"inLanguage":"en-US"},{"@type":["Person","Organization"],"@id":"https:\/\/faiktunay.com.tr\/#\/schema\/person\/c49b0bc68a3e76483795a134219cf7cd","name":"Faik Tunay","logo":{"@id":"https:\/\/faiktunay.com.tr\/#\/schema\/person\/image\/"},"sameAs":["https:\/\/faiktunay.com.tr"]},{"@type":"Person","@id":"https:\/\/faiktunay.com.tr\/#\/schema\/person\/2d3f8ee51067426e699447e0de4ee8cb","name":"anfal","url":"https:\/\/faiktunay.com.tr\/en\/author\/enfal\/"}]}},"_links":{"self":[{"href":"https:\/\/faiktunay.com.tr\/en\/wp-json\/wp\/v2\/posts\/496","targetHints":{"allow":["GET"]}}],"collection":[{"href":"https:\/\/faiktunay.com.tr\/en\/wp-json\/wp\/v2\/posts"}],"about":[{"href":"https:\/\/faiktunay.com.tr\/en\/wp-json\/wp\/v2\/types\/post"}],"author":[{"embeddable":true,"href":"https:\/\/faiktunay.com.tr\/en\/wp-json\/wp\/v2\/users\/2"}],"replies":[{"embeddable":true,"href":"https:\/\/faiktunay.com.tr\/en\/wp-json\/wp\/v2\/comments?post=496"}],"version-history":[{"count":0,"href":"https:\/\/faiktunay.com.tr\/en\/wp-json\/wp\/v2\/posts\/496\/revisions"}],"wp:featuredmedia":[{"embeddable":true,"href":"https:\/\/faiktunay.com.tr\/en\/wp-json\/wp\/v2\/media\/497"}],"wp:attachment":[{"href":"https:\/\/faiktunay.com.tr\/en\/wp-json\/wp\/v2\/media?parent=496"}],"wp:term":[{"taxonomy":"category","embeddable":true,"href":"https:\/\/faiktunay.com.tr\/en\/wp-json\/wp\/v2\/categories?post=496"},{"taxonomy":"post_tag","embeddable":true,"href":"https:\/\/faiktunay.com.tr\/en\/wp-json\/wp\/v2\/tags?post=496"}],"curies":[{"name":"wp","href":"https:\/\/api.w.org\/{rel}","templated":true}]}}