{"id":502,"date":"2022-03-28T13:58:00","date_gmt":"2022-03-28T13:58:00","guid":{"rendered":"https:\/\/faiktunay.com.tr\/?p=502"},"modified":"2023-03-28T13:59:17","modified_gmt":"2023-03-28T13:59:17","slug":"faik-tunay-demokrat-parti-mugla-il-teskilati-ile-biraraya-geldi","status":"publish","type":"post","link":"https:\/\/faiktunay.com.tr\/en\/faik-tunay-demokrat-parti-mugla-il-teskilati-ile-biraraya-geldi\/","title":{"rendered":"Faik Tunay met with the Democratic Party Mu\u011fla provincial organization"},"content":{"rendered":"<p>Tunay, who came together with the Mu\u011fla provincial organization within the scope of his visits to Mu\u011fla province, chatted with the members at the dinner meeting. After the dinner meeting where internal party issues were discussed, Tunay Mu\u011fla gave an interview to the local press.<\/p>","protected":false},"excerpt":{"rendered":"<p>Tunay, who came together with the Mu\u011fla provincial organization within the scope of his visits to Mu\u011fla province, chatted with the members at the dinner meeting. After the dinner meeting where internal party issues were discussed, Tunay Mu\u011fla gave an interview to the local press.<\/p>","protected":false},"author":2,"featured_media":503,"comment_status":"closed","ping_status":"closed","sticky":false,"template":"","format":"standard","meta":{"footnotes":""},"categories":[16],"tags":[22],"class_list":["post-502","post","type-post","status-publish","format-standard","has-post-thumbnail","hentry","category-haberler","tag-faik-tunay"],"yoast_head":"<!-- This site is optimized with the Yoast SEO plugin v25.7 - https:\/\/yoast.com\/wordpress\/plugins\/seo\/ -->\n<title>Faik Tunay Demokrat Parti Mu\u011fla il te\u015fkilat\u0131 ile biraraya geldi - Faik Tunay<\/title>\n<meta name=\"robots\" content=\"index, follow, max-snippet:-1, max-image-preview:large, max-video-preview:-1\" \/>\n<link rel=\"canonical\" href=\"https:\/\/faiktunay.com.tr\/en\/faik-tunay-demokrat-parti-mugla-il-teskilati-ile-biraraya-geldi\/\" \/>\n<meta property=\"og:locale\" content=\"en_US\" \/>\n<meta property=\"og:type\" content=\"article\" \/>\n<meta property=\"og:title\" content=\"Faik Tunay Demokrat Parti Mu\u011fla il te\u015fkilat\u0131 ile biraraya geldi - Faik Tunay\" \/>\n<meta property=\"og:description\" content=\"Mu\u011fla ili ziyaretleri kapsam\u0131nda Mu\u011fla il te\u015fkilat\u0131 ile biraraya gelen Tunay yemekli toplant\u0131da \u00fcyelerle sohbet etti. Parti i\u00e7i konular\u0131n g\u00f6r\u00fc\u015f\u00fcld\u00fc\u011f\u00fc yemekli toplant\u0131dan sonra ,Tunay Mu\u011fla yerel bas\u0131n\u0131na r\u00f6portaj verdi\" \/>\n<meta property=\"og:url\" content=\"https:\/\/faiktunay.com.tr\/en\/faik-tunay-demokrat-parti-mugla-il-teskilati-ile-biraraya-geldi\/\" \/>\n<meta property=\"og:site_name\" content=\"Faik Tunay\" \/>\n<meta property=\"article:published_time\" content=\"2022-03-28T13:58:00+00:00\" \/>\n<meta property=\"article:modified_time\" content=\"2023-03-28T13:59:17+00:00\" \/>\n<meta property=\"og:image\" content=\"https:\/\/faiktunay.com.tr\/wp-content\/uploads\/2023\/03\/faik_tunay_mugla_2.jpg\" \/>\n\t<meta property=\"og:image:width\" content=\"1080\" \/>\n\t<meta property=\"og:image:height\" content=\"720\" \/>\n\t<meta property=\"og:image:type\" content=\"image\/jpeg\" \/>\n<meta name=\"author\" content=\"enfal\" \/>\n<meta name=\"twitter:card\" content=\"summary_large_image\" \/>\n<meta name=\"twitter:label1\" content=\"Written by\" \/>\n\t<meta name=\"twitter:data1\" content=\"enfal\" \/>\n<script type=\"application\/ld+json\" class=\"yoast-schema-graph\">{\"@context\":\"https:\/\/schema.org\",\"@graph\":[{\"@type\":\"Article\",\"@id\":\"https:\/\/faiktunay.com.tr\/faik-tunay-demokrat-parti-mugla-il-teskilati-ile-biraraya-geldi\/#article\",\"isPartOf\":{\"@id\":\"https:\/\/faiktunay.com.tr\/faik-tunay-demokrat-parti-mugla-il-teskilati-ile-biraraya-geldi\/\"},\"author\":{\"name\":\"enfal\",\"@id\":\"https:\/\/faiktunay.com.tr\/#\/schema\/person\/2d3f8ee51067426e699447e0de4ee8cb\"},\"headline\":\"Faik Tunay Demokrat Parti Mu\u011fla il te\u015fkilat\u0131 ile biraraya geldi\",\"datePublished\":\"2022-03-28T13:58:00+00:00\",\"dateModified\":\"2023-03-28T13:59:17+00:00\",\"mainEntityOfPage\":{\"@id\":\"https:\/\/faiktunay.com.tr\/faik-tunay-demokrat-parti-mugla-il-teskilati-ile-biraraya-geldi\/\"},\"wordCount\":55,\"publisher\":{\"@id\":\"https:\/\/faiktunay.com.tr\/#\/schema\/person\/c49b0bc68a3e76483795a134219cf7cd\"},\"image\":{\"@id\":\"https:\/\/faiktunay.com.tr\/faik-tunay-demokrat-parti-mugla-il-teskilati-ile-biraraya-geldi\/#primaryimage\"},\"thumbnailUrl\":\"https:\/\/faiktunay.com.tr\/wp-content\/uploads\/2023\/03\/faik_tunay_mugla_2.jpg\",\"keywords\":[\"Faik Tunay\"],\"articleSection\":[\"Haberler\"],\"inLanguage\":\"en-US\"},{\"@type\":\"WebPage\",\"@id\":\"https:\/\/faiktunay.com.tr\/faik-tunay-demokrat-parti-mugla-il-teskilati-ile-biraraya-geldi\/\",\"url\":\"https:\/\/faiktunay.com.tr\/faik-tunay-demokrat-parti-mugla-il-teskilati-ile-biraraya-geldi\/\",\"name\":\"Faik Tunay Demokrat Parti Mu\u011fla il te\u015fkilat\u0131 ile biraraya geldi - Faik Tunay\",\"isPartOf\":{\"@id\":\"https:\/\/faiktunay.com.tr\/#website\"},\"primaryImageOfPage\":{\"@id\":\"https:\/\/faiktunay.com.tr\/faik-tunay-demokrat-parti-mugla-il-teskilati-ile-biraraya-geldi\/#primaryimage\"},\"image\":{\"@id\":\"https:\/\/faiktunay.com.tr\/faik-tunay-demokrat-parti-mugla-il-teskilati-ile-biraraya-geldi\/#primaryimage\"},\"thumbnailUrl\":\"https:\/\/faiktunay.com.tr\/wp-content\/uploads\/2023\/03\/faik_tunay_mugla_2.jpg\",\"datePublished\":\"2022-03-28T13:58:00+00:00\",\"dateModified\":\"2023-03-28T13:59:17+00:00\",\"breadcrumb\":{\"@id\":\"https:\/\/faiktunay.com.tr\/faik-tunay-demokrat-parti-mugla-il-teskilati-ile-biraraya-geldi\/#breadcrumb\"},\"inLanguage\":\"en-US\",\"potentialAction\":[{\"@type\":\"ReadAction\",\"target\":[\"https:\/\/faiktunay.com.tr\/faik-tunay-demokrat-parti-mugla-il-teskilati-ile-biraraya-geldi\/\"]}]},{\"@type\":\"ImageObject\",\"inLanguage\":\"en-US\",\"@id\":\"https:\/\/faiktunay.com.tr\/faik-tunay-demokrat-parti-mugla-il-teskilati-ile-biraraya-geldi\/#primaryimage\",\"url\":\"https:\/\/faiktunay.com.tr\/wp-content\/uploads\/2023\/03\/faik_tunay_mugla_2.jpg\",\"contentUrl\":\"https:\/\/faiktunay.com.tr\/wp-content\/uploads\/2023\/03\/faik_tunay_mugla_2.jpg\",\"width\":1080,\"height\":720},{\"@type\":\"BreadcrumbList\",\"@id\":\"https:\/\/faiktunay.com.tr\/faik-tunay-demokrat-parti-mugla-il-teskilati-ile-biraraya-geldi\/#breadcrumb\",\"itemListElement\":[{\"@type\":\"ListItem\",\"position\":1,\"name\":\"Anasayfa\",\"item\":\"https:\/\/faiktunay.com.tr\/\"},{\"@type\":\"ListItem\",\"position\":2,\"name\":\"Faik Tunay Demokrat Parti Mu\u011fla il te\u015fkilat\u0131 ile biraraya geldi\"}]},{\"@type\":\"WebSite\",\"@id\":\"https:\/\/faiktunay.com.tr\/#website\",\"url\":\"https:\/\/faiktunay.com.tr\/\",\"name\":\"Faik Tunay\",\"description\":\"\",\"publisher\":{\"@id\":\"https:\/\/faiktunay.com.tr\/#\/schema\/person\/c49b0bc68a3e76483795a134219cf7cd\"},\"potentialAction\":[{\"@type\":\"SearchAction\",\"target\":{\"@type\":\"EntryPoint\",\"urlTemplate\":\"https:\/\/faiktunay.com.tr\/?s={search_term_string}\"},\"query-input\":{\"@type\":\"PropertyValueSpecification\",\"valueRequired\":true,\"valueName\":\"search_term_string\"}}],\"inLanguage\":\"en-US\"},{\"@type\":[\"Person\",\"Organization\"],\"@id\":\"https:\/\/faiktunay.com.tr\/#\/schema\/person\/c49b0bc68a3e76483795a134219cf7cd\",\"name\":\"Faik Tunay\",\"logo\":{\"@id\":\"https:\/\/faiktunay.com.tr\/#\/schema\/person\/image\/\"},\"sameAs\":[\"https:\/\/faiktunay.com.tr\"]},{\"@type\":\"Person\",\"@id\":\"https:\/\/faiktunay.com.tr\/#\/schema\/person\/2d3f8ee51067426e699447e0de4ee8cb\",\"name\":\"enfal\",\"url\":\"https:\/\/faiktunay.com.tr\/en\/author\/enfal\/\"}]}<\/script>\n<!-- \/ Yoast SEO plugin. -->","yoast_head_json":{"title":"Faik Tunay Demokrat Parti Mu\u011fla il te\u015fkilat\u0131 ile biraraya geldi - Faik Tunay","robots":{"index":"index","follow":"follow","max-snippet":"max-snippet:-1","max-image-preview":"max-image-preview:large","max-video-preview":"max-video-preview:-1"},"canonical":"https:\/\/faiktunay.com.tr\/en\/faik-tunay-demokrat-parti-mugla-il-teskilati-ile-biraraya-geldi\/","og_locale":"en_US","og_type":"article","og_title":"Faik Tunay Demokrat Parti Mu\u011fla il te\u015fkilat\u0131 ile biraraya geldi - Faik Tunay","og_description":"Mu\u011fla ili ziyaretleri kapsam\u0131nda Mu\u011fla il te\u015fkilat\u0131 ile biraraya gelen Tunay yemekli toplant\u0131da \u00fcyelerle sohbet etti. Parti i\u00e7i konular\u0131n g\u00f6r\u00fc\u015f\u00fcld\u00fc\u011f\u00fc yemekli toplant\u0131dan sonra ,Tunay Mu\u011fla yerel bas\u0131n\u0131na r\u00f6portaj verdi","og_url":"https:\/\/faiktunay.com.tr\/en\/faik-tunay-demokrat-parti-mugla-il-teskilati-ile-biraraya-geldi\/","og_site_name":"Faik Tunay","article_published_time":"2022-03-28T13:58:00+00:00","article_modified_time":"2023-03-28T13:59:17+00:00","og_image":[{"width":1080,"height":720,"url":"https:\/\/faiktunay.com.tr\/wp-content\/uploads\/2023\/03\/faik_tunay_mugla_2.jpg","type":"image\/jpeg"}],"author":"enfal","twitter_card":"summary_large_image","twitter_misc":{"Written by":"enfal"},"schema":{"@context":"https:\/\/schema.org","@graph":[{"@type":"Article","@id":"https:\/\/faiktunay.com.tr\/faik-tunay-demokrat-parti-mugla-il-teskilati-ile-biraraya-geldi\/#article","isPartOf":{"@id":"https:\/\/faiktunay.com.tr\/faik-tunay-demokrat-parti-mugla-il-teskilati-ile-biraraya-geldi\/"},"author":{"name":"enfal","@id":"https:\/\/faiktunay.com.tr\/#\/schema\/person\/2d3f8ee51067426e699447e0de4ee8cb"},"headline":"Faik Tunay Demokrat Parti Mu\u011fla il te\u015fkilat\u0131 ile biraraya geldi","datePublished":"2022-03-28T13:58:00+00:00","dateModified":"2023-03-28T13:59:17+00:00","mainEntityOfPage":{"@id":"https:\/\/faiktunay.com.tr\/faik-tunay-demokrat-parti-mugla-il-teskilati-ile-biraraya-geldi\/"},"wordCount":55,"publisher":{"@id":"https:\/\/faiktunay.com.tr\/#\/schema\/person\/c49b0bc68a3e76483795a134219cf7cd"},"image":{"@id":"https:\/\/faiktunay.com.tr\/faik-tunay-demokrat-parti-mugla-il-teskilati-ile-biraraya-geldi\/#primaryimage"},"thumbnailUrl":"https:\/\/faiktunay.com.tr\/wp-content\/uploads\/2023\/03\/faik_tunay_mugla_2.jpg","keywords":["Faik Tunay"],"articleSection":["Haberler"],"inLanguage":"en-US"},{"@type":"WebPage","@id":"https:\/\/faiktunay.com.tr\/faik-tunay-demokrat-parti-mugla-il-teskilati-ile-biraraya-geldi\/","url":"https:\/\/faiktunay.com.tr\/faik-tunay-demokrat-parti-mugla-il-teskilati-ile-biraraya-geldi\/","name":"Faik Tunay Demokrat Parti Mu\u011fla il te\u015fkilat\u0131 ile biraraya geldi - Faik Tunay","isPartOf":{"@id":"https:\/\/faiktunay.com.tr\/#website"},"primaryImageOfPage":{"@id":"https:\/\/faiktunay.com.tr\/faik-tunay-demokrat-parti-mugla-il-teskilati-ile-biraraya-geldi\/#primaryimage"},"image":{"@id":"https:\/\/faiktunay.com.tr\/faik-tunay-demokrat-parti-mugla-il-teskilati-ile-biraraya-geldi\/#primaryimage"},"thumbnailUrl":"https:\/\/faiktunay.com.tr\/wp-content\/uploads\/2023\/03\/faik_tunay_mugla_2.jpg","datePublished":"2022-03-28T13:58:00+00:00","dateModified":"2023-03-28T13:59:17+00:00","breadcrumb":{"@id":"https:\/\/faiktunay.com.tr\/faik-tunay-demokrat-parti-mugla-il-teskilati-ile-biraraya-geldi\/#breadcrumb"},"inLanguage":"en-US","potentialAction":[{"@type":"ReadAction","target":["https:\/\/faiktunay.com.tr\/faik-tunay-demokrat-parti-mugla-il-teskilati-ile-biraraya-geldi\/"]}]},{"@type":"ImageObject","inLanguage":"en-US","@id":"https:\/\/faiktunay.com.tr\/faik-tunay-demokrat-parti-mugla-il-teskilati-ile-biraraya-geldi\/#primaryimage","url":"https:\/\/faiktunay.com.tr\/wp-content\/uploads\/2023\/03\/faik_tunay_mugla_2.jpg","contentUrl":"https:\/\/faiktunay.com.tr\/wp-content\/uploads\/2023\/03\/faik_tunay_mugla_2.jpg","width":1080,"height":720},{"@type":"BreadcrumbList","@id":"https:\/\/faiktunay.com.tr\/faik-tunay-demokrat-parti-mugla-il-teskilati-ile-biraraya-geldi\/#breadcrumb","itemListElement":[{"@type":"ListItem","position":1,"name":"Anasayfa","item":"https:\/\/faiktunay.com.tr\/"},{"@type":"ListItem","position":2,"name":"Faik Tunay Demokrat Parti Mu\u011fla il te\u015fkilat\u0131 ile biraraya geldi"}]},{"@type":"WebSite","@id":"https:\/\/faiktunay.com.tr\/#website","url":"https:\/\/faiktunay.com.tr\/","name":"Faik Tunay","description":"","publisher":{"@id":"https:\/\/faiktunay.com.tr\/#\/schema\/person\/c49b0bc68a3e76483795a134219cf7cd"},"potentialAction":[{"@type":"SearchAction","target":{"@type":"EntryPoint","urlTemplate":"https:\/\/faiktunay.com.tr\/?s={search_term_string}"},"query-input":{"@type":"PropertyValueSpecification","valueRequired":true,"valueName":"search_term_string"}}],"inLanguage":"en-US"},{"@type":["Person","Organization"],"@id":"https:\/\/faiktunay.com.tr\/#\/schema\/person\/c49b0bc68a3e76483795a134219cf7cd","name":"Faik Tunay","logo":{"@id":"https:\/\/faiktunay.com.tr\/#\/schema\/person\/image\/"},"sameAs":["https:\/\/faiktunay.com.tr"]},{"@type":"Person","@id":"https:\/\/faiktunay.com.tr\/#\/schema\/person\/2d3f8ee51067426e699447e0de4ee8cb","name":"anfal","url":"https:\/\/faiktunay.com.tr\/en\/author\/enfal\/"}]}},"_links":{"self":[{"href":"https:\/\/faiktunay.com.tr\/en\/wp-json\/wp\/v2\/posts\/502","targetHints":{"allow":["GET"]}}],"collection":[{"href":"https:\/\/faiktunay.com.tr\/en\/wp-json\/wp\/v2\/posts"}],"about":[{"href":"https:\/\/faiktunay.com.tr\/en\/wp-json\/wp\/v2\/types\/post"}],"author":[{"embeddable":true,"href":"https:\/\/faiktunay.com.tr\/en\/wp-json\/wp\/v2\/users\/2"}],"replies":[{"embeddable":true,"href":"https:\/\/faiktunay.com.tr\/en\/wp-json\/wp\/v2\/comments?post=502"}],"version-history":[{"count":0,"href":"https:\/\/faiktunay.com.tr\/en\/wp-json\/wp\/v2\/posts\/502\/revisions"}],"wp:featuredmedia":[{"embeddable":true,"href":"https:\/\/faiktunay.com.tr\/en\/wp-json\/wp\/v2\/media\/503"}],"wp:attachment":[{"href":"https:\/\/faiktunay.com.tr\/en\/wp-json\/wp\/v2\/media?parent=502"}],"wp:term":[{"taxonomy":"category","embeddable":true,"href":"https:\/\/faiktunay.com.tr\/en\/wp-json\/wp\/v2\/categories?post=502"},{"taxonomy":"post_tag","embeddable":true,"href":"https:\/\/faiktunay.com.tr\/en\/wp-json\/wp\/v2\/tags?post=502"}],"curies":[{"name":"wp","href":"https:\/\/api.w.org\/{rel}","templated":true}]}}