{"id":508,"date":"2022-03-28T14:00:00","date_gmt":"2022-03-28T14:00:00","guid":{"rendered":"https:\/\/faiktunay.com.tr\/?p=508"},"modified":"2023-03-28T14:01:35","modified_gmt":"2023-03-28T14:01:35","slug":"faik-tunay-muglayatagan-ilce-teskilati-ile-bulustu","status":"publish","type":"post","link":"https:\/\/faiktunay.com.tr\/en\/faik-tunay-muglayatagan-ilce-teskilati-ile-bulustu\/","title":{"rendered":"Faik Tunay met with Mu\u011fla, Yata\u011fan district organization."},"content":{"rendered":"<p>The first stop of Democratic Party Deputy Chairman Faik Tunay during his visit to Mu\u011fla was Yata\u011fan district organization. Chatting with the members of the organization, Tunay gave information about their programs to the local newspaper published in Yata\u011fan.<\/p>","protected":false},"excerpt":{"rendered":"<p>The first stop of Democratic Party Deputy Chairman Faik Tunay during his visit to Mu\u011fla was Yata\u011fan district organization. Chatting with the members of the organization, Tunay gave information about their programs to the local newspaper published in Yata\u011fan.<\/p>","protected":false},"author":2,"featured_media":509,"comment_status":"closed","ping_status":"closed","sticky":false,"template":"","format":"standard","meta":{"footnotes":""},"categories":[16],"tags":[22],"class_list":["post-508","post","type-post","status-publish","format-standard","has-post-thumbnail","hentry","category-haberler","tag-faik-tunay"],"yoast_head":"<!-- This site is optimized with the Yoast SEO plugin v25.7 - https:\/\/yoast.com\/wordpress\/plugins\/seo\/ -->\n<title>Faik Tunay Mu\u011fla,Yata\u011fan il\u00e7e te\u015fkilat\u0131 ile bulu\u015ftu. - Faik Tunay<\/title>\n<meta name=\"robots\" content=\"index, follow, max-snippet:-1, max-image-preview:large, max-video-preview:-1\" \/>\n<link rel=\"canonical\" href=\"https:\/\/faiktunay.com.tr\/en\/faik-tunay-muglayatagan-ilce-teskilati-ile-bulustu\/\" \/>\n<meta property=\"og:locale\" content=\"en_US\" \/>\n<meta property=\"og:type\" content=\"article\" \/>\n<meta property=\"og:title\" content=\"Faik Tunay Mu\u011fla,Yata\u011fan il\u00e7e te\u015fkilat\u0131 ile bulu\u015ftu. - Faik Tunay\" \/>\n<meta property=\"og:description\" content=\"Demokrat Parti Genel Ba\u015fkan Yard\u0131mc\u0131s\u0131 Faik Tunay\u2019\u0131n Mu\u011fla ziyaretindeki ilk dura\u011f\u0131 ,Yata\u011fan il\u00e7e te\u015fkilat\u0131 oldu. Te\u015fkilat \u00fcyeleri ile sohbet eden Tunay ,Yata\u011fan\u2019da yay\u0131n yapan yerel gazeteye programlar\u0131 hakk\u0131nda bilgi verdi.\" \/>\n<meta property=\"og:url\" content=\"https:\/\/faiktunay.com.tr\/en\/faik-tunay-muglayatagan-ilce-teskilati-ile-bulustu\/\" \/>\n<meta property=\"og:site_name\" content=\"Faik Tunay\" \/>\n<meta property=\"article:published_time\" content=\"2022-03-28T14:00:00+00:00\" \/>\n<meta property=\"article:modified_time\" content=\"2023-03-28T14:01:35+00:00\" \/>\n<meta property=\"og:image\" content=\"https:\/\/faiktunay.com.tr\/wp-content\/uploads\/2023\/03\/faik_tunay_yatagan_02.jpg\" \/>\n\t<meta property=\"og:image:width\" content=\"1080\" \/>\n\t<meta property=\"og:image:height\" content=\"720\" \/>\n\t<meta property=\"og:image:type\" content=\"image\/jpeg\" \/>\n<meta name=\"author\" content=\"enfal\" \/>\n<meta name=\"twitter:card\" content=\"summary_large_image\" \/>\n<meta name=\"twitter:label1\" content=\"Written by\" \/>\n\t<meta name=\"twitter:data1\" content=\"enfal\" \/>\n<script type=\"application\/ld+json\" class=\"yoast-schema-graph\">{\"@context\":\"https:\/\/schema.org\",\"@graph\":[{\"@type\":\"Article\",\"@id\":\"https:\/\/faiktunay.com.tr\/faik-tunay-muglayatagan-ilce-teskilati-ile-bulustu\/#article\",\"isPartOf\":{\"@id\":\"https:\/\/faiktunay.com.tr\/faik-tunay-muglayatagan-ilce-teskilati-ile-bulustu\/\"},\"author\":{\"name\":\"enfal\",\"@id\":\"https:\/\/faiktunay.com.tr\/#\/schema\/person\/2d3f8ee51067426e699447e0de4ee8cb\"},\"headline\":\"Faik Tunay Mu\u011fla,Yata\u011fan il\u00e7e te\u015fkilat\u0131 ile bulu\u015ftu.\",\"datePublished\":\"2022-03-28T14:00:00+00:00\",\"dateModified\":\"2023-03-28T14:01:35+00:00\",\"mainEntityOfPage\":{\"@id\":\"https:\/\/faiktunay.com.tr\/faik-tunay-muglayatagan-ilce-teskilati-ile-bulustu\/\"},\"wordCount\":56,\"publisher\":{\"@id\":\"https:\/\/faiktunay.com.tr\/#\/schema\/person\/c49b0bc68a3e76483795a134219cf7cd\"},\"image\":{\"@id\":\"https:\/\/faiktunay.com.tr\/faik-tunay-muglayatagan-ilce-teskilati-ile-bulustu\/#primaryimage\"},\"thumbnailUrl\":\"https:\/\/faiktunay.com.tr\/wp-content\/uploads\/2023\/03\/faik_tunay_yatagan_02.jpg\",\"keywords\":[\"Faik Tunay\"],\"articleSection\":[\"Haberler\"],\"inLanguage\":\"en-US\"},{\"@type\":\"WebPage\",\"@id\":\"https:\/\/faiktunay.com.tr\/faik-tunay-muglayatagan-ilce-teskilati-ile-bulustu\/\",\"url\":\"https:\/\/faiktunay.com.tr\/faik-tunay-muglayatagan-ilce-teskilati-ile-bulustu\/\",\"name\":\"Faik Tunay Mu\u011fla,Yata\u011fan il\u00e7e te\u015fkilat\u0131 ile bulu\u015ftu. - Faik Tunay\",\"isPartOf\":{\"@id\":\"https:\/\/faiktunay.com.tr\/#website\"},\"primaryImageOfPage\":{\"@id\":\"https:\/\/faiktunay.com.tr\/faik-tunay-muglayatagan-ilce-teskilati-ile-bulustu\/#primaryimage\"},\"image\":{\"@id\":\"https:\/\/faiktunay.com.tr\/faik-tunay-muglayatagan-ilce-teskilati-ile-bulustu\/#primaryimage\"},\"thumbnailUrl\":\"https:\/\/faiktunay.com.tr\/wp-content\/uploads\/2023\/03\/faik_tunay_yatagan_02.jpg\",\"datePublished\":\"2022-03-28T14:00:00+00:00\",\"dateModified\":\"2023-03-28T14:01:35+00:00\",\"breadcrumb\":{\"@id\":\"https:\/\/faiktunay.com.tr\/faik-tunay-muglayatagan-ilce-teskilati-ile-bulustu\/#breadcrumb\"},\"inLanguage\":\"en-US\",\"potentialAction\":[{\"@type\":\"ReadAction\",\"target\":[\"https:\/\/faiktunay.com.tr\/faik-tunay-muglayatagan-ilce-teskilati-ile-bulustu\/\"]}]},{\"@type\":\"ImageObject\",\"inLanguage\":\"en-US\",\"@id\":\"https:\/\/faiktunay.com.tr\/faik-tunay-muglayatagan-ilce-teskilati-ile-bulustu\/#primaryimage\",\"url\":\"https:\/\/faiktunay.com.tr\/wp-content\/uploads\/2023\/03\/faik_tunay_yatagan_02.jpg\",\"contentUrl\":\"https:\/\/faiktunay.com.tr\/wp-content\/uploads\/2023\/03\/faik_tunay_yatagan_02.jpg\",\"width\":1080,\"height\":720},{\"@type\":\"BreadcrumbList\",\"@id\":\"https:\/\/faiktunay.com.tr\/faik-tunay-muglayatagan-ilce-teskilati-ile-bulustu\/#breadcrumb\",\"itemListElement\":[{\"@type\":\"ListItem\",\"position\":1,\"name\":\"Anasayfa\",\"item\":\"https:\/\/faiktunay.com.tr\/\"},{\"@type\":\"ListItem\",\"position\":2,\"name\":\"Faik Tunay Mu\u011fla,Yata\u011fan il\u00e7e te\u015fkilat\u0131 ile bulu\u015ftu.\"}]},{\"@type\":\"WebSite\",\"@id\":\"https:\/\/faiktunay.com.tr\/#website\",\"url\":\"https:\/\/faiktunay.com.tr\/\",\"name\":\"Faik Tunay\",\"description\":\"\",\"publisher\":{\"@id\":\"https:\/\/faiktunay.com.tr\/#\/schema\/person\/c49b0bc68a3e76483795a134219cf7cd\"},\"potentialAction\":[{\"@type\":\"SearchAction\",\"target\":{\"@type\":\"EntryPoint\",\"urlTemplate\":\"https:\/\/faiktunay.com.tr\/?s={search_term_string}\"},\"query-input\":{\"@type\":\"PropertyValueSpecification\",\"valueRequired\":true,\"valueName\":\"search_term_string\"}}],\"inLanguage\":\"en-US\"},{\"@type\":[\"Person\",\"Organization\"],\"@id\":\"https:\/\/faiktunay.com.tr\/#\/schema\/person\/c49b0bc68a3e76483795a134219cf7cd\",\"name\":\"Faik Tunay\",\"logo\":{\"@id\":\"https:\/\/faiktunay.com.tr\/#\/schema\/person\/image\/\"},\"sameAs\":[\"https:\/\/faiktunay.com.tr\"]},{\"@type\":\"Person\",\"@id\":\"https:\/\/faiktunay.com.tr\/#\/schema\/person\/2d3f8ee51067426e699447e0de4ee8cb\",\"name\":\"enfal\",\"url\":\"https:\/\/faiktunay.com.tr\/en\/author\/enfal\/\"}]}<\/script>\n<!-- \/ Yoast SEO plugin. -->","yoast_head_json":{"title":"Faik Tunay Mu\u011fla,Yata\u011fan il\u00e7e te\u015fkilat\u0131 ile bulu\u015ftu. - Faik Tunay","robots":{"index":"index","follow":"follow","max-snippet":"max-snippet:-1","max-image-preview":"max-image-preview:large","max-video-preview":"max-video-preview:-1"},"canonical":"https:\/\/faiktunay.com.tr\/en\/faik-tunay-muglayatagan-ilce-teskilati-ile-bulustu\/","og_locale":"en_US","og_type":"article","og_title":"Faik Tunay Mu\u011fla,Yata\u011fan il\u00e7e te\u015fkilat\u0131 ile bulu\u015ftu. - Faik Tunay","og_description":"Demokrat Parti Genel Ba\u015fkan Yard\u0131mc\u0131s\u0131 Faik Tunay\u2019\u0131n Mu\u011fla ziyaretindeki ilk dura\u011f\u0131 ,Yata\u011fan il\u00e7e te\u015fkilat\u0131 oldu. Te\u015fkilat \u00fcyeleri ile sohbet eden Tunay ,Yata\u011fan\u2019da yay\u0131n yapan yerel gazeteye programlar\u0131 hakk\u0131nda bilgi verdi.","og_url":"https:\/\/faiktunay.com.tr\/en\/faik-tunay-muglayatagan-ilce-teskilati-ile-bulustu\/","og_site_name":"Faik Tunay","article_published_time":"2022-03-28T14:00:00+00:00","article_modified_time":"2023-03-28T14:01:35+00:00","og_image":[{"width":1080,"height":720,"url":"https:\/\/faiktunay.com.tr\/wp-content\/uploads\/2023\/03\/faik_tunay_yatagan_02.jpg","type":"image\/jpeg"}],"author":"enfal","twitter_card":"summary_large_image","twitter_misc":{"Written by":"enfal"},"schema":{"@context":"https:\/\/schema.org","@graph":[{"@type":"Article","@id":"https:\/\/faiktunay.com.tr\/faik-tunay-muglayatagan-ilce-teskilati-ile-bulustu\/#article","isPartOf":{"@id":"https:\/\/faiktunay.com.tr\/faik-tunay-muglayatagan-ilce-teskilati-ile-bulustu\/"},"author":{"name":"enfal","@id":"https:\/\/faiktunay.com.tr\/#\/schema\/person\/2d3f8ee51067426e699447e0de4ee8cb"},"headline":"Faik Tunay Mu\u011fla,Yata\u011fan il\u00e7e te\u015fkilat\u0131 ile bulu\u015ftu.","datePublished":"2022-03-28T14:00:00+00:00","dateModified":"2023-03-28T14:01:35+00:00","mainEntityOfPage":{"@id":"https:\/\/faiktunay.com.tr\/faik-tunay-muglayatagan-ilce-teskilati-ile-bulustu\/"},"wordCount":56,"publisher":{"@id":"https:\/\/faiktunay.com.tr\/#\/schema\/person\/c49b0bc68a3e76483795a134219cf7cd"},"image":{"@id":"https:\/\/faiktunay.com.tr\/faik-tunay-muglayatagan-ilce-teskilati-ile-bulustu\/#primaryimage"},"thumbnailUrl":"https:\/\/faiktunay.com.tr\/wp-content\/uploads\/2023\/03\/faik_tunay_yatagan_02.jpg","keywords":["Faik Tunay"],"articleSection":["Haberler"],"inLanguage":"en-US"},{"@type":"WebPage","@id":"https:\/\/faiktunay.com.tr\/faik-tunay-muglayatagan-ilce-teskilati-ile-bulustu\/","url":"https:\/\/faiktunay.com.tr\/faik-tunay-muglayatagan-ilce-teskilati-ile-bulustu\/","name":"Faik Tunay Mu\u011fla,Yata\u011fan il\u00e7e te\u015fkilat\u0131 ile bulu\u015ftu. - Faik Tunay","isPartOf":{"@id":"https:\/\/faiktunay.com.tr\/#website"},"primaryImageOfPage":{"@id":"https:\/\/faiktunay.com.tr\/faik-tunay-muglayatagan-ilce-teskilati-ile-bulustu\/#primaryimage"},"image":{"@id":"https:\/\/faiktunay.com.tr\/faik-tunay-muglayatagan-ilce-teskilati-ile-bulustu\/#primaryimage"},"thumbnailUrl":"https:\/\/faiktunay.com.tr\/wp-content\/uploads\/2023\/03\/faik_tunay_yatagan_02.jpg","datePublished":"2022-03-28T14:00:00+00:00","dateModified":"2023-03-28T14:01:35+00:00","breadcrumb":{"@id":"https:\/\/faiktunay.com.tr\/faik-tunay-muglayatagan-ilce-teskilati-ile-bulustu\/#breadcrumb"},"inLanguage":"en-US","potentialAction":[{"@type":"ReadAction","target":["https:\/\/faiktunay.com.tr\/faik-tunay-muglayatagan-ilce-teskilati-ile-bulustu\/"]}]},{"@type":"ImageObject","inLanguage":"en-US","@id":"https:\/\/faiktunay.com.tr\/faik-tunay-muglayatagan-ilce-teskilati-ile-bulustu\/#primaryimage","url":"https:\/\/faiktunay.com.tr\/wp-content\/uploads\/2023\/03\/faik_tunay_yatagan_02.jpg","contentUrl":"https:\/\/faiktunay.com.tr\/wp-content\/uploads\/2023\/03\/faik_tunay_yatagan_02.jpg","width":1080,"height":720},{"@type":"BreadcrumbList","@id":"https:\/\/faiktunay.com.tr\/faik-tunay-muglayatagan-ilce-teskilati-ile-bulustu\/#breadcrumb","itemListElement":[{"@type":"ListItem","position":1,"name":"Anasayfa","item":"https:\/\/faiktunay.com.tr\/"},{"@type":"ListItem","position":2,"name":"Faik Tunay Mu\u011fla,Yata\u011fan il\u00e7e te\u015fkilat\u0131 ile bulu\u015ftu."}]},{"@type":"WebSite","@id":"https:\/\/faiktunay.com.tr\/#website","url":"https:\/\/faiktunay.com.tr\/","name":"Faik Tunay","description":"","publisher":{"@id":"https:\/\/faiktunay.com.tr\/#\/schema\/person\/c49b0bc68a3e76483795a134219cf7cd"},"potentialAction":[{"@type":"SearchAction","target":{"@type":"EntryPoint","urlTemplate":"https:\/\/faiktunay.com.tr\/?s={search_term_string}"},"query-input":{"@type":"PropertyValueSpecification","valueRequired":true,"valueName":"search_term_string"}}],"inLanguage":"en-US"},{"@type":["Person","Organization"],"@id":"https:\/\/faiktunay.com.tr\/#\/schema\/person\/c49b0bc68a3e76483795a134219cf7cd","name":"Faik Tunay","logo":{"@id":"https:\/\/faiktunay.com.tr\/#\/schema\/person\/image\/"},"sameAs":["https:\/\/faiktunay.com.tr"]},{"@type":"Person","@id":"https:\/\/faiktunay.com.tr\/#\/schema\/person\/2d3f8ee51067426e699447e0de4ee8cb","name":"anfal","url":"https:\/\/faiktunay.com.tr\/en\/author\/enfal\/"}]}},"_links":{"self":[{"href":"https:\/\/faiktunay.com.tr\/en\/wp-json\/wp\/v2\/posts\/508","targetHints":{"allow":["GET"]}}],"collection":[{"href":"https:\/\/faiktunay.com.tr\/en\/wp-json\/wp\/v2\/posts"}],"about":[{"href":"https:\/\/faiktunay.com.tr\/en\/wp-json\/wp\/v2\/types\/post"}],"author":[{"embeddable":true,"href":"https:\/\/faiktunay.com.tr\/en\/wp-json\/wp\/v2\/users\/2"}],"replies":[{"embeddable":true,"href":"https:\/\/faiktunay.com.tr\/en\/wp-json\/wp\/v2\/comments?post=508"}],"version-history":[{"count":0,"href":"https:\/\/faiktunay.com.tr\/en\/wp-json\/wp\/v2\/posts\/508\/revisions"}],"wp:featuredmedia":[{"embeddable":true,"href":"https:\/\/faiktunay.com.tr\/en\/wp-json\/wp\/v2\/media\/509"}],"wp:attachment":[{"href":"https:\/\/faiktunay.com.tr\/en\/wp-json\/wp\/v2\/media?parent=508"}],"wp:term":[{"taxonomy":"category","embeddable":true,"href":"https:\/\/faiktunay.com.tr\/en\/wp-json\/wp\/v2\/categories?post=508"},{"taxonomy":"post_tag","embeddable":true,"href":"https:\/\/faiktunay.com.tr\/en\/wp-json\/wp\/v2\/tags?post=508"}],"curies":[{"name":"wp","href":"https:\/\/api.w.org\/{rel}","templated":true}]}}