{"id":511,"date":"2022-03-28T14:01:00","date_gmt":"2022-03-28T14:01:00","guid":{"rendered":"https:\/\/faiktunay.com.tr\/?p=511"},"modified":"2023-03-28T14:02:51","modified_gmt":"2023-03-28T14:02:51","slug":"faik-tunay-izmirde","status":"publish","type":"post","link":"https:\/\/faiktunay.com.tr\/en\/faik-tunay-izmirde\/","title":{"rendered":"Faik Tunay is in Izmir"},"content":{"rendered":"<p>Faik Tunay, Democratic Party Serdar Faralyal\u0131 and Members of the Board of Directors Visited Izmir Medical Chamber President S\u00fcleyman Kaynak. After the meeting where the problems related to the health system were discussed, Faik Tunay thanked the President of the Medical Chamber, S\u00fcleyman Kaynak, and left the Izmir Medical Chamber.<\/p>","protected":false},"excerpt":{"rendered":"<p>Faik Tunay, Democratic Party Serdar Faralyal\u0131 and Members of the Board of Directors Visited Izmir Medical Chamber President S\u00fcleyman Kaynak. After the meeting where the problems related to the health system were discussed, Faik Tunay thanked the President of the Medical Chamber, S\u00fcleyman Kaynak, and left the Izmir Medical Chamber.<\/p>","protected":false},"author":2,"featured_media":512,"comment_status":"closed","ping_status":"closed","sticky":false,"template":"","format":"standard","meta":{"footnotes":""},"categories":[16],"tags":[22],"class_list":["post-511","post","type-post","status-publish","format-standard","has-post-thumbnail","hentry","category-haberler","tag-faik-tunay"],"yoast_head":"<!-- This site is optimized with the Yoast SEO plugin v25.7 - https:\/\/yoast.com\/wordpress\/plugins\/seo\/ -->\n<title>Faik Tunay \u0130zmir\u2019de - Faik Tunay<\/title>\n<meta name=\"robots\" content=\"index, follow, max-snippet:-1, max-image-preview:large, max-video-preview:-1\" \/>\n<link rel=\"canonical\" href=\"https:\/\/faiktunay.com.tr\/en\/faik-tunay-izmirde\/\" \/>\n<meta property=\"og:locale\" content=\"en_US\" \/>\n<meta property=\"og:type\" content=\"article\" \/>\n<meta property=\"og:title\" content=\"Faik Tunay \u0130zmir\u2019de - Faik Tunay\" \/>\n<meta property=\"og:description\" content=\"Faik Tunay Demokrat Parti Serdar Faralyal\u0131 ve Y\u00f6netim Kurulu \u00dcyeleri, \u0130zmir Tabip Odas\u0131 Ba\u015fkan\u0131 S\u00fcleyman Kaynak Ziyaret Ettiler. Sa\u011fl\u0131k Sistemine Dair Sorunlar\u0131n Konu\u015fuldu\u011fu Toplant\u0131 Sonras\u0131 Faik Tunay Tabip Odas\u0131 Ba\u015fkan\u0131 S\u00fcleyman Kaynak Te\u015fekk\u00fcr Edip, \u0130zmir Tabip Odas\u0131ndan ayr\u0131ld\u0131.\" \/>\n<meta property=\"og:url\" content=\"https:\/\/faiktunay.com.tr\/en\/faik-tunay-izmirde\/\" \/>\n<meta property=\"og:site_name\" content=\"Faik Tunay\" \/>\n<meta property=\"article:published_time\" content=\"2022-03-28T14:01:00+00:00\" \/>\n<meta property=\"article:modified_time\" content=\"2023-03-28T14:02:51+00:00\" \/>\n<meta property=\"og:image\" content=\"https:\/\/faiktunay.com.tr\/wp-content\/uploads\/2023\/03\/faik_tunay_izmir_55.jpg\" \/>\n\t<meta property=\"og:image:width\" content=\"1080\" \/>\n\t<meta property=\"og:image:height\" content=\"720\" \/>\n\t<meta property=\"og:image:type\" content=\"image\/jpeg\" \/>\n<meta name=\"author\" content=\"enfal\" \/>\n<meta name=\"twitter:card\" content=\"summary_large_image\" \/>\n<meta name=\"twitter:label1\" content=\"Written by\" \/>\n\t<meta name=\"twitter:data1\" content=\"enfal\" \/>\n<script type=\"application\/ld+json\" class=\"yoast-schema-graph\">{\"@context\":\"https:\/\/schema.org\",\"@graph\":[{\"@type\":\"Article\",\"@id\":\"https:\/\/faiktunay.com.tr\/faik-tunay-izmirde\/#article\",\"isPartOf\":{\"@id\":\"https:\/\/faiktunay.com.tr\/faik-tunay-izmirde\/\"},\"author\":{\"name\":\"enfal\",\"@id\":\"https:\/\/faiktunay.com.tr\/#\/schema\/person\/2d3f8ee51067426e699447e0de4ee8cb\"},\"headline\":\"Faik Tunay \u0130zmir\u2019de\",\"datePublished\":\"2022-03-28T14:01:00+00:00\",\"dateModified\":\"2023-03-28T14:02:51+00:00\",\"mainEntityOfPage\":{\"@id\":\"https:\/\/faiktunay.com.tr\/faik-tunay-izmirde\/\"},\"wordCount\":56,\"publisher\":{\"@id\":\"https:\/\/faiktunay.com.tr\/#\/schema\/person\/c49b0bc68a3e76483795a134219cf7cd\"},\"image\":{\"@id\":\"https:\/\/faiktunay.com.tr\/faik-tunay-izmirde\/#primaryimage\"},\"thumbnailUrl\":\"https:\/\/faiktunay.com.tr\/wp-content\/uploads\/2023\/03\/faik_tunay_izmir_55.jpg\",\"keywords\":[\"Faik Tunay\"],\"articleSection\":[\"Haberler\"],\"inLanguage\":\"en-US\"},{\"@type\":\"WebPage\",\"@id\":\"https:\/\/faiktunay.com.tr\/faik-tunay-izmirde\/\",\"url\":\"https:\/\/faiktunay.com.tr\/faik-tunay-izmirde\/\",\"name\":\"Faik Tunay \u0130zmir\u2019de - Faik Tunay\",\"isPartOf\":{\"@id\":\"https:\/\/faiktunay.com.tr\/#website\"},\"primaryImageOfPage\":{\"@id\":\"https:\/\/faiktunay.com.tr\/faik-tunay-izmirde\/#primaryimage\"},\"image\":{\"@id\":\"https:\/\/faiktunay.com.tr\/faik-tunay-izmirde\/#primaryimage\"},\"thumbnailUrl\":\"https:\/\/faiktunay.com.tr\/wp-content\/uploads\/2023\/03\/faik_tunay_izmir_55.jpg\",\"datePublished\":\"2022-03-28T14:01:00+00:00\",\"dateModified\":\"2023-03-28T14:02:51+00:00\",\"breadcrumb\":{\"@id\":\"https:\/\/faiktunay.com.tr\/faik-tunay-izmirde\/#breadcrumb\"},\"inLanguage\":\"en-US\",\"potentialAction\":[{\"@type\":\"ReadAction\",\"target\":[\"https:\/\/faiktunay.com.tr\/faik-tunay-izmirde\/\"]}]},{\"@type\":\"ImageObject\",\"inLanguage\":\"en-US\",\"@id\":\"https:\/\/faiktunay.com.tr\/faik-tunay-izmirde\/#primaryimage\",\"url\":\"https:\/\/faiktunay.com.tr\/wp-content\/uploads\/2023\/03\/faik_tunay_izmir_55.jpg\",\"contentUrl\":\"https:\/\/faiktunay.com.tr\/wp-content\/uploads\/2023\/03\/faik_tunay_izmir_55.jpg\",\"width\":1080,\"height\":720},{\"@type\":\"BreadcrumbList\",\"@id\":\"https:\/\/faiktunay.com.tr\/faik-tunay-izmirde\/#breadcrumb\",\"itemListElement\":[{\"@type\":\"ListItem\",\"position\":1,\"name\":\"Anasayfa\",\"item\":\"https:\/\/faiktunay.com.tr\/\"},{\"@type\":\"ListItem\",\"position\":2,\"name\":\"Faik Tunay \u0130zmir\u2019de\"}]},{\"@type\":\"WebSite\",\"@id\":\"https:\/\/faiktunay.com.tr\/#website\",\"url\":\"https:\/\/faiktunay.com.tr\/\",\"name\":\"Faik Tunay\",\"description\":\"\",\"publisher\":{\"@id\":\"https:\/\/faiktunay.com.tr\/#\/schema\/person\/c49b0bc68a3e76483795a134219cf7cd\"},\"potentialAction\":[{\"@type\":\"SearchAction\",\"target\":{\"@type\":\"EntryPoint\",\"urlTemplate\":\"https:\/\/faiktunay.com.tr\/?s={search_term_string}\"},\"query-input\":{\"@type\":\"PropertyValueSpecification\",\"valueRequired\":true,\"valueName\":\"search_term_string\"}}],\"inLanguage\":\"en-US\"},{\"@type\":[\"Person\",\"Organization\"],\"@id\":\"https:\/\/faiktunay.com.tr\/#\/schema\/person\/c49b0bc68a3e76483795a134219cf7cd\",\"name\":\"Faik Tunay\",\"logo\":{\"@id\":\"https:\/\/faiktunay.com.tr\/#\/schema\/person\/image\/\"},\"sameAs\":[\"https:\/\/faiktunay.com.tr\"]},{\"@type\":\"Person\",\"@id\":\"https:\/\/faiktunay.com.tr\/#\/schema\/person\/2d3f8ee51067426e699447e0de4ee8cb\",\"name\":\"enfal\",\"url\":\"https:\/\/faiktunay.com.tr\/en\/author\/enfal\/\"}]}<\/script>\n<!-- \/ Yoast SEO plugin. -->","yoast_head_json":{"title":"Faik Tunay \u0130zmir\u2019de - Faik Tunay","robots":{"index":"index","follow":"follow","max-snippet":"max-snippet:-1","max-image-preview":"max-image-preview:large","max-video-preview":"max-video-preview:-1"},"canonical":"https:\/\/faiktunay.com.tr\/en\/faik-tunay-izmirde\/","og_locale":"en_US","og_type":"article","og_title":"Faik Tunay \u0130zmir\u2019de - Faik Tunay","og_description":"Faik Tunay Demokrat Parti Serdar Faralyal\u0131 ve Y\u00f6netim Kurulu \u00dcyeleri, \u0130zmir Tabip Odas\u0131 Ba\u015fkan\u0131 S\u00fcleyman Kaynak Ziyaret Ettiler. Sa\u011fl\u0131k Sistemine Dair Sorunlar\u0131n Konu\u015fuldu\u011fu Toplant\u0131 Sonras\u0131 Faik Tunay Tabip Odas\u0131 Ba\u015fkan\u0131 S\u00fcleyman Kaynak Te\u015fekk\u00fcr Edip, \u0130zmir Tabip Odas\u0131ndan ayr\u0131ld\u0131.","og_url":"https:\/\/faiktunay.com.tr\/en\/faik-tunay-izmirde\/","og_site_name":"Faik Tunay","article_published_time":"2022-03-28T14:01:00+00:00","article_modified_time":"2023-03-28T14:02:51+00:00","og_image":[{"width":1080,"height":720,"url":"https:\/\/faiktunay.com.tr\/wp-content\/uploads\/2023\/03\/faik_tunay_izmir_55.jpg","type":"image\/jpeg"}],"author":"enfal","twitter_card":"summary_large_image","twitter_misc":{"Written by":"enfal"},"schema":{"@context":"https:\/\/schema.org","@graph":[{"@type":"Article","@id":"https:\/\/faiktunay.com.tr\/faik-tunay-izmirde\/#article","isPartOf":{"@id":"https:\/\/faiktunay.com.tr\/faik-tunay-izmirde\/"},"author":{"name":"enfal","@id":"https:\/\/faiktunay.com.tr\/#\/schema\/person\/2d3f8ee51067426e699447e0de4ee8cb"},"headline":"Faik Tunay \u0130zmir\u2019de","datePublished":"2022-03-28T14:01:00+00:00","dateModified":"2023-03-28T14:02:51+00:00","mainEntityOfPage":{"@id":"https:\/\/faiktunay.com.tr\/faik-tunay-izmirde\/"},"wordCount":56,"publisher":{"@id":"https:\/\/faiktunay.com.tr\/#\/schema\/person\/c49b0bc68a3e76483795a134219cf7cd"},"image":{"@id":"https:\/\/faiktunay.com.tr\/faik-tunay-izmirde\/#primaryimage"},"thumbnailUrl":"https:\/\/faiktunay.com.tr\/wp-content\/uploads\/2023\/03\/faik_tunay_izmir_55.jpg","keywords":["Faik Tunay"],"articleSection":["Haberler"],"inLanguage":"en-US"},{"@type":"WebPage","@id":"https:\/\/faiktunay.com.tr\/faik-tunay-izmirde\/","url":"https:\/\/faiktunay.com.tr\/faik-tunay-izmirde\/","name":"Faik Tunay \u0130zmir\u2019de - Faik Tunay","isPartOf":{"@id":"https:\/\/faiktunay.com.tr\/#website"},"primaryImageOfPage":{"@id":"https:\/\/faiktunay.com.tr\/faik-tunay-izmirde\/#primaryimage"},"image":{"@id":"https:\/\/faiktunay.com.tr\/faik-tunay-izmirde\/#primaryimage"},"thumbnailUrl":"https:\/\/faiktunay.com.tr\/wp-content\/uploads\/2023\/03\/faik_tunay_izmir_55.jpg","datePublished":"2022-03-28T14:01:00+00:00","dateModified":"2023-03-28T14:02:51+00:00","breadcrumb":{"@id":"https:\/\/faiktunay.com.tr\/faik-tunay-izmirde\/#breadcrumb"},"inLanguage":"en-US","potentialAction":[{"@type":"ReadAction","target":["https:\/\/faiktunay.com.tr\/faik-tunay-izmirde\/"]}]},{"@type":"ImageObject","inLanguage":"en-US","@id":"https:\/\/faiktunay.com.tr\/faik-tunay-izmirde\/#primaryimage","url":"https:\/\/faiktunay.com.tr\/wp-content\/uploads\/2023\/03\/faik_tunay_izmir_55.jpg","contentUrl":"https:\/\/faiktunay.com.tr\/wp-content\/uploads\/2023\/03\/faik_tunay_izmir_55.jpg","width":1080,"height":720},{"@type":"BreadcrumbList","@id":"https:\/\/faiktunay.com.tr\/faik-tunay-izmirde\/#breadcrumb","itemListElement":[{"@type":"ListItem","position":1,"name":"Anasayfa","item":"https:\/\/faiktunay.com.tr\/"},{"@type":"ListItem","position":2,"name":"Faik Tunay \u0130zmir\u2019de"}]},{"@type":"WebSite","@id":"https:\/\/faiktunay.com.tr\/#website","url":"https:\/\/faiktunay.com.tr\/","name":"Faik Tunay","description":"","publisher":{"@id":"https:\/\/faiktunay.com.tr\/#\/schema\/person\/c49b0bc68a3e76483795a134219cf7cd"},"potentialAction":[{"@type":"SearchAction","target":{"@type":"EntryPoint","urlTemplate":"https:\/\/faiktunay.com.tr\/?s={search_term_string}"},"query-input":{"@type":"PropertyValueSpecification","valueRequired":true,"valueName":"search_term_string"}}],"inLanguage":"en-US"},{"@type":["Person","Organization"],"@id":"https:\/\/faiktunay.com.tr\/#\/schema\/person\/c49b0bc68a3e76483795a134219cf7cd","name":"Faik Tunay","logo":{"@id":"https:\/\/faiktunay.com.tr\/#\/schema\/person\/image\/"},"sameAs":["https:\/\/faiktunay.com.tr"]},{"@type":"Person","@id":"https:\/\/faiktunay.com.tr\/#\/schema\/person\/2d3f8ee51067426e699447e0de4ee8cb","name":"anfal","url":"https:\/\/faiktunay.com.tr\/en\/author\/enfal\/"}]}},"_links":{"self":[{"href":"https:\/\/faiktunay.com.tr\/en\/wp-json\/wp\/v2\/posts\/511","targetHints":{"allow":["GET"]}}],"collection":[{"href":"https:\/\/faiktunay.com.tr\/en\/wp-json\/wp\/v2\/posts"}],"about":[{"href":"https:\/\/faiktunay.com.tr\/en\/wp-json\/wp\/v2\/types\/post"}],"author":[{"embeddable":true,"href":"https:\/\/faiktunay.com.tr\/en\/wp-json\/wp\/v2\/users\/2"}],"replies":[{"embeddable":true,"href":"https:\/\/faiktunay.com.tr\/en\/wp-json\/wp\/v2\/comments?post=511"}],"version-history":[{"count":0,"href":"https:\/\/faiktunay.com.tr\/en\/wp-json\/wp\/v2\/posts\/511\/revisions"}],"wp:featuredmedia":[{"embeddable":true,"href":"https:\/\/faiktunay.com.tr\/en\/wp-json\/wp\/v2\/media\/512"}],"wp:attachment":[{"href":"https:\/\/faiktunay.com.tr\/en\/wp-json\/wp\/v2\/media?parent=511"}],"wp:term":[{"taxonomy":"category","embeddable":true,"href":"https:\/\/faiktunay.com.tr\/en\/wp-json\/wp\/v2\/categories?post=511"},{"taxonomy":"post_tag","embeddable":true,"href":"https:\/\/faiktunay.com.tr\/en\/wp-json\/wp\/v2\/tags?post=511"}],"curies":[{"name":"wp","href":"https:\/\/api.w.org\/{rel}","templated":true}]}}