{"id":520,"date":"2022-03-28T14:06:00","date_gmt":"2022-03-28T14:06:00","guid":{"rendered":"https:\/\/faiktunay.com.tr\/?p=520"},"modified":"2023-03-28T14:07:19","modified_gmt":"2023-03-28T14:07:19","slug":"faik-tunayadnan-menderesin-anma-torenine-katildi","status":"publish","type":"post","link":"https:\/\/faiktunay.com.tr\/en\/faik-tunayadnan-menderesin-anma-torenine-katildi\/","title":{"rendered":"Faik Tunay Attended the Commemoration Ceremony of Adnan Menderes"},"content":{"rendered":"<p>Democratic Party Deputy Chairman Faik Tunay attended the commemoration ceremony held at the mausoleum on the 61st anniversary of the martyrdom of Turkey&#039;s ninth prime minister and Democratic Party Chairman Adnan Menderes, together with Democratic Party Chairman G\u00fcltekin Uysal.<\/p>","protected":false},"excerpt":{"rendered":"<p>Democratic Party Deputy Chairman Faik Tunay attended the commemoration ceremony held at the mausoleum on the 61st anniversary of the martyrdom of Turkey&#039;s ninth prime minister and Democratic Party Chairman Adnan Menderes, together with Democratic Party Chairman G\u00fcltekin Uysal.<\/p>","protected":false},"author":2,"featured_media":521,"comment_status":"closed","ping_status":"closed","sticky":false,"template":"","format":"standard","meta":{"footnotes":""},"categories":[16],"tags":[22],"class_list":["post-520","post","type-post","status-publish","format-standard","has-post-thumbnail","hentry","category-haberler","tag-faik-tunay"],"yoast_head":"<!-- This site is optimized with the Yoast SEO plugin v25.7 - https:\/\/yoast.com\/wordpress\/plugins\/seo\/ -->\n<title>Faik Tunay,Adnan Menderes\u2019in Anma T\u00f6renine Kat\u0131ld\u0131 - Faik Tunay<\/title>\n<meta name=\"robots\" content=\"index, follow, max-snippet:-1, max-image-preview:large, max-video-preview:-1\" \/>\n<link rel=\"canonical\" href=\"https:\/\/faiktunay.com.tr\/en\/faik-tunayadnan-menderesin-anma-torenine-katildi\/\" \/>\n<meta property=\"og:locale\" content=\"en_US\" \/>\n<meta property=\"og:type\" content=\"article\" \/>\n<meta property=\"og:title\" content=\"Faik Tunay,Adnan Menderes\u2019in Anma T\u00f6renine Kat\u0131ld\u0131 - Faik Tunay\" \/>\n<meta property=\"og:description\" content=\"Demokrat Parti Genel Ba\u015fkan Yard\u0131mc\u0131s\u0131 Faik Tunay ,T\u00fcrkiye\u2019nin dokuzuncu ba\u015fbakan\u0131 ,Demokrat Parti Genel Ba\u015fkan\u0131 Adnan Menderes\u2019in \u015fehit edili\u015finin 61.y\u0131ld\u00f6n\u00fcm\u00fcnde an\u0131t mezarda d\u00fczenlenen anma t\u00f6renine Demokrat Parti Genel Ba\u015fkan\u0131 G\u00fcltekin Uysal ile birlikte kat\u0131ld\u0131.\" \/>\n<meta property=\"og:url\" content=\"https:\/\/faiktunay.com.tr\/en\/faik-tunayadnan-menderesin-anma-torenine-katildi\/\" \/>\n<meta property=\"og:site_name\" content=\"Faik Tunay\" \/>\n<meta property=\"article:published_time\" content=\"2022-03-28T14:06:00+00:00\" \/>\n<meta property=\"article:modified_time\" content=\"2023-03-28T14:07:19+00:00\" \/>\n<meta property=\"og:image\" content=\"https:\/\/faiktunay.com.tr\/wp-content\/uploads\/2023\/03\/faik_tunay_adnan_menderes.jpg\" \/>\n\t<meta property=\"og:image:width\" content=\"1080\" \/>\n\t<meta property=\"og:image:height\" content=\"720\" \/>\n\t<meta property=\"og:image:type\" content=\"image\/jpeg\" \/>\n<meta name=\"author\" content=\"enfal\" \/>\n<meta name=\"twitter:card\" content=\"summary_large_image\" \/>\n<meta name=\"twitter:label1\" content=\"Written by\" \/>\n\t<meta name=\"twitter:data1\" content=\"enfal\" \/>\n<script type=\"application\/ld+json\" class=\"yoast-schema-graph\">{\"@context\":\"https:\/\/schema.org\",\"@graph\":[{\"@type\":\"Article\",\"@id\":\"https:\/\/faiktunay.com.tr\/faik-tunayadnan-menderesin-anma-torenine-katildi\/#article\",\"isPartOf\":{\"@id\":\"https:\/\/faiktunay.com.tr\/faik-tunayadnan-menderesin-anma-torenine-katildi\/\"},\"author\":{\"name\":\"enfal\",\"@id\":\"https:\/\/faiktunay.com.tr\/#\/schema\/person\/2d3f8ee51067426e699447e0de4ee8cb\"},\"headline\":\"Faik Tunay,Adnan Menderes\u2019in Anma T\u00f6renine Kat\u0131ld\u0131\",\"datePublished\":\"2022-03-28T14:06:00+00:00\",\"dateModified\":\"2023-03-28T14:07:19+00:00\",\"mainEntityOfPage\":{\"@id\":\"https:\/\/faiktunay.com.tr\/faik-tunayadnan-menderesin-anma-torenine-katildi\/\"},\"wordCount\":62,\"publisher\":{\"@id\":\"https:\/\/faiktunay.com.tr\/#\/schema\/person\/c49b0bc68a3e76483795a134219cf7cd\"},\"image\":{\"@id\":\"https:\/\/faiktunay.com.tr\/faik-tunayadnan-menderesin-anma-torenine-katildi\/#primaryimage\"},\"thumbnailUrl\":\"https:\/\/faiktunay.com.tr\/wp-content\/uploads\/2023\/03\/faik_tunay_adnan_menderes.jpg\",\"keywords\":[\"Faik Tunay\"],\"articleSection\":[\"Haberler\"],\"inLanguage\":\"en-US\"},{\"@type\":\"WebPage\",\"@id\":\"https:\/\/faiktunay.com.tr\/faik-tunayadnan-menderesin-anma-torenine-katildi\/\",\"url\":\"https:\/\/faiktunay.com.tr\/faik-tunayadnan-menderesin-anma-torenine-katildi\/\",\"name\":\"Faik Tunay,Adnan Menderes\u2019in Anma T\u00f6renine Kat\u0131ld\u0131 - Faik Tunay\",\"isPartOf\":{\"@id\":\"https:\/\/faiktunay.com.tr\/#website\"},\"primaryImageOfPage\":{\"@id\":\"https:\/\/faiktunay.com.tr\/faik-tunayadnan-menderesin-anma-torenine-katildi\/#primaryimage\"},\"image\":{\"@id\":\"https:\/\/faiktunay.com.tr\/faik-tunayadnan-menderesin-anma-torenine-katildi\/#primaryimage\"},\"thumbnailUrl\":\"https:\/\/faiktunay.com.tr\/wp-content\/uploads\/2023\/03\/faik_tunay_adnan_menderes.jpg\",\"datePublished\":\"2022-03-28T14:06:00+00:00\",\"dateModified\":\"2023-03-28T14:07:19+00:00\",\"breadcrumb\":{\"@id\":\"https:\/\/faiktunay.com.tr\/faik-tunayadnan-menderesin-anma-torenine-katildi\/#breadcrumb\"},\"inLanguage\":\"en-US\",\"potentialAction\":[{\"@type\":\"ReadAction\",\"target\":[\"https:\/\/faiktunay.com.tr\/faik-tunayadnan-menderesin-anma-torenine-katildi\/\"]}]},{\"@type\":\"ImageObject\",\"inLanguage\":\"en-US\",\"@id\":\"https:\/\/faiktunay.com.tr\/faik-tunayadnan-menderesin-anma-torenine-katildi\/#primaryimage\",\"url\":\"https:\/\/faiktunay.com.tr\/wp-content\/uploads\/2023\/03\/faik_tunay_adnan_menderes.jpg\",\"contentUrl\":\"https:\/\/faiktunay.com.tr\/wp-content\/uploads\/2023\/03\/faik_tunay_adnan_menderes.jpg\",\"width\":1080,\"height\":720},{\"@type\":\"BreadcrumbList\",\"@id\":\"https:\/\/faiktunay.com.tr\/faik-tunayadnan-menderesin-anma-torenine-katildi\/#breadcrumb\",\"itemListElement\":[{\"@type\":\"ListItem\",\"position\":1,\"name\":\"Anasayfa\",\"item\":\"https:\/\/faiktunay.com.tr\/\"},{\"@type\":\"ListItem\",\"position\":2,\"name\":\"Faik Tunay,Adnan Menderes\u2019in Anma T\u00f6renine Kat\u0131ld\u0131\"}]},{\"@type\":\"WebSite\",\"@id\":\"https:\/\/faiktunay.com.tr\/#website\",\"url\":\"https:\/\/faiktunay.com.tr\/\",\"name\":\"Faik Tunay\",\"description\":\"\",\"publisher\":{\"@id\":\"https:\/\/faiktunay.com.tr\/#\/schema\/person\/c49b0bc68a3e76483795a134219cf7cd\"},\"potentialAction\":[{\"@type\":\"SearchAction\",\"target\":{\"@type\":\"EntryPoint\",\"urlTemplate\":\"https:\/\/faiktunay.com.tr\/?s={search_term_string}\"},\"query-input\":{\"@type\":\"PropertyValueSpecification\",\"valueRequired\":true,\"valueName\":\"search_term_string\"}}],\"inLanguage\":\"en-US\"},{\"@type\":[\"Person\",\"Organization\"],\"@id\":\"https:\/\/faiktunay.com.tr\/#\/schema\/person\/c49b0bc68a3e76483795a134219cf7cd\",\"name\":\"Faik Tunay\",\"logo\":{\"@id\":\"https:\/\/faiktunay.com.tr\/#\/schema\/person\/image\/\"},\"sameAs\":[\"https:\/\/faiktunay.com.tr\"]},{\"@type\":\"Person\",\"@id\":\"https:\/\/faiktunay.com.tr\/#\/schema\/person\/2d3f8ee51067426e699447e0de4ee8cb\",\"name\":\"enfal\",\"url\":\"https:\/\/faiktunay.com.tr\/en\/author\/enfal\/\"}]}<\/script>\n<!-- \/ Yoast SEO plugin. -->","yoast_head_json":{"title":"Faik Tunay,Adnan Menderes\u2019in Anma T\u00f6renine Kat\u0131ld\u0131 - Faik Tunay","robots":{"index":"index","follow":"follow","max-snippet":"max-snippet:-1","max-image-preview":"max-image-preview:large","max-video-preview":"max-video-preview:-1"},"canonical":"https:\/\/faiktunay.com.tr\/en\/faik-tunayadnan-menderesin-anma-torenine-katildi\/","og_locale":"en_US","og_type":"article","og_title":"Faik Tunay,Adnan Menderes\u2019in Anma T\u00f6renine Kat\u0131ld\u0131 - Faik Tunay","og_description":"Demokrat Parti Genel Ba\u015fkan Yard\u0131mc\u0131s\u0131 Faik Tunay ,T\u00fcrkiye\u2019nin dokuzuncu ba\u015fbakan\u0131 ,Demokrat Parti Genel Ba\u015fkan\u0131 Adnan Menderes\u2019in \u015fehit edili\u015finin 61.y\u0131ld\u00f6n\u00fcm\u00fcnde an\u0131t mezarda d\u00fczenlenen anma t\u00f6renine Demokrat Parti Genel Ba\u015fkan\u0131 G\u00fcltekin Uysal ile birlikte kat\u0131ld\u0131.","og_url":"https:\/\/faiktunay.com.tr\/en\/faik-tunayadnan-menderesin-anma-torenine-katildi\/","og_site_name":"Faik Tunay","article_published_time":"2022-03-28T14:06:00+00:00","article_modified_time":"2023-03-28T14:07:19+00:00","og_image":[{"width":1080,"height":720,"url":"https:\/\/faiktunay.com.tr\/wp-content\/uploads\/2023\/03\/faik_tunay_adnan_menderes.jpg","type":"image\/jpeg"}],"author":"enfal","twitter_card":"summary_large_image","twitter_misc":{"Written by":"enfal"},"schema":{"@context":"https:\/\/schema.org","@graph":[{"@type":"Article","@id":"https:\/\/faiktunay.com.tr\/faik-tunayadnan-menderesin-anma-torenine-katildi\/#article","isPartOf":{"@id":"https:\/\/faiktunay.com.tr\/faik-tunayadnan-menderesin-anma-torenine-katildi\/"},"author":{"name":"enfal","@id":"https:\/\/faiktunay.com.tr\/#\/schema\/person\/2d3f8ee51067426e699447e0de4ee8cb"},"headline":"Faik Tunay,Adnan Menderes\u2019in Anma T\u00f6renine Kat\u0131ld\u0131","datePublished":"2022-03-28T14:06:00+00:00","dateModified":"2023-03-28T14:07:19+00:00","mainEntityOfPage":{"@id":"https:\/\/faiktunay.com.tr\/faik-tunayadnan-menderesin-anma-torenine-katildi\/"},"wordCount":62,"publisher":{"@id":"https:\/\/faiktunay.com.tr\/#\/schema\/person\/c49b0bc68a3e76483795a134219cf7cd"},"image":{"@id":"https:\/\/faiktunay.com.tr\/faik-tunayadnan-menderesin-anma-torenine-katildi\/#primaryimage"},"thumbnailUrl":"https:\/\/faiktunay.com.tr\/wp-content\/uploads\/2023\/03\/faik_tunay_adnan_menderes.jpg","keywords":["Faik Tunay"],"articleSection":["Haberler"],"inLanguage":"en-US"},{"@type":"WebPage","@id":"https:\/\/faiktunay.com.tr\/faik-tunayadnan-menderesin-anma-torenine-katildi\/","url":"https:\/\/faiktunay.com.tr\/faik-tunayadnan-menderesin-anma-torenine-katildi\/","name":"Faik Tunay,Adnan Menderes\u2019in Anma T\u00f6renine Kat\u0131ld\u0131 - Faik Tunay","isPartOf":{"@id":"https:\/\/faiktunay.com.tr\/#website"},"primaryImageOfPage":{"@id":"https:\/\/faiktunay.com.tr\/faik-tunayadnan-menderesin-anma-torenine-katildi\/#primaryimage"},"image":{"@id":"https:\/\/faiktunay.com.tr\/faik-tunayadnan-menderesin-anma-torenine-katildi\/#primaryimage"},"thumbnailUrl":"https:\/\/faiktunay.com.tr\/wp-content\/uploads\/2023\/03\/faik_tunay_adnan_menderes.jpg","datePublished":"2022-03-28T14:06:00+00:00","dateModified":"2023-03-28T14:07:19+00:00","breadcrumb":{"@id":"https:\/\/faiktunay.com.tr\/faik-tunayadnan-menderesin-anma-torenine-katildi\/#breadcrumb"},"inLanguage":"en-US","potentialAction":[{"@type":"ReadAction","target":["https:\/\/faiktunay.com.tr\/faik-tunayadnan-menderesin-anma-torenine-katildi\/"]}]},{"@type":"ImageObject","inLanguage":"en-US","@id":"https:\/\/faiktunay.com.tr\/faik-tunayadnan-menderesin-anma-torenine-katildi\/#primaryimage","url":"https:\/\/faiktunay.com.tr\/wp-content\/uploads\/2023\/03\/faik_tunay_adnan_menderes.jpg","contentUrl":"https:\/\/faiktunay.com.tr\/wp-content\/uploads\/2023\/03\/faik_tunay_adnan_menderes.jpg","width":1080,"height":720},{"@type":"BreadcrumbList","@id":"https:\/\/faiktunay.com.tr\/faik-tunayadnan-menderesin-anma-torenine-katildi\/#breadcrumb","itemListElement":[{"@type":"ListItem","position":1,"name":"Anasayfa","item":"https:\/\/faiktunay.com.tr\/"},{"@type":"ListItem","position":2,"name":"Faik Tunay,Adnan Menderes\u2019in Anma T\u00f6renine Kat\u0131ld\u0131"}]},{"@type":"WebSite","@id":"https:\/\/faiktunay.com.tr\/#website","url":"https:\/\/faiktunay.com.tr\/","name":"Faik Tunay","description":"","publisher":{"@id":"https:\/\/faiktunay.com.tr\/#\/schema\/person\/c49b0bc68a3e76483795a134219cf7cd"},"potentialAction":[{"@type":"SearchAction","target":{"@type":"EntryPoint","urlTemplate":"https:\/\/faiktunay.com.tr\/?s={search_term_string}"},"query-input":{"@type":"PropertyValueSpecification","valueRequired":true,"valueName":"search_term_string"}}],"inLanguage":"en-US"},{"@type":["Person","Organization"],"@id":"https:\/\/faiktunay.com.tr\/#\/schema\/person\/c49b0bc68a3e76483795a134219cf7cd","name":"Faik Tunay","logo":{"@id":"https:\/\/faiktunay.com.tr\/#\/schema\/person\/image\/"},"sameAs":["https:\/\/faiktunay.com.tr"]},{"@type":"Person","@id":"https:\/\/faiktunay.com.tr\/#\/schema\/person\/2d3f8ee51067426e699447e0de4ee8cb","name":"anfal","url":"https:\/\/faiktunay.com.tr\/en\/author\/enfal\/"}]}},"_links":{"self":[{"href":"https:\/\/faiktunay.com.tr\/en\/wp-json\/wp\/v2\/posts\/520","targetHints":{"allow":["GET"]}}],"collection":[{"href":"https:\/\/faiktunay.com.tr\/en\/wp-json\/wp\/v2\/posts"}],"about":[{"href":"https:\/\/faiktunay.com.tr\/en\/wp-json\/wp\/v2\/types\/post"}],"author":[{"embeddable":true,"href":"https:\/\/faiktunay.com.tr\/en\/wp-json\/wp\/v2\/users\/2"}],"replies":[{"embeddable":true,"href":"https:\/\/faiktunay.com.tr\/en\/wp-json\/wp\/v2\/comments?post=520"}],"version-history":[{"count":0,"href":"https:\/\/faiktunay.com.tr\/en\/wp-json\/wp\/v2\/posts\/520\/revisions"}],"wp:featuredmedia":[{"embeddable":true,"href":"https:\/\/faiktunay.com.tr\/en\/wp-json\/wp\/v2\/media\/521"}],"wp:attachment":[{"href":"https:\/\/faiktunay.com.tr\/en\/wp-json\/wp\/v2\/media?parent=520"}],"wp:term":[{"taxonomy":"category","embeddable":true,"href":"https:\/\/faiktunay.com.tr\/en\/wp-json\/wp\/v2\/categories?post=520"},{"taxonomy":"post_tag","embeddable":true,"href":"https:\/\/faiktunay.com.tr\/en\/wp-json\/wp\/v2\/tags?post=520"}],"curies":[{"name":"wp","href":"https:\/\/api.w.org\/{rel}","templated":true}]}}