{"id":534,"date":"2022-02-28T14:14:00","date_gmt":"2022-02-28T14:14:00","guid":{"rendered":"https:\/\/faiktunay.com.tr\/?p=534"},"modified":"2023-03-28T14:14:59","modified_gmt":"2023-03-28T14:14:59","slug":"faik-tunayin-yeni-yazisi-yetkin-reportta","status":"publish","type":"post","link":"https:\/\/faiktunay.com.tr\/en\/faik-tunayin-yeni-yazisi-yetkin-reportta\/","title":{"rendered":"Faik Tunay&#039;s New Article is on Yetkin Report"},"content":{"rendered":"<p>Marshal Fevzi \u00c7akmak is one of the main characters of Turkey&#039;s liberation and founding years. He stood by Mustafa Kemal Atat\u00fcrk both during the War of Independence and until his death, and also played a role in the years of transition to multi-party life.<br>\u00c7akmak went to Anatolia while he was serving as Chief of Staff, that is, Chief of General Staff, and then Minister of War, that is, Ministry of Defense, in the Ottoman Empire. After the victory and the Republic, he preferred his profession rather than politics and assumed the position of Chief of General Staff, which was established in 1924. His sensitivity to keep the army away from politics went so far as to say, &quot;I will shoot anyone who involves the military in this&quot; during the presidential debates. With this sentence, Marshal \u00c7akmak is a historical figure who, while it was possible for him to become the President after Atat\u00fcrk, blocked his own political path and paved the way for \u0130smet \u0130n\u00f6n\u00fc.<br>In the words of his wife Fitnat Han\u0131m, he is a humble person who sticks to his habits and reads Evliya \u00c7elebi&#039;s travelogue when he gets bored and overwhelmed. \u00c7akmak, whom Atat\u00fcrk addressed as my pasha, is a statesman who should especially be known by those who define themselves as political Islamists and conservative democrats. Because for many years, conservative groups have portrayed \u00c7akmak&#039;s religious personality and strong faith to the public as if he were against the secular Republic.<\/p>\n\n\n\n<p>Fevzi \u00c7akmak was born on January 12, 1876, in Anadolukava\u011f\u0131, Istanbul, as a soldier&#039;s child. His father was Artillery Colonel Ali S\u0131rr\u0131 Bey from \u00c7akmako\u011fullar\u0131, and his mother was Hesna Han\u0131m, the daughter of Mufti Hac\u0131 Bekir of Varna. Both of them were religious people who preferred a quiet and calm family life away from political issues.<\/p>\n\n\n\n<h3 class=\"wp-block-heading\"><em>Religious, Unionist and secular<\/em><\/h3>\n\n\n\n<p>Among the issues most highlighted by political Islamists in Turkey today is Sultan Abdulhamid II and his dethronement by the Committee of Union and Progress. Fevzi \u00c7akmak, who came from an extremely religious family loyal to the Ottoman Empire, was also religious, but he was also a Unionist. One of the most important issues in political Islam is the dethronement of Abdulhamid Khan. \u00c7akmak would later say the following about Abdulhamit:<br>\u2022<em>&nbsp;\u201cEven today, I remember my heart pounding with excitement and my heart burning with the desire to succeed in an action similar to what my grandfather attempted against the tyrannical sultan. \u201cI was also strongly convinced that Abdulhamid Khan should be dethroned.\u201d<\/em><br>A bitter letter written by Atat\u00fcrk to \u00c7akmak reflects the camaraderie of these two successful soldiers. While Colonel Mustafa Kemal was serving as the Anafartalar Group Commander in the \u00c7anakkale War, he was fighting alongside Fevzi \u00c7akmak&#039;s brother. It was Mustafa Kemal who informed him by letter of the news of his brother (Lieutenant Mehmet Nazif) who was martyred in the war. \u00c7anakkale Onsekiz Mart University, Faculty of Arts and Sciences, Department of History, Assoc. Dr. This letter, which emerged within the scope of Burhan Sayilir&#039;s research on the officers martyred in the Gallipoli Wars, reflected both pain and a polite tone, while also expressing the determination and belief in fighting in the war environment.<\/p>\n\n\n\n<h3 class=\"wp-block-heading\"><em>Mustafa Kemal was not left behind<\/em><\/h3>\n\n\n\n<p>An extraordinary congress of the Union and Progress Party was held on November 1, 1918, one day after the Armistice of Mudros was signed. This was the last congress of the party. While the congress was continuing, the news that Enver, Cemal and Talat Pashas had fled abroad had a great impact both in the Congress and in the country. Being a member of the Union and Progress Party was now equated with treason.<br>At that time, the Freedom and Entente Party, chaired by Damat Ferit and supported by Sultan Vahdettin, was against the Committee of Union and Progress. In such a political atmosphere, the diaries of Fevzi Pasha, who tried to stay away from controversial areas by pursuing a policy of balance and prepared by Nil\u00fcfer Hatemi, are useful for understanding the difference between being a politician and a statesman.&nbsp;<a href=\"https:\/\/www.yapikrediyayinlari.com.tr\/maresal-fevzi-cakmak-ve-gunlukleri.aspx\" target=\"_blank\">I recommend reading<\/a>.<br>Mustafa Kemal&#039;s trust in Fevzi \u00c7akmak, whom he met from time to time, corresponded with, and fought with as successor and successor through successive appointments, can be seen in the fact that he entrusted him with the Chief of General Staff, one of the most vital duties of the Republic. Like this&nbsp;<a href=\"https:\/\/yetkinreport.com\/2021\/09\/01\/erdoganin-turk-ordusunu-yeniden-yapilandirmasinin-anlami\/\">secularism, military non-interference in politics<\/a>&nbsp;He did not hesitate to implement principles such as these.<\/p>\n\n\n\n<h3 class=\"wp-block-heading\"><em>Battle-tested friendship<\/em><\/h3>\n\n\n\n<p>This trust is not in vain. Fevzi \u00c7akmak Pasha played an important role in ensuring that the weapons and ammunition that were agreed to be delivered to the Allied Powers after the Armistice of Mudros reached Anatolia. Today, everyone should think about the fact that someone who understood the situation of the country and saw the disaster took this action in front of the eyes of the enemy, against their wishes, and as the Ottoman Chief of General Staff and then as the Minister of Defense (his deputy was \u0130smet \u0130n\u00f6n\u00fc).<br>Alev \u00c7o\u015fkun&#039;s&nbsp;<a href=\"https:\/\/www.cumhuriyetkitap.com.tr\/samsundan-once-bilinmeyen-6-ay\" target=\"_blank\">\u201c6 Unknown Months Before Samsun\u201d<\/a>&nbsp;I recommend you read the book. Here, the 7 most important people that Mustafa Kemal consulted before leaving Samsun while staying at house no. 250 on \u015ei\u015fli Halaskar Gazi Street are mentioned; One of them is Fevzi \u00c7akmak. Since \u00c7akmak was the Chief of General Staff at that time, he did not go to the house directly, but they met in other places.<\/p>\n\n\n\n<p>Fevzi \u00c7akmak&#039;s family, who moved to Ankara during the War of Independence, was thrown out of their house by the British, and his wife and children were left on the street. Finally, they went to Izmit. His wife, Fitnat Han\u0131m, found Izmit Hat Commissioner Remzi Bey and told him that she was \u00c7akmak&#039;s wife, and received the reply, &quot;If you were his real wife, I would have known about it.&quot; When the truth was revealed, the family was transferred to Ankara. Today, political Islamists who try to belittle the War of Independence have lessons to learn from the fact that a person like \u00c7akmak did not ask for help, privilege or favor even for his family.<\/p>\n\n\n\n<h3 class=\"wp-block-heading\"><em>A damp house with a leaking roof<\/em><\/h3>\n\n\n\n<p>The last and perhaps the most important note of \u00c7akmak, one of the two War of Independence heroes to whom the Parliament gave the title of Marshal along with Atat\u00fcrk, is about his visit to Atat\u00fcrk&#039;s house.<br>One day, Mustafa Kemal visits \u00c7akmak at his home. Ms. Fitnat is in Istanbul and at that time, the Chiefs of General Staff did not have separate lodgings, \u00c7akmak lived in his own house. As soon as he saw the dampness on the ceiling of the living room due to the flow in the chimney, he asked: &quot;Sir, what is the condition of this place?&quot; Why didn&#039;t \u015eefik Pasha (Fevzi \u00c7akmak&#039;s son-in-law) have this place repaired? He took her from the house and had the house repaired, saying, &quot;This dampness is extremely disturbing. I can&#039;t leave you here.&quot;<br>Now, would those who claim to have adopted the Islamic way of life as a principle and live in luxury with state resources take this aspect of \u00c7akmak, who was the Chief of General Staff until 1944 and retired due to age limit, as well as his piety, as an example, as well as the piety of \u00c7akmak, who is taken as an example by the conservative and even Islamist segments of Turkey?<br>Say what?<\/p>\n\n\n\n<figure class=\"wp-block-embed is-type-wp-embed is-provider-yetkin-report-siyaset-ekonomi-haber-analiz-yorum wp-block-embed-yetkin-report-siyaset-ekonomi-haber-analiz-yorum\"><div class=\"wp-block-embed__wrapper\">\n<blockquote class=\"wp-embedded-content\" data-secret=\"5hKUqxW4w3\"><a href=\"https:\/\/yetkinreport.com\/2021\/09\/13\/maresal-fevzi-cakmaktan-siyasi-islamcilara-dersler\/\">Lessons from Marshal Fevzi \u00c7akmak to political Islamists<\/a><\/blockquote><iframe class=\"wp-embedded-content\" sandbox=\"allow-scripts\" security=\"restricted\" style=\"position: absolute; clip: rect(1px, 1px, 1px, 1px);\" title=\"\u201cLessons from Marshal Fevzi \u00c7akmak to political Islamists\u201d \u2014 Yetkin Report | Politics, Economy News-Analysis, Comment\" src=\"https:\/\/yetkinreport.com\/2021\/09\/13\/maresal-fevzi-cakmaktan-siyasi-islamcilara-dersler\/embed\/#?secret=0zL3YZDD2V#?secret=5hKUqxW4w3\" data-secret=\"5hKUqxW4w3\" width=\"600\" height=\"338\" frameborder=\"0\" marginwidth=\"0\" marginheight=\"0\" scrolling=\"no\"><\/iframe>\n<\/div><\/figure>","protected":false},"excerpt":{"rendered":"<p>Marshal Fevzi \u00c7akmak is one of the main characters of Turkey&#039;s liberation and founding years. He stood by Mustafa Kemal Atat\u00fcrk both during the War of Independence and until his death, and played a role in the transition to multi-party life. \u00c7akmak served as Chief of Staff, that is, Chief of General Staff, and then as Minister of War, that is, Minister of Defense, in the Ottoman Empire. passed to . After the victory and the Republic, it was not politics but [\u2026]<\/p>","protected":false},"author":2,"featured_media":411,"comment_status":"closed","ping_status":"closed","sticky":false,"template":"","format":"standard","meta":{"footnotes":""},"categories":[1],"tags":[],"class_list":["post-534","post","type-post","status-publish","format-standard","has-post-thumbnail","hentry","category-uncategorized"],"yoast_head":"<!-- This site is optimized with the Yoast SEO plugin v25.7 - https:\/\/yoast.com\/wordpress\/plugins\/seo\/ -->\n<title>Faik Tunay\u2019\u0131n Yeni Yaz\u0131s\u0131 Yetkin Report\u2019ta - Faik Tunay<\/title>\n<meta name=\"robots\" content=\"index, follow, max-snippet:-1, max-image-preview:large, max-video-preview:-1\" \/>\n<link rel=\"canonical\" href=\"https:\/\/faiktunay.com.tr\/en\/faik-tunayin-yeni-yazisi-yetkin-reportta\/\" \/>\n<meta property=\"og:locale\" content=\"en_US\" \/>\n<meta property=\"og:type\" content=\"article\" \/>\n<meta property=\"og:title\" content=\"Faik Tunay\u2019\u0131n Yeni Yaz\u0131s\u0131 Yetkin Report\u2019ta - Faik Tunay\" \/>\n<meta property=\"og:description\" content=\"Mare\u015fal Fevzi \u00c7akmak T\u00fcrkiye\u2019nin kurtulu\u015f ve kurulu\u015f y\u0131llar\u0131n\u0131n asli karakterlerinden. Hem Mill\u00ee M\u00fccadele d\u00f6neminde hem de Mustafa Kemal Atat\u00fcrk\u2019\u00fcn \u00f6l\u00fcm\u00fcne kadar yan\u0131nda yer alm\u0131\u015f, \u00e7ok partili hayata ge\u00e7i\u015f y\u0131llar\u0131nda da rol oynam\u0131\u015f.\u00c7akmak Osmanl\u0131 Devleti\u2019nde Erkan-\u0131 Harp Reisli\u011fi, yani Genelkurmay Ba\u015fkanl\u0131\u011f\u0131, ard\u0131ndan Harbiye Naz\u0131rl\u0131\u011f\u0131, yani Savunma Bakanl\u0131\u011f\u0131 yaparken Anadolu\u2019ya ge\u00e7mi\u015f. Zaferden ve Cumhuriyet\u2019ten sonra siyaseti de\u011fil [&hellip;]\" \/>\n<meta property=\"og:url\" content=\"https:\/\/faiktunay.com.tr\/en\/faik-tunayin-yeni-yazisi-yetkin-reportta\/\" \/>\n<meta property=\"og:site_name\" content=\"Faik Tunay\" \/>\n<meta property=\"article:published_time\" content=\"2022-02-28T14:14:00+00:00\" \/>\n<meta property=\"article:modified_time\" content=\"2023-03-28T14:14:59+00:00\" \/>\n<meta property=\"og:image\" content=\"https:\/\/faiktunay.com.tr\/wp-content\/uploads\/2023\/03\/faik_tunay_gorseli.jpg\" \/>\n\t<meta property=\"og:image:width\" content=\"1080\" \/>\n\t<meta property=\"og:image:height\" content=\"720\" \/>\n\t<meta property=\"og:image:type\" content=\"image\/jpeg\" \/>\n<meta name=\"author\" content=\"enfal\" \/>\n<meta name=\"twitter:card\" content=\"summary_large_image\" \/>\n<meta name=\"twitter:label1\" content=\"Written by\" \/>\n\t<meta name=\"twitter:data1\" content=\"enfal\" \/>\n\t<meta name=\"twitter:label2\" content=\"Est. reading time\" \/>\n\t<meta name=\"twitter:data2\" content=\"6 minutes\" \/>\n<script type=\"application\/ld+json\" class=\"yoast-schema-graph\">{\"@context\":\"https:\/\/schema.org\",\"@graph\":[{\"@type\":\"Article\",\"@id\":\"https:\/\/faiktunay.com.tr\/faik-tunayin-yeni-yazisi-yetkin-reportta\/#article\",\"isPartOf\":{\"@id\":\"https:\/\/faiktunay.com.tr\/faik-tunayin-yeni-yazisi-yetkin-reportta\/\"},\"author\":{\"name\":\"enfal\",\"@id\":\"https:\/\/faiktunay.com.tr\/#\/schema\/person\/2d3f8ee51067426e699447e0de4ee8cb\"},\"headline\":\"Faik Tunay\u2019\u0131n Yeni Yaz\u0131s\u0131 Yetkin Report\u2019ta\",\"datePublished\":\"2022-02-28T14:14:00+00:00\",\"dateModified\":\"2023-03-28T14:14:59+00:00\",\"mainEntityOfPage\":{\"@id\":\"https:\/\/faiktunay.com.tr\/faik-tunayin-yeni-yazisi-yetkin-reportta\/\"},\"wordCount\":1268,\"publisher\":{\"@id\":\"https:\/\/faiktunay.com.tr\/#\/schema\/person\/c49b0bc68a3e76483795a134219cf7cd\"},\"image\":{\"@id\":\"https:\/\/faiktunay.com.tr\/faik-tunayin-yeni-yazisi-yetkin-reportta\/#primaryimage\"},\"thumbnailUrl\":\"https:\/\/faiktunay.com.tr\/wp-content\/uploads\/2023\/03\/faik_tunay_gorseli.jpg\",\"inLanguage\":\"en-US\"},{\"@type\":\"WebPage\",\"@id\":\"https:\/\/faiktunay.com.tr\/faik-tunayin-yeni-yazisi-yetkin-reportta\/\",\"url\":\"https:\/\/faiktunay.com.tr\/faik-tunayin-yeni-yazisi-yetkin-reportta\/\",\"name\":\"Faik Tunay\u2019\u0131n Yeni Yaz\u0131s\u0131 Yetkin Report\u2019ta - Faik Tunay\",\"isPartOf\":{\"@id\":\"https:\/\/faiktunay.com.tr\/#website\"},\"primaryImageOfPage\":{\"@id\":\"https:\/\/faiktunay.com.tr\/faik-tunayin-yeni-yazisi-yetkin-reportta\/#primaryimage\"},\"image\":{\"@id\":\"https:\/\/faiktunay.com.tr\/faik-tunayin-yeni-yazisi-yetkin-reportta\/#primaryimage\"},\"thumbnailUrl\":\"https:\/\/faiktunay.com.tr\/wp-content\/uploads\/2023\/03\/faik_tunay_gorseli.jpg\",\"datePublished\":\"2022-02-28T14:14:00+00:00\",\"dateModified\":\"2023-03-28T14:14:59+00:00\",\"breadcrumb\":{\"@id\":\"https:\/\/faiktunay.com.tr\/faik-tunayin-yeni-yazisi-yetkin-reportta\/#breadcrumb\"},\"inLanguage\":\"en-US\",\"potentialAction\":[{\"@type\":\"ReadAction\",\"target\":[\"https:\/\/faiktunay.com.tr\/faik-tunayin-yeni-yazisi-yetkin-reportta\/\"]}]},{\"@type\":\"ImageObject\",\"inLanguage\":\"en-US\",\"@id\":\"https:\/\/faiktunay.com.tr\/faik-tunayin-yeni-yazisi-yetkin-reportta\/#primaryimage\",\"url\":\"https:\/\/faiktunay.com.tr\/wp-content\/uploads\/2023\/03\/faik_tunay_gorseli.jpg\",\"contentUrl\":\"https:\/\/faiktunay.com.tr\/wp-content\/uploads\/2023\/03\/faik_tunay_gorseli.jpg\",\"width\":1080,\"height\":720},{\"@type\":\"BreadcrumbList\",\"@id\":\"https:\/\/faiktunay.com.tr\/faik-tunayin-yeni-yazisi-yetkin-reportta\/#breadcrumb\",\"itemListElement\":[{\"@type\":\"ListItem\",\"position\":1,\"name\":\"Anasayfa\",\"item\":\"https:\/\/faiktunay.com.tr\/\"},{\"@type\":\"ListItem\",\"position\":2,\"name\":\"Faik Tunay\u2019\u0131n Yeni Yaz\u0131s\u0131 Yetkin Report\u2019ta\"}]},{\"@type\":\"WebSite\",\"@id\":\"https:\/\/faiktunay.com.tr\/#website\",\"url\":\"https:\/\/faiktunay.com.tr\/\",\"name\":\"Faik Tunay\",\"description\":\"\",\"publisher\":{\"@id\":\"https:\/\/faiktunay.com.tr\/#\/schema\/person\/c49b0bc68a3e76483795a134219cf7cd\"},\"potentialAction\":[{\"@type\":\"SearchAction\",\"target\":{\"@type\":\"EntryPoint\",\"urlTemplate\":\"https:\/\/faiktunay.com.tr\/?s={search_term_string}\"},\"query-input\":{\"@type\":\"PropertyValueSpecification\",\"valueRequired\":true,\"valueName\":\"search_term_string\"}}],\"inLanguage\":\"en-US\"},{\"@type\":[\"Person\",\"Organization\"],\"@id\":\"https:\/\/faiktunay.com.tr\/#\/schema\/person\/c49b0bc68a3e76483795a134219cf7cd\",\"name\":\"Faik Tunay\",\"logo\":{\"@id\":\"https:\/\/faiktunay.com.tr\/#\/schema\/person\/image\/\"},\"sameAs\":[\"https:\/\/faiktunay.com.tr\"]},{\"@type\":\"Person\",\"@id\":\"https:\/\/faiktunay.com.tr\/#\/schema\/person\/2d3f8ee51067426e699447e0de4ee8cb\",\"name\":\"enfal\",\"url\":\"https:\/\/faiktunay.com.tr\/en\/author\/enfal\/\"}]}<\/script>\n<!-- \/ Yoast SEO plugin. -->","yoast_head_json":{"title":"Faik Tunay\u2019\u0131n Yeni Yaz\u0131s\u0131 Yetkin Report\u2019ta - Faik Tunay","robots":{"index":"index","follow":"follow","max-snippet":"max-snippet:-1","max-image-preview":"max-image-preview:large","max-video-preview":"max-video-preview:-1"},"canonical":"https:\/\/faiktunay.com.tr\/en\/faik-tunayin-yeni-yazisi-yetkin-reportta\/","og_locale":"en_US","og_type":"article","og_title":"Faik Tunay\u2019\u0131n Yeni Yaz\u0131s\u0131 Yetkin Report\u2019ta - Faik Tunay","og_description":"Mare\u015fal Fevzi \u00c7akmak T\u00fcrkiye\u2019nin kurtulu\u015f ve kurulu\u015f y\u0131llar\u0131n\u0131n asli karakterlerinden. Hem Mill\u00ee M\u00fccadele d\u00f6neminde hem de Mustafa Kemal Atat\u00fcrk\u2019\u00fcn \u00f6l\u00fcm\u00fcne kadar yan\u0131nda yer alm\u0131\u015f, \u00e7ok partili hayata ge\u00e7i\u015f y\u0131llar\u0131nda da rol oynam\u0131\u015f.\u00c7akmak Osmanl\u0131 Devleti\u2019nde Erkan-\u0131 Harp Reisli\u011fi, yani Genelkurmay Ba\u015fkanl\u0131\u011f\u0131, ard\u0131ndan Harbiye Naz\u0131rl\u0131\u011f\u0131, yani Savunma Bakanl\u0131\u011f\u0131 yaparken Anadolu\u2019ya ge\u00e7mi\u015f. Zaferden ve Cumhuriyet\u2019ten sonra siyaseti de\u011fil [&hellip;]","og_url":"https:\/\/faiktunay.com.tr\/en\/faik-tunayin-yeni-yazisi-yetkin-reportta\/","og_site_name":"Faik Tunay","article_published_time":"2022-02-28T14:14:00+00:00","article_modified_time":"2023-03-28T14:14:59+00:00","og_image":[{"width":1080,"height":720,"url":"https:\/\/faiktunay.com.tr\/wp-content\/uploads\/2023\/03\/faik_tunay_gorseli.jpg","type":"image\/jpeg"}],"author":"enfal","twitter_card":"summary_large_image","twitter_misc":{"Written by":"enfal","Est. reading time":"6 minutes"},"schema":{"@context":"https:\/\/schema.org","@graph":[{"@type":"Article","@id":"https:\/\/faiktunay.com.tr\/faik-tunayin-yeni-yazisi-yetkin-reportta\/#article","isPartOf":{"@id":"https:\/\/faiktunay.com.tr\/faik-tunayin-yeni-yazisi-yetkin-reportta\/"},"author":{"name":"enfal","@id":"https:\/\/faiktunay.com.tr\/#\/schema\/person\/2d3f8ee51067426e699447e0de4ee8cb"},"headline":"Faik Tunay\u2019\u0131n Yeni Yaz\u0131s\u0131 Yetkin Report\u2019ta","datePublished":"2022-02-28T14:14:00+00:00","dateModified":"2023-03-28T14:14:59+00:00","mainEntityOfPage":{"@id":"https:\/\/faiktunay.com.tr\/faik-tunayin-yeni-yazisi-yetkin-reportta\/"},"wordCount":1268,"publisher":{"@id":"https:\/\/faiktunay.com.tr\/#\/schema\/person\/c49b0bc68a3e76483795a134219cf7cd"},"image":{"@id":"https:\/\/faiktunay.com.tr\/faik-tunayin-yeni-yazisi-yetkin-reportta\/#primaryimage"},"thumbnailUrl":"https:\/\/faiktunay.com.tr\/wp-content\/uploads\/2023\/03\/faik_tunay_gorseli.jpg","inLanguage":"en-US"},{"@type":"WebPage","@id":"https:\/\/faiktunay.com.tr\/faik-tunayin-yeni-yazisi-yetkin-reportta\/","url":"https:\/\/faiktunay.com.tr\/faik-tunayin-yeni-yazisi-yetkin-reportta\/","name":"Faik Tunay\u2019\u0131n Yeni Yaz\u0131s\u0131 Yetkin Report\u2019ta - Faik Tunay","isPartOf":{"@id":"https:\/\/faiktunay.com.tr\/#website"},"primaryImageOfPage":{"@id":"https:\/\/faiktunay.com.tr\/faik-tunayin-yeni-yazisi-yetkin-reportta\/#primaryimage"},"image":{"@id":"https:\/\/faiktunay.com.tr\/faik-tunayin-yeni-yazisi-yetkin-reportta\/#primaryimage"},"thumbnailUrl":"https:\/\/faiktunay.com.tr\/wp-content\/uploads\/2023\/03\/faik_tunay_gorseli.jpg","datePublished":"2022-02-28T14:14:00+00:00","dateModified":"2023-03-28T14:14:59+00:00","breadcrumb":{"@id":"https:\/\/faiktunay.com.tr\/faik-tunayin-yeni-yazisi-yetkin-reportta\/#breadcrumb"},"inLanguage":"en-US","potentialAction":[{"@type":"ReadAction","target":["https:\/\/faiktunay.com.tr\/faik-tunayin-yeni-yazisi-yetkin-reportta\/"]}]},{"@type":"ImageObject","inLanguage":"en-US","@id":"https:\/\/faiktunay.com.tr\/faik-tunayin-yeni-yazisi-yetkin-reportta\/#primaryimage","url":"https:\/\/faiktunay.com.tr\/wp-content\/uploads\/2023\/03\/faik_tunay_gorseli.jpg","contentUrl":"https:\/\/faiktunay.com.tr\/wp-content\/uploads\/2023\/03\/faik_tunay_gorseli.jpg","width":1080,"height":720},{"@type":"BreadcrumbList","@id":"https:\/\/faiktunay.com.tr\/faik-tunayin-yeni-yazisi-yetkin-reportta\/#breadcrumb","itemListElement":[{"@type":"ListItem","position":1,"name":"Anasayfa","item":"https:\/\/faiktunay.com.tr\/"},{"@type":"ListItem","position":2,"name":"Faik Tunay\u2019\u0131n Yeni Yaz\u0131s\u0131 Yetkin Report\u2019ta"}]},{"@type":"WebSite","@id":"https:\/\/faiktunay.com.tr\/#website","url":"https:\/\/faiktunay.com.tr\/","name":"Faik Tunay","description":"","publisher":{"@id":"https:\/\/faiktunay.com.tr\/#\/schema\/person\/c49b0bc68a3e76483795a134219cf7cd"},"potentialAction":[{"@type":"SearchAction","target":{"@type":"EntryPoint","urlTemplate":"https:\/\/faiktunay.com.tr\/?s={search_term_string}"},"query-input":{"@type":"PropertyValueSpecification","valueRequired":true,"valueName":"search_term_string"}}],"inLanguage":"en-US"},{"@type":["Person","Organization"],"@id":"https:\/\/faiktunay.com.tr\/#\/schema\/person\/c49b0bc68a3e76483795a134219cf7cd","name":"Faik Tunay","logo":{"@id":"https:\/\/faiktunay.com.tr\/#\/schema\/person\/image\/"},"sameAs":["https:\/\/faiktunay.com.tr"]},{"@type":"Person","@id":"https:\/\/faiktunay.com.tr\/#\/schema\/person\/2d3f8ee51067426e699447e0de4ee8cb","name":"anfal","url":"https:\/\/faiktunay.com.tr\/en\/author\/enfal\/"}]}},"_links":{"self":[{"href":"https:\/\/faiktunay.com.tr\/en\/wp-json\/wp\/v2\/posts\/534","targetHints":{"allow":["GET"]}}],"collection":[{"href":"https:\/\/faiktunay.com.tr\/en\/wp-json\/wp\/v2\/posts"}],"about":[{"href":"https:\/\/faiktunay.com.tr\/en\/wp-json\/wp\/v2\/types\/post"}],"author":[{"embeddable":true,"href":"https:\/\/faiktunay.com.tr\/en\/wp-json\/wp\/v2\/users\/2"}],"replies":[{"embeddable":true,"href":"https:\/\/faiktunay.com.tr\/en\/wp-json\/wp\/v2\/comments?post=534"}],"version-history":[{"count":0,"href":"https:\/\/faiktunay.com.tr\/en\/wp-json\/wp\/v2\/posts\/534\/revisions"}],"wp:featuredmedia":[{"embeddable":true,"href":"https:\/\/faiktunay.com.tr\/en\/wp-json\/wp\/v2\/media\/411"}],"wp:attachment":[{"href":"https:\/\/faiktunay.com.tr\/en\/wp-json\/wp\/v2\/media?parent=534"}],"wp:term":[{"taxonomy":"category","embeddable":true,"href":"https:\/\/faiktunay.com.tr\/en\/wp-json\/wp\/v2\/categories?post=534"},{"taxonomy":"post_tag","embeddable":true,"href":"https:\/\/faiktunay.com.tr\/en\/wp-json\/wp\/v2\/tags?post=534"}],"curies":[{"name":"wp","href":"https:\/\/api.w.org\/{rel}","templated":true}]}}