{"id":589,"date":"2019-03-28T15:06:00","date_gmt":"2019-03-28T15:06:00","guid":{"rendered":"https:\/\/faiktunay.com.tr\/?p=589"},"modified":"2023-03-28T15:07:13","modified_gmt":"2023-03-28T15:07:13","slug":"her-daim-avuclarimizin-icinde-tutulmasi-gereken-sahin-kibris","status":"publish","type":"post","link":"https:\/\/faiktunay.com.tr\/en\/her-daim-avuclarimizin-icinde-tutulmasi-gereken-sahin-kibris\/","title":{"rendered":"The Falcon That Should Always Be Held in Our Hands: CYPRUS"},"content":{"rendered":"<p>The Eastern Mediterranean is a very important geography for T\u00fcrkiye. This region is Turkey&#039;s<br>It is a sea gate opening to the Middle East. Land of beautiful aphrodite, international<br>It is actually a bird of prey in the world of relationships... That&#039;s why Cyprus,<br>Let Turkey not fly out of their hands and be kept in the palm of your hand at all times.<br>What is needed is like a hawk. The Island of Cyprus has been an international<br>has been in the field of public interest. Cyprus Island, with a surface area of 9251 km2<br>It is the largest in the Eastern Mediterranean and the second largest in the Mediterranean after Sicily and Sardinia.<br>It is the third largest island and has a very old and therefore very rich history.<br>The island, located in the Eastern Mediterranean, is actually in the geopolitics of the entire Mediterranean.<br>It has an undeniable strategic importance. Because the strategic value of the island<br>In fact, it derives from the strategic value of the Mediterranean. Mediterranean daily cruise ship today<br>Its traffic is approximately 4000 ships per day. More than half of these 4000 ships per day in the Mediterranean<br>Most of them are tankers. This ship traffic consists of ships and many<br>like a wide river with tributaries, especially in the west-east direction in the Mediterranean<br>flows and stops. In addition, its proximity to the Mediterranean, the Middle East and East Africa<br>Therefore, the USA&#039;s interventions in Iraq and Somalia operations also<br>As can be seen, both economically, in a situation of tension or<br>It has become even more important in terms of strategic continental transfers in case of conflict.<br>In parallel, Cyprus is interested in Turkey&#039;s maritime and airspace in the region.<br>and is vital to their interests. In addition, with developing technology, Cyprus electronics<br>It is also the center of listening, monitoring and control systems. East<br>There are hydrocarbons of high financial value under the bottom of the Mediterranean Sea.<br>There are riches. With the rich sea-bottom resources around the island<br>The new bundle of interests that has emerged has led to the Cyprus conflict extending to the sea.<br>It is obvious that it causes its spread.<br>As a result of a collapse in the second and third periods of the geological period<br>Mersin separated from the Iskenderun region and became an island and became a part of Anatolia.<br>The first inhabitants of Cyprus, which is a natural extension, came from Anatolia. island north<br>and a Neolithic settlement unearthed on the Karpas peninsula.<br>Thanks to the findings obtained from the places, B.C. from the year 4000<br>Traces of humanity have been found since. As a matter of fact, throughout history, Troy, Egypt, Hittite,<br>Phoenicia, Assyria, Persia, Macedonia, Rome, Byzantium, Arabs, Knights Templar,<br>Cyprus changed hands between many different civilizations such as Genoese and Venetian.<br>The Ottomans captured it from the Venetians in 1571. Island, from 1571<br>Under Ottoman rule until leased to the Kingdom of Great Britain in 1878<br>remained. During the First World War, the British Government<br>In response to entering the war on the side of Germany, it unilaterally annexed the island in 1914.<br>has done. The island was officially left to England at the 1923 Lausanne Conference.<br>The situation continued until 1960. From the Ottoman Empire in 1830<br>Greece, which gained its independence, fought against the Ottoman Empire and<br>its roots in the historical psychological obsessions that he grew up with and could not get rid of.<br>found the ideology of expansionism under the name of &#039;Megali Idea Strategy&#039;.<\/p>\n\n\n\n<p>shaped. As a matter of fact, Greece&#039;s actions against the Ottoman Empire<br>expansion strategy, from the War of Independence and later to the Second World<br>It developed as a strategy to surround Turkey after the war. That&#039;s why<br>that the Dodecanese Islands, Crete and Rhodes were brought under Greek sovereignty through a thousand intrigues.<br>and T\u00fcrkiye is surrounded from the Aegean Sea like a bow. 9 Siege<br>It is accepted as a national goal by Greece, to be completed from the Mediterranean.<br>According to the Megali Idea, Cyprus is considered an ancient Hellenic land.<br>came under Greek sovereignty and the completion of the southern part of the arc.<br>is required. This is the main reason for the Greek problem in Cyprus. Therefore,<br>It should not be forgotten that Greek and Greek were secret underground members of the Ethnic Eteria, which dissolved in 1798.<br>The organization has never given up on this goal for more than 200 years. Here, 200<br>Megali Idea for more than 50 years, to the detriment of Turkey, and<br>This is what Cyprus is for Greece, which is pursuing Enosis (Annexation)11.<br>That&#039;s the importance.<br>A dagger aimed at Turkey&#039;s chest from the south in the Eastern Mediterranean<br>With its location, Cyprus is an indispensable strategic location for Turkey&#039;s national security policy.<br>It has value. 14 In fact, with this location, Cyprus is undoubtedly a national and<br>It is a geography of vital importance for T\u00fcrkiye in terms of international security.<br>is part of it. In this context, the central position of the Island of Cyprus in the Eastern Mediterranean<br>It is undeniable that it will always continue to maintain its strategic importance due to<br>it is a fact. Because Cyprus, which is considered as the close land basin of Turkey,<br>Balkans, Caucasus and Middle East regions and the southern coasts of Anatolia<br>Its proximity to the Aegean Sea makes it possible to control the passage from the Aegean Sea to the Mediterranean.<br>and its proximity to the Middle East, Egypt and the Suez Canal make it<br>gives it a dominant position over the areas. Cyprus from T\u00fcrkiye&#039;s perspective<br>Its sensitive geographical location in the Eastern Mediterranean is used in &#039;national security&#039;15 and &#039;strategic&#039;<br>It would not be wrong to define it with concepts such as &#039;location&#039;16. of Cyprus,<br>As an unsinkable aircraft carrier in the middle of the Eastern Mediterranean, a very valuable blue<br>geostrategic, geopolitical and geoeconomic problems arising from having a homeland<br>It has importance and value.<br>As can be seen, there are some national and international contributions to Turkey&#039;s maritime security.<br>Eastern Mediterranean, to which it made significant contributions with its naval operations, and its<br>In particular, Cyprus supports Turkey&#039;s national security in a multifaceted and direct way.<br>not only has a feature that could threaten its national security, but also<br>It also has complementary values. In every period of history, Cyprus has<br>In ensuring the national security of the Turkish states established in Anatolia<br>played a vital role. Today, it is considered as Turkey&#039;s &#039;living space&#039;.<br>Cyprus, located in the center of the Eastern Mediterranean, is important for the security of the Turkish nation.<br>It is an island of vital importance. Only 65 km from Anamur. located far away and<br>Cyprus, which can be seen with the naked eye when viewed from a high place near the coast, is<br>as an integral part of Turkey and its national security<br>is evaluated. For this reason, T\u00fcrkiye, Cyprus<\/p>\n\n\n\n<p>against the developments and the desired changes in the political structure<br>cannot remain indifferent. Because it is friendly to Cyprus, which is accepted as Turkey&#039;s living space.<br>or the direct or indirect establishment of a hostile power, its national<br>will have an immediate and serious negative impact on security. Exposed<br>For these reasons, Cyprus has always been a national issue in the hearts and consciences of the Turkish Nation.<br>should be accepted as a cause and should be one of the national goals of the Republic of T\u00fcrkiye.<br>should take place. There is no doubt that states, in their foreign policies, are emotional or<br>not according to ideological tendencies, but based on the benefits it will provide to the country and national interests.<br>They are based on making evaluations taking into account the damage it will cause and<br>Applications are made within the framework of these principles. Therefore, foreign policy is<br>oriented determination, together with the country&#039;s current interests, medium and long-term<br>It makes it necessary to take into account their interests in the long term.<\/p>","protected":false},"excerpt":{"rendered":"<p>The Eastern Mediterranean is a very important geography for T\u00fcrkiye. This region is Turkey&#039;s sea gateway to the Middle East. The land of beautiful Aphrodite is actually a bird of prey in the world of international relations... That&#039;s why Cyprus is like a hawk that should not fly away from Turkey&#039;s hands and should always be kept in the palm of its hand. The Island of Cyprus has been in the field of interest of the international public in every period of history. Cyprus Island, with a surface area of 9251 km2, is located in the Eastern [\u2026]<\/p>","protected":false},"author":2,"featured_media":411,"comment_status":"closed","ping_status":"closed","sticky":false,"template":"","format":"standard","meta":{"footnotes":""},"categories":[16],"tags":[22],"class_list":["post-589","post","type-post","status-publish","format-standard","has-post-thumbnail","hentry","category-haberler","tag-faik-tunay"],"yoast_head":"<!-- This site is optimized with the Yoast SEO plugin v25.7 - https:\/\/yoast.com\/wordpress\/plugins\/seo\/ -->\n<title>Her Daim Avu\u00e7lar\u0131m\u0131z\u0131n \u0130\u00e7inde Tutulmas\u0131 Gereken \u015eahin: KIBRIS - Faik Tunay<\/title>\n<meta name=\"robots\" content=\"index, follow, max-snippet:-1, max-image-preview:large, max-video-preview:-1\" \/>\n<link rel=\"canonical\" href=\"https:\/\/faiktunay.com.tr\/en\/her-daim-avuclarimizin-icinde-tutulmasi-gereken-sahin-kibris\/\" \/>\n<meta property=\"og:locale\" content=\"en_US\" \/>\n<meta property=\"og:type\" content=\"article\" \/>\n<meta property=\"og:title\" content=\"Her Daim Avu\u00e7lar\u0131m\u0131z\u0131n \u0130\u00e7inde Tutulmas\u0131 Gereken \u015eahin: KIBRIS - Faik Tunay\" \/>\n<meta property=\"og:description\" content=\"Do\u011fu Akdeniz, T\u00fcrkiye i\u00e7in \u00e7ok \u00f6nemli bir co\u011frafyad\u0131r. Bu b\u00f6lge, T\u00fcrkiye\u2019ninOrta Do\u011fu\u2019ya a\u00e7\u0131lan bir deniz kap\u0131s\u0131d\u0131r. G\u00fczel afroditin diyar\u0131, uluslararas\u0131ili\u015fkiler d\u00fcnyas\u0131nda y\u0131rt\u0131c\u0131 bir ku\u015ftur asl\u0131nda\u2026 \u0130\u015fte bu y\u00fczden K\u0131br\u0131s,T\u00fcrkiye\u2019nin ellerinden u\u00e7mamas\u0131 ve her daim avucunun i\u00e7erisinde tutulmas\u0131gereken bir \u015fahin gibidir. K\u0131br\u0131s Adas\u0131, tarihin her d\u00f6neminde uluslararas\u0131kamuoyunun ilgi alan\u0131nda olmu\u015ftur. K\u0131br\u0131s Adas\u0131, 9251 km2 y\u00fcz\u00f6l\u00e7\u00fcm\u00fc ileDo\u011fu [&hellip;]\" \/>\n<meta property=\"og:url\" content=\"https:\/\/faiktunay.com.tr\/en\/her-daim-avuclarimizin-icinde-tutulmasi-gereken-sahin-kibris\/\" \/>\n<meta property=\"og:site_name\" content=\"Faik Tunay\" \/>\n<meta property=\"article:published_time\" content=\"2019-03-28T15:06:00+00:00\" \/>\n<meta property=\"article:modified_time\" content=\"2023-03-28T15:07:13+00:00\" \/>\n<meta property=\"og:image\" content=\"https:\/\/faiktunay.com.tr\/wp-content\/uploads\/2023\/03\/faik_tunay_gorseli.jpg\" \/>\n\t<meta property=\"og:image:width\" content=\"1080\" \/>\n\t<meta property=\"og:image:height\" content=\"720\" \/>\n\t<meta property=\"og:image:type\" content=\"image\/jpeg\" \/>\n<meta name=\"author\" content=\"enfal\" \/>\n<meta name=\"twitter:card\" content=\"summary_large_image\" \/>\n<meta name=\"twitter:label1\" content=\"Written by\" \/>\n\t<meta name=\"twitter:data1\" content=\"enfal\" \/>\n\t<meta name=\"twitter:label2\" content=\"Est. reading time\" \/>\n\t<meta name=\"twitter:data2\" content=\"7 minutes\" \/>\n<script type=\"application\/ld+json\" class=\"yoast-schema-graph\">{\"@context\":\"https:\/\/schema.org\",\"@graph\":[{\"@type\":\"Article\",\"@id\":\"https:\/\/faiktunay.com.tr\/her-daim-avuclarimizin-icinde-tutulmasi-gereken-sahin-kibris\/#article\",\"isPartOf\":{\"@id\":\"https:\/\/faiktunay.com.tr\/her-daim-avuclarimizin-icinde-tutulmasi-gereken-sahin-kibris\/\"},\"author\":{\"name\":\"enfal\",\"@id\":\"https:\/\/faiktunay.com.tr\/#\/schema\/person\/2d3f8ee51067426e699447e0de4ee8cb\"},\"headline\":\"Her Daim Avu\u00e7lar\u0131m\u0131z\u0131n \u0130\u00e7inde Tutulmas\u0131 Gereken \u015eahin: KIBRIS\",\"datePublished\":\"2019-03-28T15:06:00+00:00\",\"dateModified\":\"2023-03-28T15:07:13+00:00\",\"mainEntityOfPage\":{\"@id\":\"https:\/\/faiktunay.com.tr\/her-daim-avuclarimizin-icinde-tutulmasi-gereken-sahin-kibris\/\"},\"wordCount\":1343,\"publisher\":{\"@id\":\"https:\/\/faiktunay.com.tr\/#\/schema\/person\/c49b0bc68a3e76483795a134219cf7cd\"},\"image\":{\"@id\":\"https:\/\/faiktunay.com.tr\/her-daim-avuclarimizin-icinde-tutulmasi-gereken-sahin-kibris\/#primaryimage\"},\"thumbnailUrl\":\"https:\/\/faiktunay.com.tr\/wp-content\/uploads\/2023\/03\/faik_tunay_gorseli.jpg\",\"keywords\":[\"Faik Tunay\"],\"articleSection\":[\"Haberler\"],\"inLanguage\":\"en-US\"},{\"@type\":\"WebPage\",\"@id\":\"https:\/\/faiktunay.com.tr\/her-daim-avuclarimizin-icinde-tutulmasi-gereken-sahin-kibris\/\",\"url\":\"https:\/\/faiktunay.com.tr\/her-daim-avuclarimizin-icinde-tutulmasi-gereken-sahin-kibris\/\",\"name\":\"Her Daim Avu\u00e7lar\u0131m\u0131z\u0131n \u0130\u00e7inde Tutulmas\u0131 Gereken \u015eahin: KIBRIS - Faik Tunay\",\"isPartOf\":{\"@id\":\"https:\/\/faiktunay.com.tr\/#website\"},\"primaryImageOfPage\":{\"@id\":\"https:\/\/faiktunay.com.tr\/her-daim-avuclarimizin-icinde-tutulmasi-gereken-sahin-kibris\/#primaryimage\"},\"image\":{\"@id\":\"https:\/\/faiktunay.com.tr\/her-daim-avuclarimizin-icinde-tutulmasi-gereken-sahin-kibris\/#primaryimage\"},\"thumbnailUrl\":\"https:\/\/faiktunay.com.tr\/wp-content\/uploads\/2023\/03\/faik_tunay_gorseli.jpg\",\"datePublished\":\"2019-03-28T15:06:00+00:00\",\"dateModified\":\"2023-03-28T15:07:13+00:00\",\"breadcrumb\":{\"@id\":\"https:\/\/faiktunay.com.tr\/her-daim-avuclarimizin-icinde-tutulmasi-gereken-sahin-kibris\/#breadcrumb\"},\"inLanguage\":\"en-US\",\"potentialAction\":[{\"@type\":\"ReadAction\",\"target\":[\"https:\/\/faiktunay.com.tr\/her-daim-avuclarimizin-icinde-tutulmasi-gereken-sahin-kibris\/\"]}]},{\"@type\":\"ImageObject\",\"inLanguage\":\"en-US\",\"@id\":\"https:\/\/faiktunay.com.tr\/her-daim-avuclarimizin-icinde-tutulmasi-gereken-sahin-kibris\/#primaryimage\",\"url\":\"https:\/\/faiktunay.com.tr\/wp-content\/uploads\/2023\/03\/faik_tunay_gorseli.jpg\",\"contentUrl\":\"https:\/\/faiktunay.com.tr\/wp-content\/uploads\/2023\/03\/faik_tunay_gorseli.jpg\",\"width\":1080,\"height\":720},{\"@type\":\"BreadcrumbList\",\"@id\":\"https:\/\/faiktunay.com.tr\/her-daim-avuclarimizin-icinde-tutulmasi-gereken-sahin-kibris\/#breadcrumb\",\"itemListElement\":[{\"@type\":\"ListItem\",\"position\":1,\"name\":\"Anasayfa\",\"item\":\"https:\/\/faiktunay.com.tr\/\"},{\"@type\":\"ListItem\",\"position\":2,\"name\":\"Her Daim Avu\u00e7lar\u0131m\u0131z\u0131n \u0130\u00e7inde Tutulmas\u0131 Gereken \u015eahin: KIBRIS\"}]},{\"@type\":\"WebSite\",\"@id\":\"https:\/\/faiktunay.com.tr\/#website\",\"url\":\"https:\/\/faiktunay.com.tr\/\",\"name\":\"Faik Tunay\",\"description\":\"\",\"publisher\":{\"@id\":\"https:\/\/faiktunay.com.tr\/#\/schema\/person\/c49b0bc68a3e76483795a134219cf7cd\"},\"potentialAction\":[{\"@type\":\"SearchAction\",\"target\":{\"@type\":\"EntryPoint\",\"urlTemplate\":\"https:\/\/faiktunay.com.tr\/?s={search_term_string}\"},\"query-input\":{\"@type\":\"PropertyValueSpecification\",\"valueRequired\":true,\"valueName\":\"search_term_string\"}}],\"inLanguage\":\"en-US\"},{\"@type\":[\"Person\",\"Organization\"],\"@id\":\"https:\/\/faiktunay.com.tr\/#\/schema\/person\/c49b0bc68a3e76483795a134219cf7cd\",\"name\":\"Faik Tunay\",\"logo\":{\"@id\":\"https:\/\/faiktunay.com.tr\/#\/schema\/person\/image\/\"},\"sameAs\":[\"https:\/\/faiktunay.com.tr\"]},{\"@type\":\"Person\",\"@id\":\"https:\/\/faiktunay.com.tr\/#\/schema\/person\/2d3f8ee51067426e699447e0de4ee8cb\",\"name\":\"enfal\",\"url\":\"https:\/\/faiktunay.com.tr\/en\/author\/enfal\/\"}]}<\/script>\n<!-- \/ Yoast SEO plugin. -->","yoast_head_json":{"title":"Her Daim Avu\u00e7lar\u0131m\u0131z\u0131n \u0130\u00e7inde Tutulmas\u0131 Gereken \u015eahin: KIBRIS - Faik Tunay","robots":{"index":"index","follow":"follow","max-snippet":"max-snippet:-1","max-image-preview":"max-image-preview:large","max-video-preview":"max-video-preview:-1"},"canonical":"https:\/\/faiktunay.com.tr\/en\/her-daim-avuclarimizin-icinde-tutulmasi-gereken-sahin-kibris\/","og_locale":"en_US","og_type":"article","og_title":"Her Daim Avu\u00e7lar\u0131m\u0131z\u0131n \u0130\u00e7inde Tutulmas\u0131 Gereken \u015eahin: KIBRIS - Faik Tunay","og_description":"Do\u011fu Akdeniz, T\u00fcrkiye i\u00e7in \u00e7ok \u00f6nemli bir co\u011frafyad\u0131r. Bu b\u00f6lge, T\u00fcrkiye\u2019ninOrta Do\u011fu\u2019ya a\u00e7\u0131lan bir deniz kap\u0131s\u0131d\u0131r. G\u00fczel afroditin diyar\u0131, uluslararas\u0131ili\u015fkiler d\u00fcnyas\u0131nda y\u0131rt\u0131c\u0131 bir ku\u015ftur asl\u0131nda\u2026 \u0130\u015fte bu y\u00fczden K\u0131br\u0131s,T\u00fcrkiye\u2019nin ellerinden u\u00e7mamas\u0131 ve her daim avucunun i\u00e7erisinde tutulmas\u0131gereken bir \u015fahin gibidir. K\u0131br\u0131s Adas\u0131, tarihin her d\u00f6neminde uluslararas\u0131kamuoyunun ilgi alan\u0131nda olmu\u015ftur. K\u0131br\u0131s Adas\u0131, 9251 km2 y\u00fcz\u00f6l\u00e7\u00fcm\u00fc ileDo\u011fu [&hellip;]","og_url":"https:\/\/faiktunay.com.tr\/en\/her-daim-avuclarimizin-icinde-tutulmasi-gereken-sahin-kibris\/","og_site_name":"Faik Tunay","article_published_time":"2019-03-28T15:06:00+00:00","article_modified_time":"2023-03-28T15:07:13+00:00","og_image":[{"width":1080,"height":720,"url":"https:\/\/faiktunay.com.tr\/wp-content\/uploads\/2023\/03\/faik_tunay_gorseli.jpg","type":"image\/jpeg"}],"author":"enfal","twitter_card":"summary_large_image","twitter_misc":{"Written by":"enfal","Est. reading time":"7 minutes"},"schema":{"@context":"https:\/\/schema.org","@graph":[{"@type":"Article","@id":"https:\/\/faiktunay.com.tr\/her-daim-avuclarimizin-icinde-tutulmasi-gereken-sahin-kibris\/#article","isPartOf":{"@id":"https:\/\/faiktunay.com.tr\/her-daim-avuclarimizin-icinde-tutulmasi-gereken-sahin-kibris\/"},"author":{"name":"enfal","@id":"https:\/\/faiktunay.com.tr\/#\/schema\/person\/2d3f8ee51067426e699447e0de4ee8cb"},"headline":"Her Daim Avu\u00e7lar\u0131m\u0131z\u0131n \u0130\u00e7inde Tutulmas\u0131 Gereken \u015eahin: KIBRIS","datePublished":"2019-03-28T15:06:00+00:00","dateModified":"2023-03-28T15:07:13+00:00","mainEntityOfPage":{"@id":"https:\/\/faiktunay.com.tr\/her-daim-avuclarimizin-icinde-tutulmasi-gereken-sahin-kibris\/"},"wordCount":1343,"publisher":{"@id":"https:\/\/faiktunay.com.tr\/#\/schema\/person\/c49b0bc68a3e76483795a134219cf7cd"},"image":{"@id":"https:\/\/faiktunay.com.tr\/her-daim-avuclarimizin-icinde-tutulmasi-gereken-sahin-kibris\/#primaryimage"},"thumbnailUrl":"https:\/\/faiktunay.com.tr\/wp-content\/uploads\/2023\/03\/faik_tunay_gorseli.jpg","keywords":["Faik Tunay"],"articleSection":["Haberler"],"inLanguage":"en-US"},{"@type":"WebPage","@id":"https:\/\/faiktunay.com.tr\/her-daim-avuclarimizin-icinde-tutulmasi-gereken-sahin-kibris\/","url":"https:\/\/faiktunay.com.tr\/her-daim-avuclarimizin-icinde-tutulmasi-gereken-sahin-kibris\/","name":"Her Daim Avu\u00e7lar\u0131m\u0131z\u0131n \u0130\u00e7inde Tutulmas\u0131 Gereken \u015eahin: KIBRIS - Faik Tunay","isPartOf":{"@id":"https:\/\/faiktunay.com.tr\/#website"},"primaryImageOfPage":{"@id":"https:\/\/faiktunay.com.tr\/her-daim-avuclarimizin-icinde-tutulmasi-gereken-sahin-kibris\/#primaryimage"},"image":{"@id":"https:\/\/faiktunay.com.tr\/her-daim-avuclarimizin-icinde-tutulmasi-gereken-sahin-kibris\/#primaryimage"},"thumbnailUrl":"https:\/\/faiktunay.com.tr\/wp-content\/uploads\/2023\/03\/faik_tunay_gorseli.jpg","datePublished":"2019-03-28T15:06:00+00:00","dateModified":"2023-03-28T15:07:13+00:00","breadcrumb":{"@id":"https:\/\/faiktunay.com.tr\/her-daim-avuclarimizin-icinde-tutulmasi-gereken-sahin-kibris\/#breadcrumb"},"inLanguage":"en-US","potentialAction":[{"@type":"ReadAction","target":["https:\/\/faiktunay.com.tr\/her-daim-avuclarimizin-icinde-tutulmasi-gereken-sahin-kibris\/"]}]},{"@type":"ImageObject","inLanguage":"en-US","@id":"https:\/\/faiktunay.com.tr\/her-daim-avuclarimizin-icinde-tutulmasi-gereken-sahin-kibris\/#primaryimage","url":"https:\/\/faiktunay.com.tr\/wp-content\/uploads\/2023\/03\/faik_tunay_gorseli.jpg","contentUrl":"https:\/\/faiktunay.com.tr\/wp-content\/uploads\/2023\/03\/faik_tunay_gorseli.jpg","width":1080,"height":720},{"@type":"BreadcrumbList","@id":"https:\/\/faiktunay.com.tr\/her-daim-avuclarimizin-icinde-tutulmasi-gereken-sahin-kibris\/#breadcrumb","itemListElement":[{"@type":"ListItem","position":1,"name":"Anasayfa","item":"https:\/\/faiktunay.com.tr\/"},{"@type":"ListItem","position":2,"name":"Her Daim Avu\u00e7lar\u0131m\u0131z\u0131n \u0130\u00e7inde Tutulmas\u0131 Gereken \u015eahin: KIBRIS"}]},{"@type":"WebSite","@id":"https:\/\/faiktunay.com.tr\/#website","url":"https:\/\/faiktunay.com.tr\/","name":"Faik Tunay","description":"","publisher":{"@id":"https:\/\/faiktunay.com.tr\/#\/schema\/person\/c49b0bc68a3e76483795a134219cf7cd"},"potentialAction":[{"@type":"SearchAction","target":{"@type":"EntryPoint","urlTemplate":"https:\/\/faiktunay.com.tr\/?s={search_term_string}"},"query-input":{"@type":"PropertyValueSpecification","valueRequired":true,"valueName":"search_term_string"}}],"inLanguage":"en-US"},{"@type":["Person","Organization"],"@id":"https:\/\/faiktunay.com.tr\/#\/schema\/person\/c49b0bc68a3e76483795a134219cf7cd","name":"Faik Tunay","logo":{"@id":"https:\/\/faiktunay.com.tr\/#\/schema\/person\/image\/"},"sameAs":["https:\/\/faiktunay.com.tr"]},{"@type":"Person","@id":"https:\/\/faiktunay.com.tr\/#\/schema\/person\/2d3f8ee51067426e699447e0de4ee8cb","name":"anfal","url":"https:\/\/faiktunay.com.tr\/en\/author\/enfal\/"}]}},"_links":{"self":[{"href":"https:\/\/faiktunay.com.tr\/en\/wp-json\/wp\/v2\/posts\/589","targetHints":{"allow":["GET"]}}],"collection":[{"href":"https:\/\/faiktunay.com.tr\/en\/wp-json\/wp\/v2\/posts"}],"about":[{"href":"https:\/\/faiktunay.com.tr\/en\/wp-json\/wp\/v2\/types\/post"}],"author":[{"embeddable":true,"href":"https:\/\/faiktunay.com.tr\/en\/wp-json\/wp\/v2\/users\/2"}],"replies":[{"embeddable":true,"href":"https:\/\/faiktunay.com.tr\/en\/wp-json\/wp\/v2\/comments?post=589"}],"version-history":[{"count":0,"href":"https:\/\/faiktunay.com.tr\/en\/wp-json\/wp\/v2\/posts\/589\/revisions"}],"wp:featuredmedia":[{"embeddable":true,"href":"https:\/\/faiktunay.com.tr\/en\/wp-json\/wp\/v2\/media\/411"}],"wp:attachment":[{"href":"https:\/\/faiktunay.com.tr\/en\/wp-json\/wp\/v2\/media?parent=589"}],"wp:term":[{"taxonomy":"category","embeddable":true,"href":"https:\/\/faiktunay.com.tr\/en\/wp-json\/wp\/v2\/categories?post=589"},{"taxonomy":"post_tag","embeddable":true,"href":"https:\/\/faiktunay.com.tr\/en\/wp-json\/wp\/v2\/tags?post=589"}],"curies":[{"name":"wp","href":"https:\/\/api.w.org\/{rel}","templated":true}]}}