{"id":596,"date":"2019-03-28T15:09:00","date_gmt":"2019-03-28T15:09:00","guid":{"rendered":"https:\/\/faiktunay.com.tr\/?p=596"},"modified":"2023-03-28T15:10:30","modified_gmt":"2023-03-28T15:10:30","slug":"dusunduren-guney-kore-turkiye-karsilastirmasi","status":"publish","type":"post","link":"https:\/\/faiktunay.com.tr\/en\/dusunduren-guney-kore-turkiye-karsilastirmasi\/","title":{"rendered":"Thought-provoking South Korea-T\u00fcrkiye Comparison"},"content":{"rendered":"<p><em><strong>R&amp;D (Research and Development)<\/strong><\/em>\u00a0It is a reality whose importance, unfortunately, is still not fully understood in our country. Although there has been progress in recent years, we are still far behind compared to developed countries. At a time when the world is discussing the concept of Industry 4.0, R&amp;D is very important for us.<\/p>","protected":false},"excerpt":{"rendered":"<p>Unfortunately, R&amp;D (Research and Development) is a reality in our country whose importance is still not fully understood. Although there has been progress in recent years, we are still far behind compared to developed countries. At a time when the world is discussing the concept of Industry 4.0, R&amp;D is very important for us.<\/p>","protected":false},"author":2,"featured_media":411,"comment_status":"closed","ping_status":"closed","sticky":false,"template":"","format":"standard","meta":{"footnotes":""},"categories":[16],"tags":[22],"class_list":["post-596","post","type-post","status-publish","format-standard","has-post-thumbnail","hentry","category-haberler","tag-faik-tunay"],"yoast_head":"<!-- This site is optimized with the Yoast SEO plugin v25.7 - https:\/\/yoast.com\/wordpress\/plugins\/seo\/ -->\n<title>D\u00fc\u015f\u00fcnd\u00fcren G\u00fcney Kore-T\u00fcrkiye Kar\u015f\u0131la\u015ft\u0131rmas\u0131 - Faik Tunay<\/title>\n<meta name=\"robots\" content=\"index, follow, max-snippet:-1, max-image-preview:large, max-video-preview:-1\" \/>\n<link rel=\"canonical\" href=\"https:\/\/faiktunay.com.tr\/en\/dusunduren-guney-kore-turkiye-karsilastirmasi\/\" \/>\n<meta property=\"og:locale\" content=\"en_US\" \/>\n<meta property=\"og:type\" content=\"article\" \/>\n<meta property=\"og:title\" content=\"D\u00fc\u015f\u00fcnd\u00fcren G\u00fcney Kore-T\u00fcrkiye Kar\u015f\u0131la\u015ft\u0131rmas\u0131 - Faik Tunay\" \/>\n<meta property=\"og:description\" content=\"AR-GE (Ara\u015ft\u0131rma ve Geli\u015ftirme)\u00a0\u00fclkemizde maalesef \u00f6nemi hala tam anlam\u0131yla kavranamayan bir ger\u00e7eklik. Son y\u0131llarda ilerlemeler olsa da hala geli\u015fmi\u015f \u00fclkelere nazaran \u00e7ok gerilerdeyiz. D\u00fcnya\u2019n\u0131n End\u00fcstri 4.0 kavram\u0131n\u0131 tart\u0131\u015ft\u0131\u011f\u0131 bir zaman diliminde AR-GE bizim i\u00e7in \u00e7ok \u00f6nemli.\" \/>\n<meta property=\"og:url\" content=\"https:\/\/faiktunay.com.tr\/en\/dusunduren-guney-kore-turkiye-karsilastirmasi\/\" \/>\n<meta property=\"og:site_name\" content=\"Faik Tunay\" \/>\n<meta property=\"article:published_time\" content=\"2019-03-28T15:09:00+00:00\" \/>\n<meta property=\"article:modified_time\" content=\"2023-03-28T15:10:30+00:00\" \/>\n<meta property=\"og:image\" content=\"https:\/\/faiktunay.com.tr\/wp-content\/uploads\/2023\/03\/faik_tunay_gorseli.jpg\" \/>\n\t<meta property=\"og:image:width\" content=\"1080\" \/>\n\t<meta property=\"og:image:height\" content=\"720\" \/>\n\t<meta property=\"og:image:type\" content=\"image\/jpeg\" \/>\n<meta name=\"author\" content=\"enfal\" \/>\n<meta name=\"twitter:card\" content=\"summary_large_image\" \/>\n<meta name=\"twitter:label1\" content=\"Written by\" \/>\n\t<meta name=\"twitter:data1\" content=\"enfal\" \/>\n<script type=\"application\/ld+json\" class=\"yoast-schema-graph\">{\"@context\":\"https:\/\/schema.org\",\"@graph\":[{\"@type\":\"Article\",\"@id\":\"https:\/\/faiktunay.com.tr\/dusunduren-guney-kore-turkiye-karsilastirmasi\/#article\",\"isPartOf\":{\"@id\":\"https:\/\/faiktunay.com.tr\/dusunduren-guney-kore-turkiye-karsilastirmasi\/\"},\"author\":{\"name\":\"enfal\",\"@id\":\"https:\/\/faiktunay.com.tr\/#\/schema\/person\/2d3f8ee51067426e699447e0de4ee8cb\"},\"headline\":\"D\u00fc\u015f\u00fcnd\u00fcren G\u00fcney Kore-T\u00fcrkiye Kar\u015f\u0131la\u015ft\u0131rmas\u0131\",\"datePublished\":\"2019-03-28T15:09:00+00:00\",\"dateModified\":\"2023-03-28T15:10:30+00:00\",\"mainEntityOfPage\":{\"@id\":\"https:\/\/faiktunay.com.tr\/dusunduren-guney-kore-turkiye-karsilastirmasi\/\"},\"wordCount\":61,\"publisher\":{\"@id\":\"https:\/\/faiktunay.com.tr\/#\/schema\/person\/c49b0bc68a3e76483795a134219cf7cd\"},\"image\":{\"@id\":\"https:\/\/faiktunay.com.tr\/dusunduren-guney-kore-turkiye-karsilastirmasi\/#primaryimage\"},\"thumbnailUrl\":\"https:\/\/faiktunay.com.tr\/wp-content\/uploads\/2023\/03\/faik_tunay_gorseli.jpg\",\"keywords\":[\"Faik Tunay\"],\"articleSection\":[\"Haberler\"],\"inLanguage\":\"en-US\"},{\"@type\":\"WebPage\",\"@id\":\"https:\/\/faiktunay.com.tr\/dusunduren-guney-kore-turkiye-karsilastirmasi\/\",\"url\":\"https:\/\/faiktunay.com.tr\/dusunduren-guney-kore-turkiye-karsilastirmasi\/\",\"name\":\"D\u00fc\u015f\u00fcnd\u00fcren G\u00fcney Kore-T\u00fcrkiye Kar\u015f\u0131la\u015ft\u0131rmas\u0131 - Faik Tunay\",\"isPartOf\":{\"@id\":\"https:\/\/faiktunay.com.tr\/#website\"},\"primaryImageOfPage\":{\"@id\":\"https:\/\/faiktunay.com.tr\/dusunduren-guney-kore-turkiye-karsilastirmasi\/#primaryimage\"},\"image\":{\"@id\":\"https:\/\/faiktunay.com.tr\/dusunduren-guney-kore-turkiye-karsilastirmasi\/#primaryimage\"},\"thumbnailUrl\":\"https:\/\/faiktunay.com.tr\/wp-content\/uploads\/2023\/03\/faik_tunay_gorseli.jpg\",\"datePublished\":\"2019-03-28T15:09:00+00:00\",\"dateModified\":\"2023-03-28T15:10:30+00:00\",\"breadcrumb\":{\"@id\":\"https:\/\/faiktunay.com.tr\/dusunduren-guney-kore-turkiye-karsilastirmasi\/#breadcrumb\"},\"inLanguage\":\"en-US\",\"potentialAction\":[{\"@type\":\"ReadAction\",\"target\":[\"https:\/\/faiktunay.com.tr\/dusunduren-guney-kore-turkiye-karsilastirmasi\/\"]}]},{\"@type\":\"ImageObject\",\"inLanguage\":\"en-US\",\"@id\":\"https:\/\/faiktunay.com.tr\/dusunduren-guney-kore-turkiye-karsilastirmasi\/#primaryimage\",\"url\":\"https:\/\/faiktunay.com.tr\/wp-content\/uploads\/2023\/03\/faik_tunay_gorseli.jpg\",\"contentUrl\":\"https:\/\/faiktunay.com.tr\/wp-content\/uploads\/2023\/03\/faik_tunay_gorseli.jpg\",\"width\":1080,\"height\":720},{\"@type\":\"BreadcrumbList\",\"@id\":\"https:\/\/faiktunay.com.tr\/dusunduren-guney-kore-turkiye-karsilastirmasi\/#breadcrumb\",\"itemListElement\":[{\"@type\":\"ListItem\",\"position\":1,\"name\":\"Anasayfa\",\"item\":\"https:\/\/faiktunay.com.tr\/\"},{\"@type\":\"ListItem\",\"position\":2,\"name\":\"D\u00fc\u015f\u00fcnd\u00fcren G\u00fcney Kore-T\u00fcrkiye Kar\u015f\u0131la\u015ft\u0131rmas\u0131\"}]},{\"@type\":\"WebSite\",\"@id\":\"https:\/\/faiktunay.com.tr\/#website\",\"url\":\"https:\/\/faiktunay.com.tr\/\",\"name\":\"Faik Tunay\",\"description\":\"\",\"publisher\":{\"@id\":\"https:\/\/faiktunay.com.tr\/#\/schema\/person\/c49b0bc68a3e76483795a134219cf7cd\"},\"potentialAction\":[{\"@type\":\"SearchAction\",\"target\":{\"@type\":\"EntryPoint\",\"urlTemplate\":\"https:\/\/faiktunay.com.tr\/?s={search_term_string}\"},\"query-input\":{\"@type\":\"PropertyValueSpecification\",\"valueRequired\":true,\"valueName\":\"search_term_string\"}}],\"inLanguage\":\"en-US\"},{\"@type\":[\"Person\",\"Organization\"],\"@id\":\"https:\/\/faiktunay.com.tr\/#\/schema\/person\/c49b0bc68a3e76483795a134219cf7cd\",\"name\":\"Faik Tunay\",\"logo\":{\"@id\":\"https:\/\/faiktunay.com.tr\/#\/schema\/person\/image\/\"},\"sameAs\":[\"https:\/\/faiktunay.com.tr\"]},{\"@type\":\"Person\",\"@id\":\"https:\/\/faiktunay.com.tr\/#\/schema\/person\/2d3f8ee51067426e699447e0de4ee8cb\",\"name\":\"enfal\",\"url\":\"https:\/\/faiktunay.com.tr\/en\/author\/enfal\/\"}]}<\/script>\n<!-- \/ Yoast SEO plugin. -->","yoast_head_json":{"title":"D\u00fc\u015f\u00fcnd\u00fcren G\u00fcney Kore-T\u00fcrkiye Kar\u015f\u0131la\u015ft\u0131rmas\u0131 - Faik Tunay","robots":{"index":"index","follow":"follow","max-snippet":"max-snippet:-1","max-image-preview":"max-image-preview:large","max-video-preview":"max-video-preview:-1"},"canonical":"https:\/\/faiktunay.com.tr\/en\/dusunduren-guney-kore-turkiye-karsilastirmasi\/","og_locale":"en_US","og_type":"article","og_title":"D\u00fc\u015f\u00fcnd\u00fcren G\u00fcney Kore-T\u00fcrkiye Kar\u015f\u0131la\u015ft\u0131rmas\u0131 - Faik Tunay","og_description":"AR-GE (Ara\u015ft\u0131rma ve Geli\u015ftirme)\u00a0\u00fclkemizde maalesef \u00f6nemi hala tam anlam\u0131yla kavranamayan bir ger\u00e7eklik. Son y\u0131llarda ilerlemeler olsa da hala geli\u015fmi\u015f \u00fclkelere nazaran \u00e7ok gerilerdeyiz. D\u00fcnya\u2019n\u0131n End\u00fcstri 4.0 kavram\u0131n\u0131 tart\u0131\u015ft\u0131\u011f\u0131 bir zaman diliminde AR-GE bizim i\u00e7in \u00e7ok \u00f6nemli.","og_url":"https:\/\/faiktunay.com.tr\/en\/dusunduren-guney-kore-turkiye-karsilastirmasi\/","og_site_name":"Faik Tunay","article_published_time":"2019-03-28T15:09:00+00:00","article_modified_time":"2023-03-28T15:10:30+00:00","og_image":[{"width":1080,"height":720,"url":"https:\/\/faiktunay.com.tr\/wp-content\/uploads\/2023\/03\/faik_tunay_gorseli.jpg","type":"image\/jpeg"}],"author":"enfal","twitter_card":"summary_large_image","twitter_misc":{"Written by":"enfal"},"schema":{"@context":"https:\/\/schema.org","@graph":[{"@type":"Article","@id":"https:\/\/faiktunay.com.tr\/dusunduren-guney-kore-turkiye-karsilastirmasi\/#article","isPartOf":{"@id":"https:\/\/faiktunay.com.tr\/dusunduren-guney-kore-turkiye-karsilastirmasi\/"},"author":{"name":"enfal","@id":"https:\/\/faiktunay.com.tr\/#\/schema\/person\/2d3f8ee51067426e699447e0de4ee8cb"},"headline":"D\u00fc\u015f\u00fcnd\u00fcren G\u00fcney Kore-T\u00fcrkiye Kar\u015f\u0131la\u015ft\u0131rmas\u0131","datePublished":"2019-03-28T15:09:00+00:00","dateModified":"2023-03-28T15:10:30+00:00","mainEntityOfPage":{"@id":"https:\/\/faiktunay.com.tr\/dusunduren-guney-kore-turkiye-karsilastirmasi\/"},"wordCount":61,"publisher":{"@id":"https:\/\/faiktunay.com.tr\/#\/schema\/person\/c49b0bc68a3e76483795a134219cf7cd"},"image":{"@id":"https:\/\/faiktunay.com.tr\/dusunduren-guney-kore-turkiye-karsilastirmasi\/#primaryimage"},"thumbnailUrl":"https:\/\/faiktunay.com.tr\/wp-content\/uploads\/2023\/03\/faik_tunay_gorseli.jpg","keywords":["Faik Tunay"],"articleSection":["Haberler"],"inLanguage":"en-US"},{"@type":"WebPage","@id":"https:\/\/faiktunay.com.tr\/dusunduren-guney-kore-turkiye-karsilastirmasi\/","url":"https:\/\/faiktunay.com.tr\/dusunduren-guney-kore-turkiye-karsilastirmasi\/","name":"D\u00fc\u015f\u00fcnd\u00fcren G\u00fcney Kore-T\u00fcrkiye Kar\u015f\u0131la\u015ft\u0131rmas\u0131 - Faik Tunay","isPartOf":{"@id":"https:\/\/faiktunay.com.tr\/#website"},"primaryImageOfPage":{"@id":"https:\/\/faiktunay.com.tr\/dusunduren-guney-kore-turkiye-karsilastirmasi\/#primaryimage"},"image":{"@id":"https:\/\/faiktunay.com.tr\/dusunduren-guney-kore-turkiye-karsilastirmasi\/#primaryimage"},"thumbnailUrl":"https:\/\/faiktunay.com.tr\/wp-content\/uploads\/2023\/03\/faik_tunay_gorseli.jpg","datePublished":"2019-03-28T15:09:00+00:00","dateModified":"2023-03-28T15:10:30+00:00","breadcrumb":{"@id":"https:\/\/faiktunay.com.tr\/dusunduren-guney-kore-turkiye-karsilastirmasi\/#breadcrumb"},"inLanguage":"en-US","potentialAction":[{"@type":"ReadAction","target":["https:\/\/faiktunay.com.tr\/dusunduren-guney-kore-turkiye-karsilastirmasi\/"]}]},{"@type":"ImageObject","inLanguage":"en-US","@id":"https:\/\/faiktunay.com.tr\/dusunduren-guney-kore-turkiye-karsilastirmasi\/#primaryimage","url":"https:\/\/faiktunay.com.tr\/wp-content\/uploads\/2023\/03\/faik_tunay_gorseli.jpg","contentUrl":"https:\/\/faiktunay.com.tr\/wp-content\/uploads\/2023\/03\/faik_tunay_gorseli.jpg","width":1080,"height":720},{"@type":"BreadcrumbList","@id":"https:\/\/faiktunay.com.tr\/dusunduren-guney-kore-turkiye-karsilastirmasi\/#breadcrumb","itemListElement":[{"@type":"ListItem","position":1,"name":"Anasayfa","item":"https:\/\/faiktunay.com.tr\/"},{"@type":"ListItem","position":2,"name":"D\u00fc\u015f\u00fcnd\u00fcren G\u00fcney Kore-T\u00fcrkiye Kar\u015f\u0131la\u015ft\u0131rmas\u0131"}]},{"@type":"WebSite","@id":"https:\/\/faiktunay.com.tr\/#website","url":"https:\/\/faiktunay.com.tr\/","name":"Faik Tunay","description":"","publisher":{"@id":"https:\/\/faiktunay.com.tr\/#\/schema\/person\/c49b0bc68a3e76483795a134219cf7cd"},"potentialAction":[{"@type":"SearchAction","target":{"@type":"EntryPoint","urlTemplate":"https:\/\/faiktunay.com.tr\/?s={search_term_string}"},"query-input":{"@type":"PropertyValueSpecification","valueRequired":true,"valueName":"search_term_string"}}],"inLanguage":"en-US"},{"@type":["Person","Organization"],"@id":"https:\/\/faiktunay.com.tr\/#\/schema\/person\/c49b0bc68a3e76483795a134219cf7cd","name":"Faik Tunay","logo":{"@id":"https:\/\/faiktunay.com.tr\/#\/schema\/person\/image\/"},"sameAs":["https:\/\/faiktunay.com.tr"]},{"@type":"Person","@id":"https:\/\/faiktunay.com.tr\/#\/schema\/person\/2d3f8ee51067426e699447e0de4ee8cb","name":"anfal","url":"https:\/\/faiktunay.com.tr\/en\/author\/enfal\/"}]}},"_links":{"self":[{"href":"https:\/\/faiktunay.com.tr\/en\/wp-json\/wp\/v2\/posts\/596","targetHints":{"allow":["GET"]}}],"collection":[{"href":"https:\/\/faiktunay.com.tr\/en\/wp-json\/wp\/v2\/posts"}],"about":[{"href":"https:\/\/faiktunay.com.tr\/en\/wp-json\/wp\/v2\/types\/post"}],"author":[{"embeddable":true,"href":"https:\/\/faiktunay.com.tr\/en\/wp-json\/wp\/v2\/users\/2"}],"replies":[{"embeddable":true,"href":"https:\/\/faiktunay.com.tr\/en\/wp-json\/wp\/v2\/comments?post=596"}],"version-history":[{"count":0,"href":"https:\/\/faiktunay.com.tr\/en\/wp-json\/wp\/v2\/posts\/596\/revisions"}],"wp:featuredmedia":[{"embeddable":true,"href":"https:\/\/faiktunay.com.tr\/en\/wp-json\/wp\/v2\/media\/411"}],"wp:attachment":[{"href":"https:\/\/faiktunay.com.tr\/en\/wp-json\/wp\/v2\/media?parent=596"}],"wp:term":[{"taxonomy":"category","embeddable":true,"href":"https:\/\/faiktunay.com.tr\/en\/wp-json\/wp\/v2\/categories?post=596"},{"taxonomy":"post_tag","embeddable":true,"href":"https:\/\/faiktunay.com.tr\/en\/wp-json\/wp\/v2\/tags?post=596"}],"curies":[{"name":"wp","href":"https:\/\/api.w.org\/{rel}","templated":true}]}}