{"id":601,"date":"2019-03-28T15:13:00","date_gmt":"2019-03-28T15:13:00","guid":{"rendered":"https:\/\/faiktunay.com.tr\/?p=601"},"modified":"2023-03-28T15:14:37","modified_gmt":"2023-03-28T15:14:37","slug":"oda-tvde-faik-tunay-hakkinda-cikan-habereyine-oda-tvde-yayinlanan-cevabi","status":"publish","type":"post","link":"https:\/\/faiktunay.com.tr\/en\/oda-tvde-faik-tunay-hakkinda-cikan-habereyine-oda-tvde-yayinlanan-cevabi\/","title":{"rendered":"His Response to the News About Faik Tunay on ODA TV, Also Broadcast on ODA TV"},"content":{"rendered":"<p>Tunay, who was a guest on \u00c7a\u011flar Cilara&#039;s program, gave clear and sincere answers to the questions asked to him, as always.<em><strong>Although his interview, which was broadcast on ODA TV only twenty days after the coup, is still in the archives and ODA TV was the first and only news outlet to conduct the interview at that time.<\/strong>\u00a0<\/em>As a result of a news that was far from objectivity and disconnected from the facts after his program with Cilara, Tunay sent his answer to ODA TV based on the news, and ODA TV published the answer on its page.<\/p>","protected":false},"excerpt":{"rendered":"<p>Tunay, who was a guest on \u00c7a\u011flar Cilara&#039;s program, gave clear and sincere answers to the questions asked to him, as always. Cilara said that although his interview, which was broadcast on ODA TV only twenty days after the coup, was still in the archives and ODA TV was the first and only news channel to conduct the interview at that time. As a result of a news that was far from objectivity and disconnected from reality after his program with [...]<\/p>","protected":false},"author":2,"featured_media":602,"comment_status":"closed","ping_status":"closed","sticky":false,"template":"","format":"standard","meta":{"footnotes":""},"categories":[16],"tags":[22],"class_list":["post-601","post","type-post","status-publish","format-standard","has-post-thumbnail","hentry","category-haberler","tag-faik-tunay"],"yoast_head":"<!-- This site is optimized with the Yoast SEO plugin v25.7 - https:\/\/yoast.com\/wordpress\/plugins\/seo\/ -->\n<title>ODA TV\u2019de Faik Tunay Hakk\u0131nda \u00c7\u0131kan Habere,Yine ODA TV\u2019de Yay\u0131nlanan Cevab\u0131 - Faik Tunay<\/title>\n<meta name=\"robots\" content=\"index, follow, max-snippet:-1, max-image-preview:large, max-video-preview:-1\" \/>\n<link rel=\"canonical\" href=\"https:\/\/faiktunay.com.tr\/en\/oda-tvde-faik-tunay-hakkinda-cikan-habereyine-oda-tvde-yayinlanan-cevabi\/\" \/>\n<meta property=\"og:locale\" content=\"en_US\" \/>\n<meta property=\"og:type\" content=\"article\" \/>\n<meta property=\"og:title\" content=\"ODA TV\u2019de Faik Tunay Hakk\u0131nda \u00c7\u0131kan Habere,Yine ODA TV\u2019de Yay\u0131nlanan Cevab\u0131 - Faik Tunay\" \/>\n<meta property=\"og:description\" content=\"\u00c7a\u011flar Cilara\u2019n\u0131n program\u0131na konuk olan Tunay kendisine sorulan sorulara her zaman oldu\u011fu gibi net,samimi cevaplar verdi,ODA TV\u2019de darbeden sadece yirmi g\u00fcn sonra yay\u0131nlanan r\u00f6portaj\u0131 hala ar\u015fivde dururken ve o zaman r\u00f6portaj\u0131 yapan ilk ve tek haber mecras\u0131 ODA TV olmas\u0131na ra\u011fmen\u00a0Cilara ile yapt\u0131\u011f\u0131 program sonras\u0131 objektiflikten uzak,ger\u00e7eklerden kopuk bir haber yap\u0131lmas\u0131 sonucu Tunay habere istinaden [&hellip;]\" \/>\n<meta property=\"og:url\" content=\"https:\/\/faiktunay.com.tr\/en\/oda-tvde-faik-tunay-hakkinda-cikan-habereyine-oda-tvde-yayinlanan-cevabi\/\" \/>\n<meta property=\"og:site_name\" content=\"Faik Tunay\" \/>\n<meta property=\"article:published_time\" content=\"2019-03-28T15:13:00+00:00\" \/>\n<meta property=\"article:modified_time\" content=\"2023-03-28T15:14:37+00:00\" \/>\n<meta property=\"og:image\" content=\"https:\/\/faiktunay.com.tr\/wp-content\/uploads\/2023\/03\/faik_tunay_oda_tv.jpg\" \/>\n\t<meta property=\"og:image:width\" content=\"1080\" \/>\n\t<meta property=\"og:image:height\" content=\"720\" \/>\n\t<meta property=\"og:image:type\" content=\"image\/jpeg\" \/>\n<meta name=\"author\" content=\"enfal\" \/>\n<meta name=\"twitter:card\" content=\"summary_large_image\" \/>\n<meta name=\"twitter:label1\" content=\"Written by\" \/>\n\t<meta name=\"twitter:data1\" content=\"enfal\" \/>\n<script type=\"application\/ld+json\" class=\"yoast-schema-graph\">{\"@context\":\"https:\/\/schema.org\",\"@graph\":[{\"@type\":\"Article\",\"@id\":\"https:\/\/faiktunay.com.tr\/oda-tvde-faik-tunay-hakkinda-cikan-habereyine-oda-tvde-yayinlanan-cevabi\/#article\",\"isPartOf\":{\"@id\":\"https:\/\/faiktunay.com.tr\/oda-tvde-faik-tunay-hakkinda-cikan-habereyine-oda-tvde-yayinlanan-cevabi\/\"},\"author\":{\"name\":\"enfal\",\"@id\":\"https:\/\/faiktunay.com.tr\/#\/schema\/person\/2d3f8ee51067426e699447e0de4ee8cb\"},\"headline\":\"ODA TV\u2019de Faik Tunay Hakk\u0131nda \u00c7\u0131kan Habere,Yine ODA TV\u2019de Yay\u0131nlanan Cevab\u0131\",\"datePublished\":\"2019-03-28T15:13:00+00:00\",\"dateModified\":\"2023-03-28T15:14:37+00:00\",\"mainEntityOfPage\":{\"@id\":\"https:\/\/faiktunay.com.tr\/oda-tvde-faik-tunay-hakkinda-cikan-habereyine-oda-tvde-yayinlanan-cevabi\/\"},\"wordCount\":105,\"publisher\":{\"@id\":\"https:\/\/faiktunay.com.tr\/#\/schema\/person\/c49b0bc68a3e76483795a134219cf7cd\"},\"image\":{\"@id\":\"https:\/\/faiktunay.com.tr\/oda-tvde-faik-tunay-hakkinda-cikan-habereyine-oda-tvde-yayinlanan-cevabi\/#primaryimage\"},\"thumbnailUrl\":\"https:\/\/faiktunay.com.tr\/wp-content\/uploads\/2023\/03\/faik_tunay_oda_tv.jpg\",\"keywords\":[\"Faik Tunay\"],\"articleSection\":[\"Haberler\"],\"inLanguage\":\"en-US\"},{\"@type\":\"WebPage\",\"@id\":\"https:\/\/faiktunay.com.tr\/oda-tvde-faik-tunay-hakkinda-cikan-habereyine-oda-tvde-yayinlanan-cevabi\/\",\"url\":\"https:\/\/faiktunay.com.tr\/oda-tvde-faik-tunay-hakkinda-cikan-habereyine-oda-tvde-yayinlanan-cevabi\/\",\"name\":\"ODA TV\u2019de Faik Tunay Hakk\u0131nda \u00c7\u0131kan Habere,Yine ODA TV\u2019de Yay\u0131nlanan Cevab\u0131 - Faik Tunay\",\"isPartOf\":{\"@id\":\"https:\/\/faiktunay.com.tr\/#website\"},\"primaryImageOfPage\":{\"@id\":\"https:\/\/faiktunay.com.tr\/oda-tvde-faik-tunay-hakkinda-cikan-habereyine-oda-tvde-yayinlanan-cevabi\/#primaryimage\"},\"image\":{\"@id\":\"https:\/\/faiktunay.com.tr\/oda-tvde-faik-tunay-hakkinda-cikan-habereyine-oda-tvde-yayinlanan-cevabi\/#primaryimage\"},\"thumbnailUrl\":\"https:\/\/faiktunay.com.tr\/wp-content\/uploads\/2023\/03\/faik_tunay_oda_tv.jpg\",\"datePublished\":\"2019-03-28T15:13:00+00:00\",\"dateModified\":\"2023-03-28T15:14:37+00:00\",\"breadcrumb\":{\"@id\":\"https:\/\/faiktunay.com.tr\/oda-tvde-faik-tunay-hakkinda-cikan-habereyine-oda-tvde-yayinlanan-cevabi\/#breadcrumb\"},\"inLanguage\":\"en-US\",\"potentialAction\":[{\"@type\":\"ReadAction\",\"target\":[\"https:\/\/faiktunay.com.tr\/oda-tvde-faik-tunay-hakkinda-cikan-habereyine-oda-tvde-yayinlanan-cevabi\/\"]}]},{\"@type\":\"ImageObject\",\"inLanguage\":\"en-US\",\"@id\":\"https:\/\/faiktunay.com.tr\/oda-tvde-faik-tunay-hakkinda-cikan-habereyine-oda-tvde-yayinlanan-cevabi\/#primaryimage\",\"url\":\"https:\/\/faiktunay.com.tr\/wp-content\/uploads\/2023\/03\/faik_tunay_oda_tv.jpg\",\"contentUrl\":\"https:\/\/faiktunay.com.tr\/wp-content\/uploads\/2023\/03\/faik_tunay_oda_tv.jpg\",\"width\":1080,\"height\":720},{\"@type\":\"BreadcrumbList\",\"@id\":\"https:\/\/faiktunay.com.tr\/oda-tvde-faik-tunay-hakkinda-cikan-habereyine-oda-tvde-yayinlanan-cevabi\/#breadcrumb\",\"itemListElement\":[{\"@type\":\"ListItem\",\"position\":1,\"name\":\"Anasayfa\",\"item\":\"https:\/\/faiktunay.com.tr\/\"},{\"@type\":\"ListItem\",\"position\":2,\"name\":\"ODA TV\u2019de Faik Tunay Hakk\u0131nda \u00c7\u0131kan Habere,Yine ODA TV\u2019de Yay\u0131nlanan Cevab\u0131\"}]},{\"@type\":\"WebSite\",\"@id\":\"https:\/\/faiktunay.com.tr\/#website\",\"url\":\"https:\/\/faiktunay.com.tr\/\",\"name\":\"Faik Tunay\",\"description\":\"\",\"publisher\":{\"@id\":\"https:\/\/faiktunay.com.tr\/#\/schema\/person\/c49b0bc68a3e76483795a134219cf7cd\"},\"potentialAction\":[{\"@type\":\"SearchAction\",\"target\":{\"@type\":\"EntryPoint\",\"urlTemplate\":\"https:\/\/faiktunay.com.tr\/?s={search_term_string}\"},\"query-input\":{\"@type\":\"PropertyValueSpecification\",\"valueRequired\":true,\"valueName\":\"search_term_string\"}}],\"inLanguage\":\"en-US\"},{\"@type\":[\"Person\",\"Organization\"],\"@id\":\"https:\/\/faiktunay.com.tr\/#\/schema\/person\/c49b0bc68a3e76483795a134219cf7cd\",\"name\":\"Faik Tunay\",\"logo\":{\"@id\":\"https:\/\/faiktunay.com.tr\/#\/schema\/person\/image\/\"},\"sameAs\":[\"https:\/\/faiktunay.com.tr\"]},{\"@type\":\"Person\",\"@id\":\"https:\/\/faiktunay.com.tr\/#\/schema\/person\/2d3f8ee51067426e699447e0de4ee8cb\",\"name\":\"enfal\",\"url\":\"https:\/\/faiktunay.com.tr\/en\/author\/enfal\/\"}]}<\/script>\n<!-- \/ Yoast SEO plugin. -->","yoast_head_json":{"title":"ODA TV\u2019de Faik Tunay Hakk\u0131nda \u00c7\u0131kan Habere,Yine ODA TV\u2019de Yay\u0131nlanan Cevab\u0131 - Faik Tunay","robots":{"index":"index","follow":"follow","max-snippet":"max-snippet:-1","max-image-preview":"max-image-preview:large","max-video-preview":"max-video-preview:-1"},"canonical":"https:\/\/faiktunay.com.tr\/en\/oda-tvde-faik-tunay-hakkinda-cikan-habereyine-oda-tvde-yayinlanan-cevabi\/","og_locale":"en_US","og_type":"article","og_title":"ODA TV\u2019de Faik Tunay Hakk\u0131nda \u00c7\u0131kan Habere,Yine ODA TV\u2019de Yay\u0131nlanan Cevab\u0131 - Faik Tunay","og_description":"\u00c7a\u011flar Cilara\u2019n\u0131n program\u0131na konuk olan Tunay kendisine sorulan sorulara her zaman oldu\u011fu gibi net,samimi cevaplar verdi,ODA TV\u2019de darbeden sadece yirmi g\u00fcn sonra yay\u0131nlanan r\u00f6portaj\u0131 hala ar\u015fivde dururken ve o zaman r\u00f6portaj\u0131 yapan ilk ve tek haber mecras\u0131 ODA TV olmas\u0131na ra\u011fmen\u00a0Cilara ile yapt\u0131\u011f\u0131 program sonras\u0131 objektiflikten uzak,ger\u00e7eklerden kopuk bir haber yap\u0131lmas\u0131 sonucu Tunay habere istinaden [&hellip;]","og_url":"https:\/\/faiktunay.com.tr\/en\/oda-tvde-faik-tunay-hakkinda-cikan-habereyine-oda-tvde-yayinlanan-cevabi\/","og_site_name":"Faik Tunay","article_published_time":"2019-03-28T15:13:00+00:00","article_modified_time":"2023-03-28T15:14:37+00:00","og_image":[{"width":1080,"height":720,"url":"https:\/\/faiktunay.com.tr\/wp-content\/uploads\/2023\/03\/faik_tunay_oda_tv.jpg","type":"image\/jpeg"}],"author":"enfal","twitter_card":"summary_large_image","twitter_misc":{"Written by":"enfal"},"schema":{"@context":"https:\/\/schema.org","@graph":[{"@type":"Article","@id":"https:\/\/faiktunay.com.tr\/oda-tvde-faik-tunay-hakkinda-cikan-habereyine-oda-tvde-yayinlanan-cevabi\/#article","isPartOf":{"@id":"https:\/\/faiktunay.com.tr\/oda-tvde-faik-tunay-hakkinda-cikan-habereyine-oda-tvde-yayinlanan-cevabi\/"},"author":{"name":"enfal","@id":"https:\/\/faiktunay.com.tr\/#\/schema\/person\/2d3f8ee51067426e699447e0de4ee8cb"},"headline":"ODA TV\u2019de Faik Tunay Hakk\u0131nda \u00c7\u0131kan Habere,Yine ODA TV\u2019de Yay\u0131nlanan Cevab\u0131","datePublished":"2019-03-28T15:13:00+00:00","dateModified":"2023-03-28T15:14:37+00:00","mainEntityOfPage":{"@id":"https:\/\/faiktunay.com.tr\/oda-tvde-faik-tunay-hakkinda-cikan-habereyine-oda-tvde-yayinlanan-cevabi\/"},"wordCount":105,"publisher":{"@id":"https:\/\/faiktunay.com.tr\/#\/schema\/person\/c49b0bc68a3e76483795a134219cf7cd"},"image":{"@id":"https:\/\/faiktunay.com.tr\/oda-tvde-faik-tunay-hakkinda-cikan-habereyine-oda-tvde-yayinlanan-cevabi\/#primaryimage"},"thumbnailUrl":"https:\/\/faiktunay.com.tr\/wp-content\/uploads\/2023\/03\/faik_tunay_oda_tv.jpg","keywords":["Faik Tunay"],"articleSection":["Haberler"],"inLanguage":"en-US"},{"@type":"WebPage","@id":"https:\/\/faiktunay.com.tr\/oda-tvde-faik-tunay-hakkinda-cikan-habereyine-oda-tvde-yayinlanan-cevabi\/","url":"https:\/\/faiktunay.com.tr\/oda-tvde-faik-tunay-hakkinda-cikan-habereyine-oda-tvde-yayinlanan-cevabi\/","name":"ODA TV\u2019de Faik Tunay Hakk\u0131nda \u00c7\u0131kan Habere,Yine ODA TV\u2019de Yay\u0131nlanan Cevab\u0131 - Faik Tunay","isPartOf":{"@id":"https:\/\/faiktunay.com.tr\/#website"},"primaryImageOfPage":{"@id":"https:\/\/faiktunay.com.tr\/oda-tvde-faik-tunay-hakkinda-cikan-habereyine-oda-tvde-yayinlanan-cevabi\/#primaryimage"},"image":{"@id":"https:\/\/faiktunay.com.tr\/oda-tvde-faik-tunay-hakkinda-cikan-habereyine-oda-tvde-yayinlanan-cevabi\/#primaryimage"},"thumbnailUrl":"https:\/\/faiktunay.com.tr\/wp-content\/uploads\/2023\/03\/faik_tunay_oda_tv.jpg","datePublished":"2019-03-28T15:13:00+00:00","dateModified":"2023-03-28T15:14:37+00:00","breadcrumb":{"@id":"https:\/\/faiktunay.com.tr\/oda-tvde-faik-tunay-hakkinda-cikan-habereyine-oda-tvde-yayinlanan-cevabi\/#breadcrumb"},"inLanguage":"en-US","potentialAction":[{"@type":"ReadAction","target":["https:\/\/faiktunay.com.tr\/oda-tvde-faik-tunay-hakkinda-cikan-habereyine-oda-tvde-yayinlanan-cevabi\/"]}]},{"@type":"ImageObject","inLanguage":"en-US","@id":"https:\/\/faiktunay.com.tr\/oda-tvde-faik-tunay-hakkinda-cikan-habereyine-oda-tvde-yayinlanan-cevabi\/#primaryimage","url":"https:\/\/faiktunay.com.tr\/wp-content\/uploads\/2023\/03\/faik_tunay_oda_tv.jpg","contentUrl":"https:\/\/faiktunay.com.tr\/wp-content\/uploads\/2023\/03\/faik_tunay_oda_tv.jpg","width":1080,"height":720},{"@type":"BreadcrumbList","@id":"https:\/\/faiktunay.com.tr\/oda-tvde-faik-tunay-hakkinda-cikan-habereyine-oda-tvde-yayinlanan-cevabi\/#breadcrumb","itemListElement":[{"@type":"ListItem","position":1,"name":"Anasayfa","item":"https:\/\/faiktunay.com.tr\/"},{"@type":"ListItem","position":2,"name":"ODA TV\u2019de Faik Tunay Hakk\u0131nda \u00c7\u0131kan Habere,Yine ODA TV\u2019de Yay\u0131nlanan Cevab\u0131"}]},{"@type":"WebSite","@id":"https:\/\/faiktunay.com.tr\/#website","url":"https:\/\/faiktunay.com.tr\/","name":"Faik Tunay","description":"","publisher":{"@id":"https:\/\/faiktunay.com.tr\/#\/schema\/person\/c49b0bc68a3e76483795a134219cf7cd"},"potentialAction":[{"@type":"SearchAction","target":{"@type":"EntryPoint","urlTemplate":"https:\/\/faiktunay.com.tr\/?s={search_term_string}"},"query-input":{"@type":"PropertyValueSpecification","valueRequired":true,"valueName":"search_term_string"}}],"inLanguage":"en-US"},{"@type":["Person","Organization"],"@id":"https:\/\/faiktunay.com.tr\/#\/schema\/person\/c49b0bc68a3e76483795a134219cf7cd","name":"Faik Tunay","logo":{"@id":"https:\/\/faiktunay.com.tr\/#\/schema\/person\/image\/"},"sameAs":["https:\/\/faiktunay.com.tr"]},{"@type":"Person","@id":"https:\/\/faiktunay.com.tr\/#\/schema\/person\/2d3f8ee51067426e699447e0de4ee8cb","name":"anfal","url":"https:\/\/faiktunay.com.tr\/en\/author\/enfal\/"}]}},"_links":{"self":[{"href":"https:\/\/faiktunay.com.tr\/en\/wp-json\/wp\/v2\/posts\/601","targetHints":{"allow":["GET"]}}],"collection":[{"href":"https:\/\/faiktunay.com.tr\/en\/wp-json\/wp\/v2\/posts"}],"about":[{"href":"https:\/\/faiktunay.com.tr\/en\/wp-json\/wp\/v2\/types\/post"}],"author":[{"embeddable":true,"href":"https:\/\/faiktunay.com.tr\/en\/wp-json\/wp\/v2\/users\/2"}],"replies":[{"embeddable":true,"href":"https:\/\/faiktunay.com.tr\/en\/wp-json\/wp\/v2\/comments?post=601"}],"version-history":[{"count":0,"href":"https:\/\/faiktunay.com.tr\/en\/wp-json\/wp\/v2\/posts\/601\/revisions"}],"wp:featuredmedia":[{"embeddable":true,"href":"https:\/\/faiktunay.com.tr\/en\/wp-json\/wp\/v2\/media\/602"}],"wp:attachment":[{"href":"https:\/\/faiktunay.com.tr\/en\/wp-json\/wp\/v2\/media?parent=601"}],"wp:term":[{"taxonomy":"category","embeddable":true,"href":"https:\/\/faiktunay.com.tr\/en\/wp-json\/wp\/v2\/categories?post=601"},{"taxonomy":"post_tag","embeddable":true,"href":"https:\/\/faiktunay.com.tr\/en\/wp-json\/wp\/v2\/tags?post=601"}],"curies":[{"name":"wp","href":"https:\/\/api.w.org\/{rel}","templated":true}]}}