{"id":611,"date":"2024-01-04T21:01:24","date_gmt":"2024-01-04T21:01:24","guid":{"rendered":"https:\/\/faiktunay.com.tr\/?p=611"},"modified":"2024-01-04T21:01:26","modified_gmt":"2024-01-04T21:01:26","slug":"demokrat-partili-faik-tunay-chpdeki-liyakatsizligi-erdogan-ornegiyle-anlatti","status":"publish","type":"post","link":"https:\/\/faiktunay.com.tr\/en\/demokrat-partili-faik-tunay-chpdeki-liyakatsizligi-erdogan-ornegiyle-anlatti\/","title":{"rendered":"Democrat Party member Faik Tunay explained the incompetence in CHP with the example of &#039;Erdo\u011fan&#039;:"},"content":{"rendered":"<p><a href=\"https:\/\/faiktunay.com.tr\/en\/demokrat-partili-faik-tunay-chpdeki-liyakatsizligi-erdogan-ornegiyle-anlatti-adam-bakanlarini-sahaya-surerken-sen-yedi-donem-secilen-vekile-kenara-cekil-diyemiyorsun\/\"><\/a>This week&#039;s guest of the Sert Sorular program, broadcast live on tvnet with the presentation of journalist Taha H\u00fcseyin Karag\u00f6z, was Democratic Party Deputy Chairman Faik Tunay.<\/p>\n\n\n\n<p>In his assessment of why they lost the election, Tunay gave examples of the incompetence in the CHP and the inadequacy of the work in the field.<\/p>\n\n\n\n<p><strong>\u201cWhile the man is driving his ministers to the field, you cannot tell the MP who was elected for seven terms to &#039;step aside&#039;.\u201d<\/strong><\/p>\n\n\n\n<p>Stating that whoever loses the election should resign, Tunay targeted those who were elected as MPs from the CHP ranks for 4, 5, 6 and 7 terms.<\/p>\n\n\n\n<p><strong>. \u201cIf you don&#039;t stand, you will be unbearable.\u201d&nbsp;<\/strong><\/p>\n\n\n\n<p>said Tunay,&nbsp;<\/p>\n\n\n\n<p><strong>\u201cThe man (Erdogan) takes his ministers and puts them in their constituencies. Hulusi Akar is the Chief of Staff of Henel, the head of our army, the Minister of National Defense... Kayseri is shown in the first place. Akar carried out the election campaign with a brochure in his hand, this is the right thing to do.\u201d<\/strong><\/p>\n\n\n\n<p>he said.&nbsp;<\/p>\n\n\n\n<p>Journalist Karag\u00f6z&nbsp;<\/p>\n\n\n\n<p><strong>\u201cThere are people who have been MPs in the CHP for 7 terms.\u201d<\/strong><\/p>\n\n\n\n<p>Upon his reminder, Tunay said,&nbsp;<\/p>\n\n\n\n<p><strong>\u201cThere are many people who have been MPs for 5-6 terms. &quot;On the one hand, you are putting your ministers on the field, and on the other hand, you cannot tell those who have been MPs for 5 terms to &#039;step aside&#039;.&quot;&nbsp;<\/strong><\/p>\n\n\n\n<p>said.<\/p>\n\n\n\n<p><strong>&quot;Erdogan put all his ministers on the field by saying &#039;If I work, you should work too&#039;&quot;<\/strong><\/p>\n\n\n\n<p>Tunay emphasized Erdo\u011fan&#039;s merit and emphasized that 181 of the 285 deputies in the previous term were changed.<\/p>\n\n\n\n<p><strong>\u201cThe minister says, &#039;I don&#039;t understand the position, I&#039;m working and you will too. 323 deputies worked before the second round. &quot;Even if it was 1 percent, this had an impact.&quot;&nbsp;<\/strong><\/p>\n\n\n\n<p>he said.<\/p>","protected":false},"excerpt":{"rendered":"<p>This week&#039;s guest of the Sert Sorular program, broadcast live on tvnet with the presentation of journalist Taha H\u00fcseyin Karag\u00f6z, was Democratic Party Deputy Chairman Faik Tunay. In his assessment of why they lost the election, Tunay gave examples of the incompetence in the CHP and the inadequacy of the work in the field. \u201cWhile the man is putting his ministers on the field, you cannot tell the MP who was elected for seven terms to &#039;step aside&#039;.\u201d The one who loses the election has the duty no matter who [\u2026]<\/p>","protected":false},"author":1,"featured_media":612,"comment_status":"closed","ping_status":"closed","sticky":false,"template":"","format":"standard","meta":{"footnotes":""},"categories":[16],"tags":[],"class_list":["post-611","post","type-post","status-publish","format-standard","has-post-thumbnail","hentry","category-haberler"],"yoast_head":"<!-- This site is optimized with the Yoast SEO plugin v25.7 - https:\/\/yoast.com\/wordpress\/plugins\/seo\/ -->\n<title>Demokrat Partili Faik Tunay CHP\u2019deki liyakatsizli\u011fi \u2018Erdo\u011fan\u2019 \u00f6rne\u011fiyle anlatt\u0131: - Faik Tunay<\/title>\n<meta name=\"robots\" content=\"index, follow, max-snippet:-1, max-image-preview:large, max-video-preview:-1\" \/>\n<link rel=\"canonical\" href=\"https:\/\/faiktunay.com.tr\/en\/demokrat-partili-faik-tunay-chpdeki-liyakatsizligi-erdogan-ornegiyle-anlatti\/\" \/>\n<meta property=\"og:locale\" content=\"en_US\" \/>\n<meta property=\"og:type\" content=\"article\" \/>\n<meta property=\"og:title\" content=\"Demokrat Partili Faik Tunay CHP\u2019deki liyakatsizli\u011fi \u2018Erdo\u011fan\u2019 \u00f6rne\u011fiyle anlatt\u0131: - Faik Tunay\" \/>\n<meta property=\"og:description\" content=\"Gazeteci Taha H\u00fcseyin Karag\u00f6z\u2019\u00fcn sunumuyla tvnet\u2019te canl\u0131 yay\u0131nlanan Sert Sorular program\u0131n\u0131n bu haftaki konu\u011fu Demokrat Parti Genel Ba\u015fkan Yard\u0131mc\u0131s\u0131 Faik Tunay oldu. Tunay, se\u00e7imi neden kaybettiklerine ili\u015fkin yapt\u0131\u011f\u0131 de\u011ferlendirmede CHP\u2019deki liyakatsizliklerden ve sahadaki \u00e7al\u0131\u015fmalar\u0131n yetersizliklerinden \u00f6rnekler verdi. \u201cAdam bakanlar\u0131n\u0131 sahaya s\u00fcrerken sen yedi d\u00f6nem se\u00e7ilen vekile \u2018kenara \u00e7ekil\u2019 diyemiyorsun\u201d Se\u00e7imi kaybedenin kim olursa olsun g\u00f6revi [&hellip;]\" \/>\n<meta property=\"og:url\" content=\"https:\/\/faiktunay.com.tr\/en\/demokrat-partili-faik-tunay-chpdeki-liyakatsizligi-erdogan-ornegiyle-anlatti\/\" \/>\n<meta property=\"og:site_name\" content=\"Faik Tunay\" \/>\n<meta property=\"article:published_time\" content=\"2024-01-04T21:01:24+00:00\" \/>\n<meta property=\"article:modified_time\" content=\"2024-01-04T21:01:26+00:00\" \/>\n<meta property=\"og:image\" content=\"https:\/\/faiktunay.com.tr\/wp-content\/uploads\/2024\/01\/61bcfa69-ztkdpwng92odhky5ada329.jpeg\" \/>\n\t<meta property=\"og:image:width\" content=\"640\" \/>\n\t<meta property=\"og:image:height\" content=\"359\" \/>\n\t<meta property=\"og:image:type\" content=\"image\/jpeg\" \/>\n<meta name=\"author\" content=\"Faik Tunay\" \/>\n<meta name=\"twitter:card\" content=\"summary_large_image\" \/>\n<meta name=\"twitter:label1\" content=\"Written by\" \/>\n\t<meta name=\"twitter:data1\" content=\"Faik Tunay\" \/>\n\t<meta name=\"twitter:label2\" content=\"Est. reading time\" \/>\n\t<meta name=\"twitter:data2\" content=\"1 minute\" \/>\n<script type=\"application\/ld+json\" class=\"yoast-schema-graph\">{\"@context\":\"https:\/\/schema.org\",\"@graph\":[{\"@type\":\"Article\",\"@id\":\"https:\/\/faiktunay.com.tr\/demokrat-partili-faik-tunay-chpdeki-liyakatsizligi-erdogan-ornegiyle-anlatti\/#article\",\"isPartOf\":{\"@id\":\"https:\/\/faiktunay.com.tr\/demokrat-partili-faik-tunay-chpdeki-liyakatsizligi-erdogan-ornegiyle-anlatti\/\"},\"author\":{\"name\":\"Faik Tunay\",\"@id\":\"https:\/\/faiktunay.com.tr\/#\/schema\/person\/c49b0bc68a3e76483795a134219cf7cd\"},\"headline\":\"Demokrat Partili Faik Tunay CHP\u2019deki liyakatsizli\u011fi \u2018Erdo\u011fan\u2019 \u00f6rne\u011fiyle anlatt\u0131:\",\"datePublished\":\"2024-01-04T21:01:24+00:00\",\"dateModified\":\"2024-01-04T21:01:26+00:00\",\"mainEntityOfPage\":{\"@id\":\"https:\/\/faiktunay.com.tr\/demokrat-partili-faik-tunay-chpdeki-liyakatsizligi-erdogan-ornegiyle-anlatti\/\"},\"wordCount\":274,\"publisher\":{\"@id\":\"https:\/\/faiktunay.com.tr\/#\/schema\/person\/c49b0bc68a3e76483795a134219cf7cd\"},\"image\":{\"@id\":\"https:\/\/faiktunay.com.tr\/demokrat-partili-faik-tunay-chpdeki-liyakatsizligi-erdogan-ornegiyle-anlatti\/#primaryimage\"},\"thumbnailUrl\":\"https:\/\/faiktunay.com.tr\/wp-content\/uploads\/2024\/01\/61bcfa69-ztkdpwng92odhky5ada329.jpeg\",\"articleSection\":[\"Haberler\"],\"inLanguage\":\"en-US\"},{\"@type\":\"WebPage\",\"@id\":\"https:\/\/faiktunay.com.tr\/demokrat-partili-faik-tunay-chpdeki-liyakatsizligi-erdogan-ornegiyle-anlatti\/\",\"url\":\"https:\/\/faiktunay.com.tr\/demokrat-partili-faik-tunay-chpdeki-liyakatsizligi-erdogan-ornegiyle-anlatti\/\",\"name\":\"Demokrat Partili Faik Tunay CHP\u2019deki liyakatsizli\u011fi \u2018Erdo\u011fan\u2019 \u00f6rne\u011fiyle anlatt\u0131: - Faik Tunay\",\"isPartOf\":{\"@id\":\"https:\/\/faiktunay.com.tr\/#website\"},\"primaryImageOfPage\":{\"@id\":\"https:\/\/faiktunay.com.tr\/demokrat-partili-faik-tunay-chpdeki-liyakatsizligi-erdogan-ornegiyle-anlatti\/#primaryimage\"},\"image\":{\"@id\":\"https:\/\/faiktunay.com.tr\/demokrat-partili-faik-tunay-chpdeki-liyakatsizligi-erdogan-ornegiyle-anlatti\/#primaryimage\"},\"thumbnailUrl\":\"https:\/\/faiktunay.com.tr\/wp-content\/uploads\/2024\/01\/61bcfa69-ztkdpwng92odhky5ada329.jpeg\",\"datePublished\":\"2024-01-04T21:01:24+00:00\",\"dateModified\":\"2024-01-04T21:01:26+00:00\",\"breadcrumb\":{\"@id\":\"https:\/\/faiktunay.com.tr\/demokrat-partili-faik-tunay-chpdeki-liyakatsizligi-erdogan-ornegiyle-anlatti\/#breadcrumb\"},\"inLanguage\":\"en-US\",\"potentialAction\":[{\"@type\":\"ReadAction\",\"target\":[\"https:\/\/faiktunay.com.tr\/demokrat-partili-faik-tunay-chpdeki-liyakatsizligi-erdogan-ornegiyle-anlatti\/\"]}]},{\"@type\":\"ImageObject\",\"inLanguage\":\"en-US\",\"@id\":\"https:\/\/faiktunay.com.tr\/demokrat-partili-faik-tunay-chpdeki-liyakatsizligi-erdogan-ornegiyle-anlatti\/#primaryimage\",\"url\":\"https:\/\/faiktunay.com.tr\/wp-content\/uploads\/2024\/01\/61bcfa69-ztkdpwng92odhky5ada329.jpeg\",\"contentUrl\":\"https:\/\/faiktunay.com.tr\/wp-content\/uploads\/2024\/01\/61bcfa69-ztkdpwng92odhky5ada329.jpeg\",\"width\":640,\"height\":359},{\"@type\":\"BreadcrumbList\",\"@id\":\"https:\/\/faiktunay.com.tr\/demokrat-partili-faik-tunay-chpdeki-liyakatsizligi-erdogan-ornegiyle-anlatti\/#breadcrumb\",\"itemListElement\":[{\"@type\":\"ListItem\",\"position\":1,\"name\":\"Anasayfa\",\"item\":\"https:\/\/faiktunay.com.tr\/\"},{\"@type\":\"ListItem\",\"position\":2,\"name\":\"Demokrat Partili Faik Tunay CHP\u2019deki liyakatsizli\u011fi \u2018Erdo\u011fan\u2019 \u00f6rne\u011fiyle anlatt\u0131:\"}]},{\"@type\":\"WebSite\",\"@id\":\"https:\/\/faiktunay.com.tr\/#website\",\"url\":\"https:\/\/faiktunay.com.tr\/\",\"name\":\"Faik Tunay\",\"description\":\"\",\"publisher\":{\"@id\":\"https:\/\/faiktunay.com.tr\/#\/schema\/person\/c49b0bc68a3e76483795a134219cf7cd\"},\"potentialAction\":[{\"@type\":\"SearchAction\",\"target\":{\"@type\":\"EntryPoint\",\"urlTemplate\":\"https:\/\/faiktunay.com.tr\/?s={search_term_string}\"},\"query-input\":{\"@type\":\"PropertyValueSpecification\",\"valueRequired\":true,\"valueName\":\"search_term_string\"}}],\"inLanguage\":\"en-US\"},{\"@type\":[\"Person\",\"Organization\"],\"@id\":\"https:\/\/faiktunay.com.tr\/#\/schema\/person\/c49b0bc68a3e76483795a134219cf7cd\",\"name\":\"Faik Tunay\",\"logo\":{\"@id\":\"https:\/\/faiktunay.com.tr\/#\/schema\/person\/image\/\"},\"sameAs\":[\"https:\/\/faiktunay.com.tr\"],\"url\":\"https:\/\/faiktunay.com.tr\/en\/author\/clicodigital\/\"}]}<\/script>\n<!-- \/ Yoast SEO plugin. -->","yoast_head_json":{"title":"Demokrat Partili Faik Tunay CHP\u2019deki liyakatsizli\u011fi \u2018Erdo\u011fan\u2019 \u00f6rne\u011fiyle anlatt\u0131: - Faik Tunay","robots":{"index":"index","follow":"follow","max-snippet":"max-snippet:-1","max-image-preview":"max-image-preview:large","max-video-preview":"max-video-preview:-1"},"canonical":"https:\/\/faiktunay.com.tr\/en\/demokrat-partili-faik-tunay-chpdeki-liyakatsizligi-erdogan-ornegiyle-anlatti\/","og_locale":"en_US","og_type":"article","og_title":"Demokrat Partili Faik Tunay CHP\u2019deki liyakatsizli\u011fi \u2018Erdo\u011fan\u2019 \u00f6rne\u011fiyle anlatt\u0131: - Faik Tunay","og_description":"Gazeteci Taha H\u00fcseyin Karag\u00f6z\u2019\u00fcn sunumuyla tvnet\u2019te canl\u0131 yay\u0131nlanan Sert Sorular program\u0131n\u0131n bu haftaki konu\u011fu Demokrat Parti Genel Ba\u015fkan Yard\u0131mc\u0131s\u0131 Faik Tunay oldu. Tunay, se\u00e7imi neden kaybettiklerine ili\u015fkin yapt\u0131\u011f\u0131 de\u011ferlendirmede CHP\u2019deki liyakatsizliklerden ve sahadaki \u00e7al\u0131\u015fmalar\u0131n yetersizliklerinden \u00f6rnekler verdi. \u201cAdam bakanlar\u0131n\u0131 sahaya s\u00fcrerken sen yedi d\u00f6nem se\u00e7ilen vekile \u2018kenara \u00e7ekil\u2019 diyemiyorsun\u201d Se\u00e7imi kaybedenin kim olursa olsun g\u00f6revi [&hellip;]","og_url":"https:\/\/faiktunay.com.tr\/en\/demokrat-partili-faik-tunay-chpdeki-liyakatsizligi-erdogan-ornegiyle-anlatti\/","og_site_name":"Faik Tunay","article_published_time":"2024-01-04T21:01:24+00:00","article_modified_time":"2024-01-04T21:01:26+00:00","og_image":[{"width":640,"height":359,"url":"https:\/\/faiktunay.com.tr\/wp-content\/uploads\/2024\/01\/61bcfa69-ztkdpwng92odhky5ada329.jpeg","type":"image\/jpeg"}],"author":"Faik Tunay","twitter_card":"summary_large_image","twitter_misc":{"Written by":"Faik Tunay","Est. reading time":"1 minute"},"schema":{"@context":"https:\/\/schema.org","@graph":[{"@type":"Article","@id":"https:\/\/faiktunay.com.tr\/demokrat-partili-faik-tunay-chpdeki-liyakatsizligi-erdogan-ornegiyle-anlatti\/#article","isPartOf":{"@id":"https:\/\/faiktunay.com.tr\/demokrat-partili-faik-tunay-chpdeki-liyakatsizligi-erdogan-ornegiyle-anlatti\/"},"author":{"name":"Faik Tunay","@id":"https:\/\/faiktunay.com.tr\/#\/schema\/person\/c49b0bc68a3e76483795a134219cf7cd"},"headline":"Demokrat Partili Faik Tunay CHP\u2019deki liyakatsizli\u011fi \u2018Erdo\u011fan\u2019 \u00f6rne\u011fiyle anlatt\u0131:","datePublished":"2024-01-04T21:01:24+00:00","dateModified":"2024-01-04T21:01:26+00:00","mainEntityOfPage":{"@id":"https:\/\/faiktunay.com.tr\/demokrat-partili-faik-tunay-chpdeki-liyakatsizligi-erdogan-ornegiyle-anlatti\/"},"wordCount":274,"publisher":{"@id":"https:\/\/faiktunay.com.tr\/#\/schema\/person\/c49b0bc68a3e76483795a134219cf7cd"},"image":{"@id":"https:\/\/faiktunay.com.tr\/demokrat-partili-faik-tunay-chpdeki-liyakatsizligi-erdogan-ornegiyle-anlatti\/#primaryimage"},"thumbnailUrl":"https:\/\/faiktunay.com.tr\/wp-content\/uploads\/2024\/01\/61bcfa69-ztkdpwng92odhky5ada329.jpeg","articleSection":["Haberler"],"inLanguage":"en-US"},{"@type":"WebPage","@id":"https:\/\/faiktunay.com.tr\/demokrat-partili-faik-tunay-chpdeki-liyakatsizligi-erdogan-ornegiyle-anlatti\/","url":"https:\/\/faiktunay.com.tr\/demokrat-partili-faik-tunay-chpdeki-liyakatsizligi-erdogan-ornegiyle-anlatti\/","name":"Demokrat Partili Faik Tunay CHP\u2019deki liyakatsizli\u011fi \u2018Erdo\u011fan\u2019 \u00f6rne\u011fiyle anlatt\u0131: - Faik Tunay","isPartOf":{"@id":"https:\/\/faiktunay.com.tr\/#website"},"primaryImageOfPage":{"@id":"https:\/\/faiktunay.com.tr\/demokrat-partili-faik-tunay-chpdeki-liyakatsizligi-erdogan-ornegiyle-anlatti\/#primaryimage"},"image":{"@id":"https:\/\/faiktunay.com.tr\/demokrat-partili-faik-tunay-chpdeki-liyakatsizligi-erdogan-ornegiyle-anlatti\/#primaryimage"},"thumbnailUrl":"https:\/\/faiktunay.com.tr\/wp-content\/uploads\/2024\/01\/61bcfa69-ztkdpwng92odhky5ada329.jpeg","datePublished":"2024-01-04T21:01:24+00:00","dateModified":"2024-01-04T21:01:26+00:00","breadcrumb":{"@id":"https:\/\/faiktunay.com.tr\/demokrat-partili-faik-tunay-chpdeki-liyakatsizligi-erdogan-ornegiyle-anlatti\/#breadcrumb"},"inLanguage":"en-US","potentialAction":[{"@type":"ReadAction","target":["https:\/\/faiktunay.com.tr\/demokrat-partili-faik-tunay-chpdeki-liyakatsizligi-erdogan-ornegiyle-anlatti\/"]}]},{"@type":"ImageObject","inLanguage":"en-US","@id":"https:\/\/faiktunay.com.tr\/demokrat-partili-faik-tunay-chpdeki-liyakatsizligi-erdogan-ornegiyle-anlatti\/#primaryimage","url":"https:\/\/faiktunay.com.tr\/wp-content\/uploads\/2024\/01\/61bcfa69-ztkdpwng92odhky5ada329.jpeg","contentUrl":"https:\/\/faiktunay.com.tr\/wp-content\/uploads\/2024\/01\/61bcfa69-ztkdpwng92odhky5ada329.jpeg","width":640,"height":359},{"@type":"BreadcrumbList","@id":"https:\/\/faiktunay.com.tr\/demokrat-partili-faik-tunay-chpdeki-liyakatsizligi-erdogan-ornegiyle-anlatti\/#breadcrumb","itemListElement":[{"@type":"ListItem","position":1,"name":"Anasayfa","item":"https:\/\/faiktunay.com.tr\/"},{"@type":"ListItem","position":2,"name":"Demokrat Partili Faik Tunay CHP\u2019deki liyakatsizli\u011fi \u2018Erdo\u011fan\u2019 \u00f6rne\u011fiyle anlatt\u0131:"}]},{"@type":"WebSite","@id":"https:\/\/faiktunay.com.tr\/#website","url":"https:\/\/faiktunay.com.tr\/","name":"Faik Tunay","description":"","publisher":{"@id":"https:\/\/faiktunay.com.tr\/#\/schema\/person\/c49b0bc68a3e76483795a134219cf7cd"},"potentialAction":[{"@type":"SearchAction","target":{"@type":"EntryPoint","urlTemplate":"https:\/\/faiktunay.com.tr\/?s={search_term_string}"},"query-input":{"@type":"PropertyValueSpecification","valueRequired":true,"valueName":"search_term_string"}}],"inLanguage":"en-US"},{"@type":["Person","Organization"],"@id":"https:\/\/faiktunay.com.tr\/#\/schema\/person\/c49b0bc68a3e76483795a134219cf7cd","name":"Faik Tunay","logo":{"@id":"https:\/\/faiktunay.com.tr\/#\/schema\/person\/image\/"},"sameAs":["https:\/\/faiktunay.com.tr"],"url":"https:\/\/faiktunay.com.tr\/en\/author\/clicodigital\/"}]}},"_links":{"self":[{"href":"https:\/\/faiktunay.com.tr\/en\/wp-json\/wp\/v2\/posts\/611","targetHints":{"allow":["GET"]}}],"collection":[{"href":"https:\/\/faiktunay.com.tr\/en\/wp-json\/wp\/v2\/posts"}],"about":[{"href":"https:\/\/faiktunay.com.tr\/en\/wp-json\/wp\/v2\/types\/post"}],"author":[{"embeddable":true,"href":"https:\/\/faiktunay.com.tr\/en\/wp-json\/wp\/v2\/users\/1"}],"replies":[{"embeddable":true,"href":"https:\/\/faiktunay.com.tr\/en\/wp-json\/wp\/v2\/comments?post=611"}],"version-history":[{"count":0,"href":"https:\/\/faiktunay.com.tr\/en\/wp-json\/wp\/v2\/posts\/611\/revisions"}],"wp:featuredmedia":[{"embeddable":true,"href":"https:\/\/faiktunay.com.tr\/en\/wp-json\/wp\/v2\/media\/612"}],"wp:attachment":[{"href":"https:\/\/faiktunay.com.tr\/en\/wp-json\/wp\/v2\/media?parent=611"}],"wp:term":[{"taxonomy":"category","embeddable":true,"href":"https:\/\/faiktunay.com.tr\/en\/wp-json\/wp\/v2\/categories?post=611"},{"taxonomy":"post_tag","embeddable":true,"href":"https:\/\/faiktunay.com.tr\/en\/wp-json\/wp\/v2\/tags?post=611"}],"curies":[{"name":"wp","href":"https:\/\/api.w.org\/{rel}","templated":true}]}}