{"id":614,"date":"2024-01-04T21:02:50","date_gmt":"2024-01-04T21:02:50","guid":{"rendered":"https:\/\/faiktunay.com.tr\/?p=614"},"modified":"2024-01-04T21:02:51","modified_gmt":"2024-01-04T21:02:51","slug":"secim-kaybeden-liderler-artik-cekilmeli","status":"publish","type":"post","link":"https:\/\/faiktunay.com.tr\/en\/secim-kaybeden-liderler-artik-cekilmeli\/","title":{"rendered":"Leaders Who Lost Elections Should Resign Now"},"content":{"rendered":"<p>The capital of commerce is money, the capital of politics is people. In politics, the more you convince people and get their votes at the ballot box, the more successful you are. It is a tragicomic situation that leaders and parties who cannot get out of the ballot box insistently say that they are successful.<\/p>\n\n\n\n<p>Actually, Turkey&#039;s biggest problem is the lack of an opposition that can challenge the government.<\/p>","protected":false},"excerpt":{"rendered":"<p>The capital of commerce is money, the capital of politics is people. In politics, the more you convince people and get their votes at the ballot box, the more successful you are. It is a tragicomic situation that leaders and parties who cannot get out of the ballot box insistently say that they are successful. Actually, Turkey&#039;s biggest problem is the lack of an opposition that can challenge the government.<\/p>","protected":false},"author":1,"featured_media":615,"comment_status":"closed","ping_status":"closed","sticky":false,"template":"","format":"standard","meta":{"footnotes":""},"categories":[16],"tags":[],"class_list":["post-614","post","type-post","status-publish","format-standard","has-post-thumbnail","hentry","category-haberler"],"yoast_head":"<!-- This site is optimized with the Yoast SEO plugin v25.7 - https:\/\/yoast.com\/wordpress\/plugins\/seo\/ -->\n<title>Se\u00e7im Kaybeden Liderler Art\u0131k \u00c7ekilmeli - Faik Tunay<\/title>\n<meta name=\"robots\" content=\"index, follow, max-snippet:-1, max-image-preview:large, max-video-preview:-1\" \/>\n<link rel=\"canonical\" href=\"https:\/\/faiktunay.com.tr\/en\/secim-kaybeden-liderler-artik-cekilmeli\/\" \/>\n<meta property=\"og:locale\" content=\"en_US\" \/>\n<meta property=\"og:type\" content=\"article\" \/>\n<meta property=\"og:title\" content=\"Se\u00e7im Kaybeden Liderler Art\u0131k \u00c7ekilmeli - Faik Tunay\" \/>\n<meta property=\"og:description\" content=\"Ticaretin sermayesi para, siyasetin sermayesi insand\u0131r. Siyasette ne kadar \u00e7ok insan\u0131 ikna eder ve sand\u0131kta oylar\u0131n\u0131 al\u0131rsan\u0131z o kadar ba\u015far\u0131l\u0131s\u0131n\u0131z demektir. Sand\u0131ktan \u00e7\u0131kamayan liderler ve partilerin \u0131srarla biz ba\u015far\u0131l\u0131y\u0131z demesi trajikomik bir durumdur. T\u00fcrkiye\u2019nin asl\u0131nda en b\u00fcy\u00fck sorunu iktidar\u0131 zorlayacak bir muhalefetin olmay\u0131\u015f\u0131d\u0131r.\" \/>\n<meta property=\"og:url\" content=\"https:\/\/faiktunay.com.tr\/en\/secim-kaybeden-liderler-artik-cekilmeli\/\" \/>\n<meta property=\"og:site_name\" content=\"Faik Tunay\" \/>\n<meta property=\"article:published_time\" content=\"2024-01-04T21:02:50+00:00\" \/>\n<meta property=\"article:modified_time\" content=\"2024-01-04T21:02:51+00:00\" \/>\n<meta property=\"og:image\" content=\"https:\/\/faiktunay.com.tr\/wp-content\/uploads\/2024\/01\/Asset-3-1024x683-1.png\" \/>\n\t<meta property=\"og:image:width\" content=\"1024\" \/>\n\t<meta property=\"og:image:height\" content=\"683\" \/>\n\t<meta property=\"og:image:type\" content=\"image\/png\" \/>\n<meta name=\"author\" content=\"Faik Tunay\" \/>\n<meta name=\"twitter:card\" content=\"summary_large_image\" \/>\n<meta name=\"twitter:label1\" content=\"Written by\" \/>\n\t<meta name=\"twitter:data1\" content=\"Faik Tunay\" \/>\n<script type=\"application\/ld+json\" class=\"yoast-schema-graph\">{\"@context\":\"https:\/\/schema.org\",\"@graph\":[{\"@type\":\"Article\",\"@id\":\"https:\/\/faiktunay.com.tr\/secim-kaybeden-liderler-artik-cekilmeli\/#article\",\"isPartOf\":{\"@id\":\"https:\/\/faiktunay.com.tr\/secim-kaybeden-liderler-artik-cekilmeli\/\"},\"author\":{\"name\":\"Faik Tunay\",\"@id\":\"https:\/\/faiktunay.com.tr\/#\/schema\/person\/c49b0bc68a3e76483795a134219cf7cd\"},\"headline\":\"Se\u00e7im Kaybeden Liderler Art\u0131k \u00c7ekilmeli\",\"datePublished\":\"2024-01-04T21:02:50+00:00\",\"dateModified\":\"2024-01-04T21:02:51+00:00\",\"mainEntityOfPage\":{\"@id\":\"https:\/\/faiktunay.com.tr\/secim-kaybeden-liderler-artik-cekilmeli\/\"},\"wordCount\":72,\"publisher\":{\"@id\":\"https:\/\/faiktunay.com.tr\/#\/schema\/person\/c49b0bc68a3e76483795a134219cf7cd\"},\"image\":{\"@id\":\"https:\/\/faiktunay.com.tr\/secim-kaybeden-liderler-artik-cekilmeli\/#primaryimage\"},\"thumbnailUrl\":\"https:\/\/faiktunay.com.tr\/wp-content\/uploads\/2024\/01\/Asset-3-1024x683-1.png\",\"articleSection\":[\"Haberler\"],\"inLanguage\":\"en-US\"},{\"@type\":\"WebPage\",\"@id\":\"https:\/\/faiktunay.com.tr\/secim-kaybeden-liderler-artik-cekilmeli\/\",\"url\":\"https:\/\/faiktunay.com.tr\/secim-kaybeden-liderler-artik-cekilmeli\/\",\"name\":\"Se\u00e7im Kaybeden Liderler Art\u0131k \u00c7ekilmeli - Faik Tunay\",\"isPartOf\":{\"@id\":\"https:\/\/faiktunay.com.tr\/#website\"},\"primaryImageOfPage\":{\"@id\":\"https:\/\/faiktunay.com.tr\/secim-kaybeden-liderler-artik-cekilmeli\/#primaryimage\"},\"image\":{\"@id\":\"https:\/\/faiktunay.com.tr\/secim-kaybeden-liderler-artik-cekilmeli\/#primaryimage\"},\"thumbnailUrl\":\"https:\/\/faiktunay.com.tr\/wp-content\/uploads\/2024\/01\/Asset-3-1024x683-1.png\",\"datePublished\":\"2024-01-04T21:02:50+00:00\",\"dateModified\":\"2024-01-04T21:02:51+00:00\",\"breadcrumb\":{\"@id\":\"https:\/\/faiktunay.com.tr\/secim-kaybeden-liderler-artik-cekilmeli\/#breadcrumb\"},\"inLanguage\":\"en-US\",\"potentialAction\":[{\"@type\":\"ReadAction\",\"target\":[\"https:\/\/faiktunay.com.tr\/secim-kaybeden-liderler-artik-cekilmeli\/\"]}]},{\"@type\":\"ImageObject\",\"inLanguage\":\"en-US\",\"@id\":\"https:\/\/faiktunay.com.tr\/secim-kaybeden-liderler-artik-cekilmeli\/#primaryimage\",\"url\":\"https:\/\/faiktunay.com.tr\/wp-content\/uploads\/2024\/01\/Asset-3-1024x683-1.png\",\"contentUrl\":\"https:\/\/faiktunay.com.tr\/wp-content\/uploads\/2024\/01\/Asset-3-1024x683-1.png\",\"width\":1024,\"height\":683},{\"@type\":\"BreadcrumbList\",\"@id\":\"https:\/\/faiktunay.com.tr\/secim-kaybeden-liderler-artik-cekilmeli\/#breadcrumb\",\"itemListElement\":[{\"@type\":\"ListItem\",\"position\":1,\"name\":\"Anasayfa\",\"item\":\"https:\/\/faiktunay.com.tr\/\"},{\"@type\":\"ListItem\",\"position\":2,\"name\":\"Se\u00e7im Kaybeden Liderler Art\u0131k \u00c7ekilmeli\"}]},{\"@type\":\"WebSite\",\"@id\":\"https:\/\/faiktunay.com.tr\/#website\",\"url\":\"https:\/\/faiktunay.com.tr\/\",\"name\":\"Faik Tunay\",\"description\":\"\",\"publisher\":{\"@id\":\"https:\/\/faiktunay.com.tr\/#\/schema\/person\/c49b0bc68a3e76483795a134219cf7cd\"},\"potentialAction\":[{\"@type\":\"SearchAction\",\"target\":{\"@type\":\"EntryPoint\",\"urlTemplate\":\"https:\/\/faiktunay.com.tr\/?s={search_term_string}\"},\"query-input\":{\"@type\":\"PropertyValueSpecification\",\"valueRequired\":true,\"valueName\":\"search_term_string\"}}],\"inLanguage\":\"en-US\"},{\"@type\":[\"Person\",\"Organization\"],\"@id\":\"https:\/\/faiktunay.com.tr\/#\/schema\/person\/c49b0bc68a3e76483795a134219cf7cd\",\"name\":\"Faik Tunay\",\"logo\":{\"@id\":\"https:\/\/faiktunay.com.tr\/#\/schema\/person\/image\/\"},\"sameAs\":[\"https:\/\/faiktunay.com.tr\"],\"url\":\"https:\/\/faiktunay.com.tr\/en\/author\/clicodigital\/\"}]}<\/script>\n<!-- \/ Yoast SEO plugin. -->","yoast_head_json":{"title":"Se\u00e7im Kaybeden Liderler Art\u0131k \u00c7ekilmeli - Faik Tunay","robots":{"index":"index","follow":"follow","max-snippet":"max-snippet:-1","max-image-preview":"max-image-preview:large","max-video-preview":"max-video-preview:-1"},"canonical":"https:\/\/faiktunay.com.tr\/en\/secim-kaybeden-liderler-artik-cekilmeli\/","og_locale":"en_US","og_type":"article","og_title":"Se\u00e7im Kaybeden Liderler Art\u0131k \u00c7ekilmeli - Faik Tunay","og_description":"Ticaretin sermayesi para, siyasetin sermayesi insand\u0131r. Siyasette ne kadar \u00e7ok insan\u0131 ikna eder ve sand\u0131kta oylar\u0131n\u0131 al\u0131rsan\u0131z o kadar ba\u015far\u0131l\u0131s\u0131n\u0131z demektir. Sand\u0131ktan \u00e7\u0131kamayan liderler ve partilerin \u0131srarla biz ba\u015far\u0131l\u0131y\u0131z demesi trajikomik bir durumdur. T\u00fcrkiye\u2019nin asl\u0131nda en b\u00fcy\u00fck sorunu iktidar\u0131 zorlayacak bir muhalefetin olmay\u0131\u015f\u0131d\u0131r.","og_url":"https:\/\/faiktunay.com.tr\/en\/secim-kaybeden-liderler-artik-cekilmeli\/","og_site_name":"Faik Tunay","article_published_time":"2024-01-04T21:02:50+00:00","article_modified_time":"2024-01-04T21:02:51+00:00","og_image":[{"width":1024,"height":683,"url":"https:\/\/faiktunay.com.tr\/wp-content\/uploads\/2024\/01\/Asset-3-1024x683-1.png","type":"image\/png"}],"author":"Faik Tunay","twitter_card":"summary_large_image","twitter_misc":{"Written by":"Faik Tunay"},"schema":{"@context":"https:\/\/schema.org","@graph":[{"@type":"Article","@id":"https:\/\/faiktunay.com.tr\/secim-kaybeden-liderler-artik-cekilmeli\/#article","isPartOf":{"@id":"https:\/\/faiktunay.com.tr\/secim-kaybeden-liderler-artik-cekilmeli\/"},"author":{"name":"Faik Tunay","@id":"https:\/\/faiktunay.com.tr\/#\/schema\/person\/c49b0bc68a3e76483795a134219cf7cd"},"headline":"Se\u00e7im Kaybeden Liderler Art\u0131k \u00c7ekilmeli","datePublished":"2024-01-04T21:02:50+00:00","dateModified":"2024-01-04T21:02:51+00:00","mainEntityOfPage":{"@id":"https:\/\/faiktunay.com.tr\/secim-kaybeden-liderler-artik-cekilmeli\/"},"wordCount":72,"publisher":{"@id":"https:\/\/faiktunay.com.tr\/#\/schema\/person\/c49b0bc68a3e76483795a134219cf7cd"},"image":{"@id":"https:\/\/faiktunay.com.tr\/secim-kaybeden-liderler-artik-cekilmeli\/#primaryimage"},"thumbnailUrl":"https:\/\/faiktunay.com.tr\/wp-content\/uploads\/2024\/01\/Asset-3-1024x683-1.png","articleSection":["Haberler"],"inLanguage":"en-US"},{"@type":"WebPage","@id":"https:\/\/faiktunay.com.tr\/secim-kaybeden-liderler-artik-cekilmeli\/","url":"https:\/\/faiktunay.com.tr\/secim-kaybeden-liderler-artik-cekilmeli\/","name":"Se\u00e7im Kaybeden Liderler Art\u0131k \u00c7ekilmeli - Faik Tunay","isPartOf":{"@id":"https:\/\/faiktunay.com.tr\/#website"},"primaryImageOfPage":{"@id":"https:\/\/faiktunay.com.tr\/secim-kaybeden-liderler-artik-cekilmeli\/#primaryimage"},"image":{"@id":"https:\/\/faiktunay.com.tr\/secim-kaybeden-liderler-artik-cekilmeli\/#primaryimage"},"thumbnailUrl":"https:\/\/faiktunay.com.tr\/wp-content\/uploads\/2024\/01\/Asset-3-1024x683-1.png","datePublished":"2024-01-04T21:02:50+00:00","dateModified":"2024-01-04T21:02:51+00:00","breadcrumb":{"@id":"https:\/\/faiktunay.com.tr\/secim-kaybeden-liderler-artik-cekilmeli\/#breadcrumb"},"inLanguage":"en-US","potentialAction":[{"@type":"ReadAction","target":["https:\/\/faiktunay.com.tr\/secim-kaybeden-liderler-artik-cekilmeli\/"]}]},{"@type":"ImageObject","inLanguage":"en-US","@id":"https:\/\/faiktunay.com.tr\/secim-kaybeden-liderler-artik-cekilmeli\/#primaryimage","url":"https:\/\/faiktunay.com.tr\/wp-content\/uploads\/2024\/01\/Asset-3-1024x683-1.png","contentUrl":"https:\/\/faiktunay.com.tr\/wp-content\/uploads\/2024\/01\/Asset-3-1024x683-1.png","width":1024,"height":683},{"@type":"BreadcrumbList","@id":"https:\/\/faiktunay.com.tr\/secim-kaybeden-liderler-artik-cekilmeli\/#breadcrumb","itemListElement":[{"@type":"ListItem","position":1,"name":"Anasayfa","item":"https:\/\/faiktunay.com.tr\/"},{"@type":"ListItem","position":2,"name":"Se\u00e7im Kaybeden Liderler Art\u0131k \u00c7ekilmeli"}]},{"@type":"WebSite","@id":"https:\/\/faiktunay.com.tr\/#website","url":"https:\/\/faiktunay.com.tr\/","name":"Faik Tunay","description":"","publisher":{"@id":"https:\/\/faiktunay.com.tr\/#\/schema\/person\/c49b0bc68a3e76483795a134219cf7cd"},"potentialAction":[{"@type":"SearchAction","target":{"@type":"EntryPoint","urlTemplate":"https:\/\/faiktunay.com.tr\/?s={search_term_string}"},"query-input":{"@type":"PropertyValueSpecification","valueRequired":true,"valueName":"search_term_string"}}],"inLanguage":"en-US"},{"@type":["Person","Organization"],"@id":"https:\/\/faiktunay.com.tr\/#\/schema\/person\/c49b0bc68a3e76483795a134219cf7cd","name":"Faik Tunay","logo":{"@id":"https:\/\/faiktunay.com.tr\/#\/schema\/person\/image\/"},"sameAs":["https:\/\/faiktunay.com.tr"],"url":"https:\/\/faiktunay.com.tr\/en\/author\/clicodigital\/"}]}},"_links":{"self":[{"href":"https:\/\/faiktunay.com.tr\/en\/wp-json\/wp\/v2\/posts\/614","targetHints":{"allow":["GET"]}}],"collection":[{"href":"https:\/\/faiktunay.com.tr\/en\/wp-json\/wp\/v2\/posts"}],"about":[{"href":"https:\/\/faiktunay.com.tr\/en\/wp-json\/wp\/v2\/types\/post"}],"author":[{"embeddable":true,"href":"https:\/\/faiktunay.com.tr\/en\/wp-json\/wp\/v2\/users\/1"}],"replies":[{"embeddable":true,"href":"https:\/\/faiktunay.com.tr\/en\/wp-json\/wp\/v2\/comments?post=614"}],"version-history":[{"count":0,"href":"https:\/\/faiktunay.com.tr\/en\/wp-json\/wp\/v2\/posts\/614\/revisions"}],"wp:featuredmedia":[{"embeddable":true,"href":"https:\/\/faiktunay.com.tr\/en\/wp-json\/wp\/v2\/media\/615"}],"wp:attachment":[{"href":"https:\/\/faiktunay.com.tr\/en\/wp-json\/wp\/v2\/media?parent=614"}],"wp:term":[{"taxonomy":"category","embeddable":true,"href":"https:\/\/faiktunay.com.tr\/en\/wp-json\/wp\/v2\/categories?post=614"},{"taxonomy":"post_tag","embeddable":true,"href":"https:\/\/faiktunay.com.tr\/en\/wp-json\/wp\/v2\/tags?post=614"}],"curies":[{"name":"wp","href":"https:\/\/api.w.org\/{rel}","templated":true}]}}