{"id":709,"date":"2024-03-04T10:26:38","date_gmt":"2024-03-04T10:26:38","guid":{"rendered":"https:\/\/faiktunay.com.tr\/?p=709"},"modified":"2024-03-04T13:30:06","modified_gmt":"2024-03-04T13:30:06","slug":"faik-tunay-tgrt-haberde-canli-yayinda-yerel-secimleri-degerlendirdi","status":"publish","type":"post","link":"https:\/\/faiktunay.com.tr\/en\/faik-tunay-tgrt-haberde-canli-yayinda-yerel-secimleri-degerlendirdi\/","title":{"rendered":"Faik Tunay evaluated the local elections live on TGRT HABER."},"content":{"rendered":"<p>In the program where the agenda was evaluated 32 days before the local elections, Faik Tunay claimed that as long as the main opposition CHP continues to be, the AK Party will win every election, even if it is difficult. <\/p>","protected":false},"excerpt":{"rendered":"<p>In the program where the agenda was evaluated 32 days before the local elections, Faik Tunay claimed that as long as the main opposition CHP continues to be, the AK Party will win every election, even if it is difficult.<\/p>","protected":false},"author":1,"featured_media":0,"comment_status":"closed","ping_status":"closed","sticky":false,"template":"","format":"video","meta":{"footnotes":""},"categories":[16,19],"tags":[34,36,33],"class_list":["post-709","post","type-post","status-publish","format-video","hentry","category-haberler","category-videolar","tag-imamoglu","tag-merkez-sag","tag-secim","post_format-post-format-video"],"yoast_head":"<!-- This site is optimized with the Yoast SEO plugin v25.7 - https:\/\/yoast.com\/wordpress\/plugins\/seo\/ -->\n<title>Faik Tunay TGRT HABER&#039;de canl\u0131 yay\u0131nda yerel se\u00e7imleri de\u011ferlendirdi. - Faik Tunay<\/title>\n<meta name=\"robots\" content=\"index, follow, max-snippet:-1, max-image-preview:large, max-video-preview:-1\" \/>\n<link rel=\"canonical\" href=\"https:\/\/faiktunay.com.tr\/en\/faik-tunay-tgrt-haberde-canli-yayinda-yerel-secimleri-degerlendirdi\/\" \/>\n<meta property=\"og:locale\" content=\"en_US\" \/>\n<meta property=\"og:type\" content=\"article\" \/>\n<meta property=\"og:title\" content=\"Faik Tunay TGRT HABER&#039;de canl\u0131 yay\u0131nda yerel se\u00e7imleri de\u011ferlendirdi. - Faik Tunay\" \/>\n<meta property=\"og:description\" content=\"Yerel se\u00e7imlere 32 G\u00fcn kala g\u00fcndemin de\u011ferlendirildi\u011fi programda Faik Tunay, ana muhalefet CHP olmaya devam etti\u011fi s\u00fcrece AK Parti&#8217;nin her se\u00e7imi zorlansada kazanaca\u011f\u0131n\u0131 iddia etti.\" \/>\n<meta property=\"og:url\" content=\"https:\/\/faiktunay.com.tr\/en\/faik-tunay-tgrt-haberde-canli-yayinda-yerel-secimleri-degerlendirdi\/\" \/>\n<meta property=\"og:site_name\" content=\"Faik Tunay\" \/>\n<meta property=\"article:published_time\" content=\"2024-03-04T10:26:38+00:00\" \/>\n<meta property=\"article:modified_time\" content=\"2024-03-04T13:30:06+00:00\" \/>\n<meta name=\"author\" content=\"Faik Tunay\" \/>\n<meta name=\"twitter:card\" content=\"summary_large_image\" \/>\n<meta name=\"twitter:label1\" content=\"Written by\" \/>\n\t<meta name=\"twitter:data1\" content=\"Faik Tunay\" \/>\n<script type=\"application\/ld+json\" class=\"yoast-schema-graph\">{\"@context\":\"https:\/\/schema.org\",\"@graph\":[{\"@type\":\"Article\",\"@id\":\"https:\/\/faiktunay.com.tr\/faik-tunay-tgrt-haberde-canli-yayinda-yerel-secimleri-degerlendirdi\/#article\",\"isPartOf\":{\"@id\":\"https:\/\/faiktunay.com.tr\/faik-tunay-tgrt-haberde-canli-yayinda-yerel-secimleri-degerlendirdi\/\"},\"author\":{\"name\":\"Faik Tunay\",\"@id\":\"https:\/\/faiktunay.com.tr\/#\/schema\/person\/c49b0bc68a3e76483795a134219cf7cd\"},\"headline\":\"Faik Tunay TGRT HABER&#8217;de canl\u0131 yay\u0131nda yerel se\u00e7imleri de\u011ferlendirdi.\",\"datePublished\":\"2024-03-04T10:26:38+00:00\",\"dateModified\":\"2024-03-04T13:30:06+00:00\",\"mainEntityOfPage\":{\"@id\":\"https:\/\/faiktunay.com.tr\/faik-tunay-tgrt-haberde-canli-yayinda-yerel-secimleri-degerlendirdi\/\"},\"wordCount\":45,\"publisher\":{\"@id\":\"https:\/\/faiktunay.com.tr\/#\/schema\/person\/c49b0bc68a3e76483795a134219cf7cd\"},\"keywords\":[\"imamo\u011flu\",\"merkez sa\u011f\",\"se\u00e7im\"],\"articleSection\":[\"Haberler\",\"Videolar\"],\"inLanguage\":\"en-US\"},{\"@type\":\"WebPage\",\"@id\":\"https:\/\/faiktunay.com.tr\/faik-tunay-tgrt-haberde-canli-yayinda-yerel-secimleri-degerlendirdi\/\",\"url\":\"https:\/\/faiktunay.com.tr\/faik-tunay-tgrt-haberde-canli-yayinda-yerel-secimleri-degerlendirdi\/\",\"name\":\"Faik Tunay TGRT HABER'de canl\u0131 yay\u0131nda yerel se\u00e7imleri de\u011ferlendirdi. - Faik Tunay\",\"isPartOf\":{\"@id\":\"https:\/\/faiktunay.com.tr\/#website\"},\"datePublished\":\"2024-03-04T10:26:38+00:00\",\"dateModified\":\"2024-03-04T13:30:06+00:00\",\"breadcrumb\":{\"@id\":\"https:\/\/faiktunay.com.tr\/faik-tunay-tgrt-haberde-canli-yayinda-yerel-secimleri-degerlendirdi\/#breadcrumb\"},\"inLanguage\":\"en-US\",\"potentialAction\":[{\"@type\":\"ReadAction\",\"target\":[\"https:\/\/faiktunay.com.tr\/faik-tunay-tgrt-haberde-canli-yayinda-yerel-secimleri-degerlendirdi\/\"]}]},{\"@type\":\"BreadcrumbList\",\"@id\":\"https:\/\/faiktunay.com.tr\/faik-tunay-tgrt-haberde-canli-yayinda-yerel-secimleri-degerlendirdi\/#breadcrumb\",\"itemListElement\":[{\"@type\":\"ListItem\",\"position\":1,\"name\":\"Anasayfa\",\"item\":\"https:\/\/faiktunay.com.tr\/\"},{\"@type\":\"ListItem\",\"position\":2,\"name\":\"Faik Tunay TGRT HABER&#8217;de canl\u0131 yay\u0131nda yerel se\u00e7imleri de\u011ferlendirdi.\"}]},{\"@type\":\"WebSite\",\"@id\":\"https:\/\/faiktunay.com.tr\/#website\",\"url\":\"https:\/\/faiktunay.com.tr\/\",\"name\":\"Faik Tunay\",\"description\":\"\",\"publisher\":{\"@id\":\"https:\/\/faiktunay.com.tr\/#\/schema\/person\/c49b0bc68a3e76483795a134219cf7cd\"},\"potentialAction\":[{\"@type\":\"SearchAction\",\"target\":{\"@type\":\"EntryPoint\",\"urlTemplate\":\"https:\/\/faiktunay.com.tr\/?s={search_term_string}\"},\"query-input\":{\"@type\":\"PropertyValueSpecification\",\"valueRequired\":true,\"valueName\":\"search_term_string\"}}],\"inLanguage\":\"en-US\"},{\"@type\":[\"Person\",\"Organization\"],\"@id\":\"https:\/\/faiktunay.com.tr\/#\/schema\/person\/c49b0bc68a3e76483795a134219cf7cd\",\"name\":\"Faik Tunay\",\"logo\":{\"@id\":\"https:\/\/faiktunay.com.tr\/#\/schema\/person\/image\/\"},\"sameAs\":[\"https:\/\/faiktunay.com.tr\"],\"url\":\"https:\/\/faiktunay.com.tr\/en\/author\/clicodigital\/\"}]}<\/script>\n<!-- \/ Yoast SEO plugin. -->","yoast_head_json":{"title":"Faik Tunay TGRT HABER'de canl\u0131 yay\u0131nda yerel se\u00e7imleri de\u011ferlendirdi. - Faik Tunay","robots":{"index":"index","follow":"follow","max-snippet":"max-snippet:-1","max-image-preview":"max-image-preview:large","max-video-preview":"max-video-preview:-1"},"canonical":"https:\/\/faiktunay.com.tr\/en\/faik-tunay-tgrt-haberde-canli-yayinda-yerel-secimleri-degerlendirdi\/","og_locale":"en_US","og_type":"article","og_title":"Faik Tunay TGRT HABER'de canl\u0131 yay\u0131nda yerel se\u00e7imleri de\u011ferlendirdi. - Faik Tunay","og_description":"Yerel se\u00e7imlere 32 G\u00fcn kala g\u00fcndemin de\u011ferlendirildi\u011fi programda Faik Tunay, ana muhalefet CHP olmaya devam etti\u011fi s\u00fcrece AK Parti&#8217;nin her se\u00e7imi zorlansada kazanaca\u011f\u0131n\u0131 iddia etti.","og_url":"https:\/\/faiktunay.com.tr\/en\/faik-tunay-tgrt-haberde-canli-yayinda-yerel-secimleri-degerlendirdi\/","og_site_name":"Faik Tunay","article_published_time":"2024-03-04T10:26:38+00:00","article_modified_time":"2024-03-04T13:30:06+00:00","author":"Faik Tunay","twitter_card":"summary_large_image","twitter_misc":{"Written by":"Faik Tunay"},"schema":{"@context":"https:\/\/schema.org","@graph":[{"@type":"Article","@id":"https:\/\/faiktunay.com.tr\/faik-tunay-tgrt-haberde-canli-yayinda-yerel-secimleri-degerlendirdi\/#article","isPartOf":{"@id":"https:\/\/faiktunay.com.tr\/faik-tunay-tgrt-haberde-canli-yayinda-yerel-secimleri-degerlendirdi\/"},"author":{"name":"Faik Tunay","@id":"https:\/\/faiktunay.com.tr\/#\/schema\/person\/c49b0bc68a3e76483795a134219cf7cd"},"headline":"Faik Tunay TGRT HABER&#8217;de canl\u0131 yay\u0131nda yerel se\u00e7imleri de\u011ferlendirdi.","datePublished":"2024-03-04T10:26:38+00:00","dateModified":"2024-03-04T13:30:06+00:00","mainEntityOfPage":{"@id":"https:\/\/faiktunay.com.tr\/faik-tunay-tgrt-haberde-canli-yayinda-yerel-secimleri-degerlendirdi\/"},"wordCount":45,"publisher":{"@id":"https:\/\/faiktunay.com.tr\/#\/schema\/person\/c49b0bc68a3e76483795a134219cf7cd"},"keywords":["imamo\u011flu","merkez sa\u011f","se\u00e7im"],"articleSection":["Haberler","Videolar"],"inLanguage":"en-US"},{"@type":"WebPage","@id":"https:\/\/faiktunay.com.tr\/faik-tunay-tgrt-haberde-canli-yayinda-yerel-secimleri-degerlendirdi\/","url":"https:\/\/faiktunay.com.tr\/faik-tunay-tgrt-haberde-canli-yayinda-yerel-secimleri-degerlendirdi\/","name":"Faik Tunay TGRT HABER'de canl\u0131 yay\u0131nda yerel se\u00e7imleri de\u011ferlendirdi. - Faik Tunay","isPartOf":{"@id":"https:\/\/faiktunay.com.tr\/#website"},"datePublished":"2024-03-04T10:26:38+00:00","dateModified":"2024-03-04T13:30:06+00:00","breadcrumb":{"@id":"https:\/\/faiktunay.com.tr\/faik-tunay-tgrt-haberde-canli-yayinda-yerel-secimleri-degerlendirdi\/#breadcrumb"},"inLanguage":"en-US","potentialAction":[{"@type":"ReadAction","target":["https:\/\/faiktunay.com.tr\/faik-tunay-tgrt-haberde-canli-yayinda-yerel-secimleri-degerlendirdi\/"]}]},{"@type":"BreadcrumbList","@id":"https:\/\/faiktunay.com.tr\/faik-tunay-tgrt-haberde-canli-yayinda-yerel-secimleri-degerlendirdi\/#breadcrumb","itemListElement":[{"@type":"ListItem","position":1,"name":"Anasayfa","item":"https:\/\/faiktunay.com.tr\/"},{"@type":"ListItem","position":2,"name":"Faik Tunay TGRT HABER&#8217;de canl\u0131 yay\u0131nda yerel se\u00e7imleri de\u011ferlendirdi."}]},{"@type":"WebSite","@id":"https:\/\/faiktunay.com.tr\/#website","url":"https:\/\/faiktunay.com.tr\/","name":"Faik Tunay","description":"","publisher":{"@id":"https:\/\/faiktunay.com.tr\/#\/schema\/person\/c49b0bc68a3e76483795a134219cf7cd"},"potentialAction":[{"@type":"SearchAction","target":{"@type":"EntryPoint","urlTemplate":"https:\/\/faiktunay.com.tr\/?s={search_term_string}"},"query-input":{"@type":"PropertyValueSpecification","valueRequired":true,"valueName":"search_term_string"}}],"inLanguage":"en-US"},{"@type":["Person","Organization"],"@id":"https:\/\/faiktunay.com.tr\/#\/schema\/person\/c49b0bc68a3e76483795a134219cf7cd","name":"Faik Tunay","logo":{"@id":"https:\/\/faiktunay.com.tr\/#\/schema\/person\/image\/"},"sameAs":["https:\/\/faiktunay.com.tr"],"url":"https:\/\/faiktunay.com.tr\/en\/author\/clicodigital\/"}]}},"_links":{"self":[{"href":"https:\/\/faiktunay.com.tr\/en\/wp-json\/wp\/v2\/posts\/709","targetHints":{"allow":["GET"]}}],"collection":[{"href":"https:\/\/faiktunay.com.tr\/en\/wp-json\/wp\/v2\/posts"}],"about":[{"href":"https:\/\/faiktunay.com.tr\/en\/wp-json\/wp\/v2\/types\/post"}],"author":[{"embeddable":true,"href":"https:\/\/faiktunay.com.tr\/en\/wp-json\/wp\/v2\/users\/1"}],"replies":[{"embeddable":true,"href":"https:\/\/faiktunay.com.tr\/en\/wp-json\/wp\/v2\/comments?post=709"}],"version-history":[{"count":0,"href":"https:\/\/faiktunay.com.tr\/en\/wp-json\/wp\/v2\/posts\/709\/revisions"}],"wp:attachment":[{"href":"https:\/\/faiktunay.com.tr\/en\/wp-json\/wp\/v2\/media?parent=709"}],"wp:term":[{"taxonomy":"category","embeddable":true,"href":"https:\/\/faiktunay.com.tr\/en\/wp-json\/wp\/v2\/categories?post=709"},{"taxonomy":"post_tag","embeddable":true,"href":"https:\/\/faiktunay.com.tr\/en\/wp-json\/wp\/v2\/tags?post=709"}],"curies":[{"name":"wp","href":"https:\/\/api.w.org\/{rel}","templated":true}]}}