{"id":721,"date":"2024-03-16T11:23:23","date_gmt":"2024-03-16T11:23:23","guid":{"rendered":"https:\/\/faiktunay.com.tr\/?p=721"},"modified":"2024-03-16T11:25:00","modified_gmt":"2024-03-16T11:25:00","slug":"turkiye-iyi-yonetilse-saha-kalkar","status":"publish","type":"post","link":"https:\/\/faiktunay.com.tr\/en\/turkiye-iyi-yonetilse-saha-kalkar\/","title":{"rendered":"T\u00fcrkiye would prosper if it was governed well!"},"content":{"rendered":"<p>Appearing on Haber Global channel, Tunay explained that the 16 stars on our presidential badge are not a coincidence, they symbolize our deep historical past. Our last state, the Republic of Turkey, said that if corruption decreases, waste decreases, and we switch to a production economy, no one can stop us.<\/p>\n\n\n\n<p><\/p>","protected":false},"excerpt":{"rendered":"<p>Appearing on Haber Global channel, Tunay explained that the 16 stars on our presidential badge are not a coincidence, they symbolize our deep historical past. Our last state, the Republic of Turkey, said that if corruption decreases, waste decreases, and we switch to a production economy, no one can stop us.<\/p>","protected":false},"author":1,"featured_media":723,"comment_status":"closed","ping_status":"closed","sticky":false,"template":"","format":"video","meta":{"footnotes":""},"categories":[16,19],"tags":[29,43,44,45],"class_list":["post-721","post","type-post","status-publish","format-video","has-post-thumbnail","hentry","category-haberler","category-videolar","tag-ekonomi","tag-istihbarat","tag-mit","tag-turkiye","post_format-post-format-video"],"yoast_head":"<!-- This site is optimized with the Yoast SEO plugin v25.7 - https:\/\/yoast.com\/wordpress\/plugins\/seo\/ -->\n<title>T\u00fcrkiye iyi y\u00f6netilse \u015faha kalkar! - Faik Tunay<\/title>\n<meta name=\"robots\" content=\"index, follow, max-snippet:-1, max-image-preview:large, max-video-preview:-1\" \/>\n<link rel=\"canonical\" href=\"https:\/\/faiktunay.com.tr\/en\/turkiye-iyi-yonetilse-saha-kalkar\/\" \/>\n<meta property=\"og:locale\" content=\"en_US\" \/>\n<meta property=\"og:type\" content=\"article\" \/>\n<meta property=\"og:title\" content=\"T\u00fcrkiye iyi y\u00f6netilse \u015faha kalkar! - Faik Tunay\" \/>\n<meta property=\"og:description\" content=\"Haber Global kanal\u0131na \u00e7\u0131kan Tunay, cumhurba\u015fkanl\u0131\u011f\u0131 forsumuzdaki 16 y\u0131ld\u0131z\u0131n tesad\u00fcf eseri olmad\u0131\u011f\u0131n\u0131, derin tarihi ge\u00e7mi\u015fimizi simgeledi\u011fini anlatt\u0131. Son devletimiz T\u00fcrkiye Cumhuriyeti, yolsuzluklar azalsa, israf azalsa, \u00fcretim ekonomisine ge\u00e7sek bizi kimse tutamaz dedi\" \/>\n<meta property=\"og:url\" content=\"https:\/\/faiktunay.com.tr\/en\/turkiye-iyi-yonetilse-saha-kalkar\/\" \/>\n<meta property=\"og:site_name\" content=\"Faik Tunay\" \/>\n<meta property=\"article:published_time\" content=\"2024-03-16T11:23:23+00:00\" \/>\n<meta property=\"article:modified_time\" content=\"2024-03-16T11:25:00+00:00\" \/>\n<meta property=\"og:image\" content=\"https:\/\/faiktunay.com.tr\/wp-content\/uploads\/2024\/03\/Turkiye_iyi_yonetilse_saha_kalkar__\u2013_Faik_Tunay.png\" \/>\n\t<meta property=\"og:image:width\" content=\"1566\" \/>\n\t<meta property=\"og:image:height\" content=\"868\" \/>\n\t<meta property=\"og:image:type\" content=\"image\/png\" \/>\n<meta name=\"author\" content=\"Faik Tunay\" \/>\n<meta name=\"twitter:card\" content=\"summary_large_image\" \/>\n<meta name=\"twitter:label1\" content=\"Written by\" \/>\n\t<meta name=\"twitter:data1\" content=\"Faik Tunay\" \/>\n<script type=\"application\/ld+json\" class=\"yoast-schema-graph\">{\"@context\":\"https:\/\/schema.org\",\"@graph\":[{\"@type\":\"Article\",\"@id\":\"https:\/\/faiktunay.com.tr\/turkiye-iyi-yonetilse-saha-kalkar\/#article\",\"isPartOf\":{\"@id\":\"https:\/\/faiktunay.com.tr\/turkiye-iyi-yonetilse-saha-kalkar\/\"},\"author\":{\"name\":\"Faik Tunay\",\"@id\":\"https:\/\/faiktunay.com.tr\/#\/schema\/person\/c49b0bc68a3e76483795a134219cf7cd\"},\"headline\":\"T\u00fcrkiye iyi y\u00f6netilse \u015faha kalkar!\",\"datePublished\":\"2024-03-16T11:23:23+00:00\",\"dateModified\":\"2024-03-16T11:25:00+00:00\",\"mainEntityOfPage\":{\"@id\":\"https:\/\/faiktunay.com.tr\/turkiye-iyi-yonetilse-saha-kalkar\/\"},\"wordCount\":50,\"publisher\":{\"@id\":\"https:\/\/faiktunay.com.tr\/#\/schema\/person\/c49b0bc68a3e76483795a134219cf7cd\"},\"image\":{\"@id\":\"https:\/\/faiktunay.com.tr\/turkiye-iyi-yonetilse-saha-kalkar\/#primaryimage\"},\"thumbnailUrl\":\"https:\/\/faiktunay.com.tr\/wp-content\/uploads\/2024\/03\/Turkiye_iyi_yonetilse_saha_kalkar__\u2013_Faik_Tunay.png\",\"keywords\":[\"ekonomi\",\"istihbarat\",\"mit\",\"t\u00fcrkiye\"],\"articleSection\":[\"Haberler\",\"Videolar\"],\"inLanguage\":\"en-US\"},{\"@type\":\"WebPage\",\"@id\":\"https:\/\/faiktunay.com.tr\/turkiye-iyi-yonetilse-saha-kalkar\/\",\"url\":\"https:\/\/faiktunay.com.tr\/turkiye-iyi-yonetilse-saha-kalkar\/\",\"name\":\"T\u00fcrkiye iyi y\u00f6netilse \u015faha kalkar! - Faik Tunay\",\"isPartOf\":{\"@id\":\"https:\/\/faiktunay.com.tr\/#website\"},\"primaryImageOfPage\":{\"@id\":\"https:\/\/faiktunay.com.tr\/turkiye-iyi-yonetilse-saha-kalkar\/#primaryimage\"},\"image\":{\"@id\":\"https:\/\/faiktunay.com.tr\/turkiye-iyi-yonetilse-saha-kalkar\/#primaryimage\"},\"thumbnailUrl\":\"https:\/\/faiktunay.com.tr\/wp-content\/uploads\/2024\/03\/Turkiye_iyi_yonetilse_saha_kalkar__\u2013_Faik_Tunay.png\",\"datePublished\":\"2024-03-16T11:23:23+00:00\",\"dateModified\":\"2024-03-16T11:25:00+00:00\",\"breadcrumb\":{\"@id\":\"https:\/\/faiktunay.com.tr\/turkiye-iyi-yonetilse-saha-kalkar\/#breadcrumb\"},\"inLanguage\":\"en-US\",\"potentialAction\":[{\"@type\":\"ReadAction\",\"target\":[\"https:\/\/faiktunay.com.tr\/turkiye-iyi-yonetilse-saha-kalkar\/\"]}]},{\"@type\":\"ImageObject\",\"inLanguage\":\"en-US\",\"@id\":\"https:\/\/faiktunay.com.tr\/turkiye-iyi-yonetilse-saha-kalkar\/#primaryimage\",\"url\":\"https:\/\/faiktunay.com.tr\/wp-content\/uploads\/2024\/03\/Turkiye_iyi_yonetilse_saha_kalkar__\u2013_Faik_Tunay.png\",\"contentUrl\":\"https:\/\/faiktunay.com.tr\/wp-content\/uploads\/2024\/03\/Turkiye_iyi_yonetilse_saha_kalkar__\u2013_Faik_Tunay.png\",\"width\":1566,\"height\":868},{\"@type\":\"BreadcrumbList\",\"@id\":\"https:\/\/faiktunay.com.tr\/turkiye-iyi-yonetilse-saha-kalkar\/#breadcrumb\",\"itemListElement\":[{\"@type\":\"ListItem\",\"position\":1,\"name\":\"Anasayfa\",\"item\":\"https:\/\/faiktunay.com.tr\/\"},{\"@type\":\"ListItem\",\"position\":2,\"name\":\"T\u00fcrkiye iyi y\u00f6netilse \u015faha kalkar!\"}]},{\"@type\":\"WebSite\",\"@id\":\"https:\/\/faiktunay.com.tr\/#website\",\"url\":\"https:\/\/faiktunay.com.tr\/\",\"name\":\"Faik Tunay\",\"description\":\"\",\"publisher\":{\"@id\":\"https:\/\/faiktunay.com.tr\/#\/schema\/person\/c49b0bc68a3e76483795a134219cf7cd\"},\"potentialAction\":[{\"@type\":\"SearchAction\",\"target\":{\"@type\":\"EntryPoint\",\"urlTemplate\":\"https:\/\/faiktunay.com.tr\/?s={search_term_string}\"},\"query-input\":{\"@type\":\"PropertyValueSpecification\",\"valueRequired\":true,\"valueName\":\"search_term_string\"}}],\"inLanguage\":\"en-US\"},{\"@type\":[\"Person\",\"Organization\"],\"@id\":\"https:\/\/faiktunay.com.tr\/#\/schema\/person\/c49b0bc68a3e76483795a134219cf7cd\",\"name\":\"Faik Tunay\",\"logo\":{\"@id\":\"https:\/\/faiktunay.com.tr\/#\/schema\/person\/image\/\"},\"sameAs\":[\"https:\/\/faiktunay.com.tr\"],\"url\":\"https:\/\/faiktunay.com.tr\/en\/author\/clicodigital\/\"}]}<\/script>\n<!-- \/ Yoast SEO plugin. -->","yoast_head_json":{"title":"T\u00fcrkiye iyi y\u00f6netilse \u015faha kalkar! - Faik Tunay","robots":{"index":"index","follow":"follow","max-snippet":"max-snippet:-1","max-image-preview":"max-image-preview:large","max-video-preview":"max-video-preview:-1"},"canonical":"https:\/\/faiktunay.com.tr\/en\/turkiye-iyi-yonetilse-saha-kalkar\/","og_locale":"en_US","og_type":"article","og_title":"T\u00fcrkiye iyi y\u00f6netilse \u015faha kalkar! - Faik Tunay","og_description":"Haber Global kanal\u0131na \u00e7\u0131kan Tunay, cumhurba\u015fkanl\u0131\u011f\u0131 forsumuzdaki 16 y\u0131ld\u0131z\u0131n tesad\u00fcf eseri olmad\u0131\u011f\u0131n\u0131, derin tarihi ge\u00e7mi\u015fimizi simgeledi\u011fini anlatt\u0131. Son devletimiz T\u00fcrkiye Cumhuriyeti, yolsuzluklar azalsa, israf azalsa, \u00fcretim ekonomisine ge\u00e7sek bizi kimse tutamaz dedi","og_url":"https:\/\/faiktunay.com.tr\/en\/turkiye-iyi-yonetilse-saha-kalkar\/","og_site_name":"Faik Tunay","article_published_time":"2024-03-16T11:23:23+00:00","article_modified_time":"2024-03-16T11:25:00+00:00","og_image":[{"width":1566,"height":868,"url":"https:\/\/faiktunay.com.tr\/wp-content\/uploads\/2024\/03\/Turkiye_iyi_yonetilse_saha_kalkar__\u2013_Faik_Tunay.png","type":"image\/png"}],"author":"Faik Tunay","twitter_card":"summary_large_image","twitter_misc":{"Written by":"Faik Tunay"},"schema":{"@context":"https:\/\/schema.org","@graph":[{"@type":"Article","@id":"https:\/\/faiktunay.com.tr\/turkiye-iyi-yonetilse-saha-kalkar\/#article","isPartOf":{"@id":"https:\/\/faiktunay.com.tr\/turkiye-iyi-yonetilse-saha-kalkar\/"},"author":{"name":"Faik Tunay","@id":"https:\/\/faiktunay.com.tr\/#\/schema\/person\/c49b0bc68a3e76483795a134219cf7cd"},"headline":"T\u00fcrkiye iyi y\u00f6netilse \u015faha kalkar!","datePublished":"2024-03-16T11:23:23+00:00","dateModified":"2024-03-16T11:25:00+00:00","mainEntityOfPage":{"@id":"https:\/\/faiktunay.com.tr\/turkiye-iyi-yonetilse-saha-kalkar\/"},"wordCount":50,"publisher":{"@id":"https:\/\/faiktunay.com.tr\/#\/schema\/person\/c49b0bc68a3e76483795a134219cf7cd"},"image":{"@id":"https:\/\/faiktunay.com.tr\/turkiye-iyi-yonetilse-saha-kalkar\/#primaryimage"},"thumbnailUrl":"https:\/\/faiktunay.com.tr\/wp-content\/uploads\/2024\/03\/Turkiye_iyi_yonetilse_saha_kalkar__\u2013_Faik_Tunay.png","keywords":["ekonomi","istihbarat","mit","t\u00fcrkiye"],"articleSection":["Haberler","Videolar"],"inLanguage":"en-US"},{"@type":"WebPage","@id":"https:\/\/faiktunay.com.tr\/turkiye-iyi-yonetilse-saha-kalkar\/","url":"https:\/\/faiktunay.com.tr\/turkiye-iyi-yonetilse-saha-kalkar\/","name":"T\u00fcrkiye iyi y\u00f6netilse \u015faha kalkar! - Faik Tunay","isPartOf":{"@id":"https:\/\/faiktunay.com.tr\/#website"},"primaryImageOfPage":{"@id":"https:\/\/faiktunay.com.tr\/turkiye-iyi-yonetilse-saha-kalkar\/#primaryimage"},"image":{"@id":"https:\/\/faiktunay.com.tr\/turkiye-iyi-yonetilse-saha-kalkar\/#primaryimage"},"thumbnailUrl":"https:\/\/faiktunay.com.tr\/wp-content\/uploads\/2024\/03\/Turkiye_iyi_yonetilse_saha_kalkar__\u2013_Faik_Tunay.png","datePublished":"2024-03-16T11:23:23+00:00","dateModified":"2024-03-16T11:25:00+00:00","breadcrumb":{"@id":"https:\/\/faiktunay.com.tr\/turkiye-iyi-yonetilse-saha-kalkar\/#breadcrumb"},"inLanguage":"en-US","potentialAction":[{"@type":"ReadAction","target":["https:\/\/faiktunay.com.tr\/turkiye-iyi-yonetilse-saha-kalkar\/"]}]},{"@type":"ImageObject","inLanguage":"en-US","@id":"https:\/\/faiktunay.com.tr\/turkiye-iyi-yonetilse-saha-kalkar\/#primaryimage","url":"https:\/\/faiktunay.com.tr\/wp-content\/uploads\/2024\/03\/Turkiye_iyi_yonetilse_saha_kalkar__\u2013_Faik_Tunay.png","contentUrl":"https:\/\/faiktunay.com.tr\/wp-content\/uploads\/2024\/03\/Turkiye_iyi_yonetilse_saha_kalkar__\u2013_Faik_Tunay.png","width":1566,"height":868},{"@type":"BreadcrumbList","@id":"https:\/\/faiktunay.com.tr\/turkiye-iyi-yonetilse-saha-kalkar\/#breadcrumb","itemListElement":[{"@type":"ListItem","position":1,"name":"Anasayfa","item":"https:\/\/faiktunay.com.tr\/"},{"@type":"ListItem","position":2,"name":"T\u00fcrkiye iyi y\u00f6netilse \u015faha kalkar!"}]},{"@type":"WebSite","@id":"https:\/\/faiktunay.com.tr\/#website","url":"https:\/\/faiktunay.com.tr\/","name":"Faik Tunay","description":"","publisher":{"@id":"https:\/\/faiktunay.com.tr\/#\/schema\/person\/c49b0bc68a3e76483795a134219cf7cd"},"potentialAction":[{"@type":"SearchAction","target":{"@type":"EntryPoint","urlTemplate":"https:\/\/faiktunay.com.tr\/?s={search_term_string}"},"query-input":{"@type":"PropertyValueSpecification","valueRequired":true,"valueName":"search_term_string"}}],"inLanguage":"en-US"},{"@type":["Person","Organization"],"@id":"https:\/\/faiktunay.com.tr\/#\/schema\/person\/c49b0bc68a3e76483795a134219cf7cd","name":"Faik Tunay","logo":{"@id":"https:\/\/faiktunay.com.tr\/#\/schema\/person\/image\/"},"sameAs":["https:\/\/faiktunay.com.tr"],"url":"https:\/\/faiktunay.com.tr\/en\/author\/clicodigital\/"}]}},"_links":{"self":[{"href":"https:\/\/faiktunay.com.tr\/en\/wp-json\/wp\/v2\/posts\/721","targetHints":{"allow":["GET"]}}],"collection":[{"href":"https:\/\/faiktunay.com.tr\/en\/wp-json\/wp\/v2\/posts"}],"about":[{"href":"https:\/\/faiktunay.com.tr\/en\/wp-json\/wp\/v2\/types\/post"}],"author":[{"embeddable":true,"href":"https:\/\/faiktunay.com.tr\/en\/wp-json\/wp\/v2\/users\/1"}],"replies":[{"embeddable":true,"href":"https:\/\/faiktunay.com.tr\/en\/wp-json\/wp\/v2\/comments?post=721"}],"version-history":[{"count":0,"href":"https:\/\/faiktunay.com.tr\/en\/wp-json\/wp\/v2\/posts\/721\/revisions"}],"wp:featuredmedia":[{"embeddable":true,"href":"https:\/\/faiktunay.com.tr\/en\/wp-json\/wp\/v2\/media\/723"}],"wp:attachment":[{"href":"https:\/\/faiktunay.com.tr\/en\/wp-json\/wp\/v2\/media?parent=721"}],"wp:term":[{"taxonomy":"category","embeddable":true,"href":"https:\/\/faiktunay.com.tr\/en\/wp-json\/wp\/v2\/categories?post=721"},{"taxonomy":"post_tag","embeddable":true,"href":"https:\/\/faiktunay.com.tr\/en\/wp-json\/wp\/v2\/tags?post=721"}],"curies":[{"name":"wp","href":"https:\/\/api.w.org\/{rel}","templated":true}]}}