{"id":724,"date":"2024-03-21T11:44:57","date_gmt":"2024-03-21T11:44:57","guid":{"rendered":"https:\/\/faiktunay.com.tr\/?p=724"},"modified":"2024-03-21T12:36:06","modified_gmt":"2024-03-21T12:36:06","slug":"demokrat-parti-genel-baskan-yardimcisi-faik-tunaydan-carpici-altili-masa-analizi","status":"publish","type":"post","link":"https:\/\/faiktunay.com.tr\/en\/demokrat-parti-genel-baskan-yardimcisi-faik-tunaydan-carpici-altili-masa-analizi\/","title":{"rendered":"Striking &#039;Table of Six&#039; analysis from Democratic Party Deputy Chairman Faik Tunay!"},"content":{"rendered":"<p>Tunay, who participated in the KRT live broadcast, stated that the main problem of all opposition parties that make up the six-party table is to resemble the CHP and to be anti-government in the CHP style.<\/p>\n\n\n\n<p>Tunay, CHP\u2019nin oyu 20 senedir %25\u2019i ge\u00e7miyor \u00f6yleyse CHP\u2019ye neden benzeyelim?<\/p>\n\n\n\n<p>He stated that there is no chance of coming to power with this type of opposition.<\/p>\n\n\n\n<p><\/p>\n\n\n\n<h1 class=\"wp-block-heading\"><\/h1>","protected":false},"excerpt":{"rendered":"<p>KRT canl\u0131 yay\u0131n\u0131na kat\u0131lan Tunay, alt\u0131l\u0131 masay\u0131 olu\u015fturan b\u00fct\u00fcn muhalefet partilerinin temel probleminin CHP\u2019ye benzemek ve CHP tarz\u0131nda iktidar kar\u015f\u0131tl\u0131\u011f\u0131 yapmak oldu\u011funu ifade etti. Tunay, CHP\u2019nin oyu 20 senedir %25\u2019i ge\u00e7miyor \u00f6yleyse CHP\u2019ye neden benzeyelim? Bu tarz muhalefet ile iktidar olunma \u015fans\u0131 yok diye ifade etti.<\/p>","protected":false},"author":1,"featured_media":0,"comment_status":"closed","ping_status":"closed","sticky":false,"template":"","format":"video","meta":{"footnotes":""},"categories":[16,19],"tags":[27,47,33],"class_list":["post-724","post","type-post","status-publish","format-video","hentry","category-haberler","category-videolar","tag-dolar","tag-muhalefet","tag-secim","post_format-post-format-video"],"yoast_head":"<!-- This site is optimized with the Yoast SEO plugin v25.7 - https:\/\/yoast.com\/wordpress\/plugins\/seo\/ -->\n<title>Demokrat Parti Genel Ba\u015fkan Yard\u0131mc\u0131s\u0131 Faik Tunay&#039;dan \u00e7arp\u0131c\u0131 &#039;Alt\u0131l\u0131 Masa&#039; analizi! - Faik Tunay<\/title>\n<meta name=\"robots\" content=\"index, follow, max-snippet:-1, max-image-preview:large, max-video-preview:-1\" \/>\n<link rel=\"canonical\" href=\"https:\/\/faiktunay.com.tr\/en\/demokrat-parti-genel-baskan-yardimcisi-faik-tunaydan-carpici-altili-masa-analizi\/\" \/>\n<meta property=\"og:locale\" content=\"en_US\" \/>\n<meta property=\"og:type\" content=\"article\" \/>\n<meta property=\"og:title\" content=\"Demokrat Parti Genel Ba\u015fkan Yard\u0131mc\u0131s\u0131 Faik Tunay&#039;dan \u00e7arp\u0131c\u0131 &#039;Alt\u0131l\u0131 Masa&#039; analizi! - Faik Tunay\" \/>\n<meta property=\"og:description\" content=\"KRT canl\u0131 yay\u0131n\u0131na kat\u0131lan Tunay, alt\u0131l\u0131 masay\u0131 olu\u015fturan b\u00fct\u00fcn muhalefet partilerinin temel probleminin CHP\u2019ye benzemek ve CHP tarz\u0131nda iktidar kar\u015f\u0131tl\u0131\u011f\u0131 yapmak oldu\u011funu ifade etti. Tunay, CHP\u2019nin oyu 20 senedir %25\u2019i ge\u00e7miyor \u00f6yleyse CHP\u2019ye neden benzeyelim? Bu tarz muhalefet ile iktidar olunma \u015fans\u0131 yok diye ifade etti.\" \/>\n<meta property=\"og:url\" content=\"https:\/\/faiktunay.com.tr\/en\/demokrat-parti-genel-baskan-yardimcisi-faik-tunaydan-carpici-altili-masa-analizi\/\" \/>\n<meta property=\"og:site_name\" content=\"Faik Tunay\" \/>\n<meta property=\"article:published_time\" content=\"2024-03-21T11:44:57+00:00\" \/>\n<meta property=\"article:modified_time\" content=\"2024-03-21T12:36:06+00:00\" \/>\n<meta name=\"author\" content=\"Faik Tunay\" \/>\n<meta name=\"twitter:card\" content=\"summary_large_image\" \/>\n<meta name=\"twitter:label1\" content=\"Written by\" \/>\n\t<meta name=\"twitter:data1\" content=\"Faik Tunay\" \/>\n<script type=\"application\/ld+json\" class=\"yoast-schema-graph\">{\"@context\":\"https:\/\/schema.org\",\"@graph\":[{\"@type\":\"Article\",\"@id\":\"https:\/\/faiktunay.com.tr\/demokrat-parti-genel-baskan-yardimcisi-faik-tunaydan-carpici-altili-masa-analizi\/#article\",\"isPartOf\":{\"@id\":\"https:\/\/faiktunay.com.tr\/demokrat-parti-genel-baskan-yardimcisi-faik-tunaydan-carpici-altili-masa-analizi\/\"},\"author\":{\"name\":\"Faik Tunay\",\"@id\":\"https:\/\/faiktunay.com.tr\/#\/schema\/person\/c49b0bc68a3e76483795a134219cf7cd\"},\"headline\":\"Demokrat Parti Genel Ba\u015fkan Yard\u0131mc\u0131s\u0131 Faik Tunay&#8217;dan \u00e7arp\u0131c\u0131 &#8216;Alt\u0131l\u0131 Masa&#8217; analizi!\",\"datePublished\":\"2024-03-21T11:44:57+00:00\",\"dateModified\":\"2024-03-21T12:36:06+00:00\",\"mainEntityOfPage\":{\"@id\":\"https:\/\/faiktunay.com.tr\/demokrat-parti-genel-baskan-yardimcisi-faik-tunaydan-carpici-altili-masa-analizi\/\"},\"wordCount\":75,\"publisher\":{\"@id\":\"https:\/\/faiktunay.com.tr\/#\/schema\/person\/c49b0bc68a3e76483795a134219cf7cd\"},\"keywords\":[\"dolar\",\"muhalefet\",\"se\u00e7im\"],\"articleSection\":[\"Haberler\",\"Videolar\"],\"inLanguage\":\"en-US\"},{\"@type\":\"WebPage\",\"@id\":\"https:\/\/faiktunay.com.tr\/demokrat-parti-genel-baskan-yardimcisi-faik-tunaydan-carpici-altili-masa-analizi\/\",\"url\":\"https:\/\/faiktunay.com.tr\/demokrat-parti-genel-baskan-yardimcisi-faik-tunaydan-carpici-altili-masa-analizi\/\",\"name\":\"Demokrat Parti Genel Ba\u015fkan Yard\u0131mc\u0131s\u0131 Faik Tunay'dan \u00e7arp\u0131c\u0131 'Alt\u0131l\u0131 Masa' analizi! - Faik Tunay\",\"isPartOf\":{\"@id\":\"https:\/\/faiktunay.com.tr\/#website\"},\"datePublished\":\"2024-03-21T11:44:57+00:00\",\"dateModified\":\"2024-03-21T12:36:06+00:00\",\"breadcrumb\":{\"@id\":\"https:\/\/faiktunay.com.tr\/demokrat-parti-genel-baskan-yardimcisi-faik-tunaydan-carpici-altili-masa-analizi\/#breadcrumb\"},\"inLanguage\":\"en-US\",\"potentialAction\":[{\"@type\":\"ReadAction\",\"target\":[\"https:\/\/faiktunay.com.tr\/demokrat-parti-genel-baskan-yardimcisi-faik-tunaydan-carpici-altili-masa-analizi\/\"]}]},{\"@type\":\"BreadcrumbList\",\"@id\":\"https:\/\/faiktunay.com.tr\/demokrat-parti-genel-baskan-yardimcisi-faik-tunaydan-carpici-altili-masa-analizi\/#breadcrumb\",\"itemListElement\":[{\"@type\":\"ListItem\",\"position\":1,\"name\":\"Anasayfa\",\"item\":\"https:\/\/faiktunay.com.tr\/\"},{\"@type\":\"ListItem\",\"position\":2,\"name\":\"Demokrat Parti Genel Ba\u015fkan Yard\u0131mc\u0131s\u0131 Faik Tunay&#8217;dan \u00e7arp\u0131c\u0131 &#8216;Alt\u0131l\u0131 Masa&#8217; analizi!\"}]},{\"@type\":\"WebSite\",\"@id\":\"https:\/\/faiktunay.com.tr\/#website\",\"url\":\"https:\/\/faiktunay.com.tr\/\",\"name\":\"Faik Tunay\",\"description\":\"\",\"publisher\":{\"@id\":\"https:\/\/faiktunay.com.tr\/#\/schema\/person\/c49b0bc68a3e76483795a134219cf7cd\"},\"potentialAction\":[{\"@type\":\"SearchAction\",\"target\":{\"@type\":\"EntryPoint\",\"urlTemplate\":\"https:\/\/faiktunay.com.tr\/?s={search_term_string}\"},\"query-input\":{\"@type\":\"PropertyValueSpecification\",\"valueRequired\":true,\"valueName\":\"search_term_string\"}}],\"inLanguage\":\"en-US\"},{\"@type\":[\"Person\",\"Organization\"],\"@id\":\"https:\/\/faiktunay.com.tr\/#\/schema\/person\/c49b0bc68a3e76483795a134219cf7cd\",\"name\":\"Faik Tunay\",\"logo\":{\"@id\":\"https:\/\/faiktunay.com.tr\/#\/schema\/person\/image\/\"},\"sameAs\":[\"https:\/\/faiktunay.com.tr\"],\"url\":\"https:\/\/faiktunay.com.tr\/en\/author\/clicodigital\/\"}]}<\/script>\n<!-- \/ Yoast SEO plugin. -->","yoast_head_json":{"title":"Demokrat Parti Genel Ba\u015fkan Yard\u0131mc\u0131s\u0131 Faik Tunay'dan \u00e7arp\u0131c\u0131 'Alt\u0131l\u0131 Masa' analizi! - Faik Tunay","robots":{"index":"index","follow":"follow","max-snippet":"max-snippet:-1","max-image-preview":"max-image-preview:large","max-video-preview":"max-video-preview:-1"},"canonical":"https:\/\/faiktunay.com.tr\/en\/demokrat-parti-genel-baskan-yardimcisi-faik-tunaydan-carpici-altili-masa-analizi\/","og_locale":"en_US","og_type":"article","og_title":"Demokrat Parti Genel Ba\u015fkan Yard\u0131mc\u0131s\u0131 Faik Tunay'dan \u00e7arp\u0131c\u0131 'Alt\u0131l\u0131 Masa' analizi! - Faik Tunay","og_description":"KRT canl\u0131 yay\u0131n\u0131na kat\u0131lan Tunay, alt\u0131l\u0131 masay\u0131 olu\u015fturan b\u00fct\u00fcn muhalefet partilerinin temel probleminin CHP\u2019ye benzemek ve CHP tarz\u0131nda iktidar kar\u015f\u0131tl\u0131\u011f\u0131 yapmak oldu\u011funu ifade etti. Tunay, CHP\u2019nin oyu 20 senedir %25\u2019i ge\u00e7miyor \u00f6yleyse CHP\u2019ye neden benzeyelim? Bu tarz muhalefet ile iktidar olunma \u015fans\u0131 yok diye ifade etti.","og_url":"https:\/\/faiktunay.com.tr\/en\/demokrat-parti-genel-baskan-yardimcisi-faik-tunaydan-carpici-altili-masa-analizi\/","og_site_name":"Faik Tunay","article_published_time":"2024-03-21T11:44:57+00:00","article_modified_time":"2024-03-21T12:36:06+00:00","author":"Faik Tunay","twitter_card":"summary_large_image","twitter_misc":{"Written by":"Faik Tunay"},"schema":{"@context":"https:\/\/schema.org","@graph":[{"@type":"Article","@id":"https:\/\/faiktunay.com.tr\/demokrat-parti-genel-baskan-yardimcisi-faik-tunaydan-carpici-altili-masa-analizi\/#article","isPartOf":{"@id":"https:\/\/faiktunay.com.tr\/demokrat-parti-genel-baskan-yardimcisi-faik-tunaydan-carpici-altili-masa-analizi\/"},"author":{"name":"Faik Tunay","@id":"https:\/\/faiktunay.com.tr\/#\/schema\/person\/c49b0bc68a3e76483795a134219cf7cd"},"headline":"Demokrat Parti Genel Ba\u015fkan Yard\u0131mc\u0131s\u0131 Faik Tunay&#8217;dan \u00e7arp\u0131c\u0131 &#8216;Alt\u0131l\u0131 Masa&#8217; analizi!","datePublished":"2024-03-21T11:44:57+00:00","dateModified":"2024-03-21T12:36:06+00:00","mainEntityOfPage":{"@id":"https:\/\/faiktunay.com.tr\/demokrat-parti-genel-baskan-yardimcisi-faik-tunaydan-carpici-altili-masa-analizi\/"},"wordCount":75,"publisher":{"@id":"https:\/\/faiktunay.com.tr\/#\/schema\/person\/c49b0bc68a3e76483795a134219cf7cd"},"keywords":["dolar","muhalefet","se\u00e7im"],"articleSection":["Haberler","Videolar"],"inLanguage":"en-US"},{"@type":"WebPage","@id":"https:\/\/faiktunay.com.tr\/demokrat-parti-genel-baskan-yardimcisi-faik-tunaydan-carpici-altili-masa-analizi\/","url":"https:\/\/faiktunay.com.tr\/demokrat-parti-genel-baskan-yardimcisi-faik-tunaydan-carpici-altili-masa-analizi\/","name":"Demokrat Parti Genel Ba\u015fkan Yard\u0131mc\u0131s\u0131 Faik Tunay'dan \u00e7arp\u0131c\u0131 'Alt\u0131l\u0131 Masa' analizi! - Faik Tunay","isPartOf":{"@id":"https:\/\/faiktunay.com.tr\/#website"},"datePublished":"2024-03-21T11:44:57+00:00","dateModified":"2024-03-21T12:36:06+00:00","breadcrumb":{"@id":"https:\/\/faiktunay.com.tr\/demokrat-parti-genel-baskan-yardimcisi-faik-tunaydan-carpici-altili-masa-analizi\/#breadcrumb"},"inLanguage":"en-US","potentialAction":[{"@type":"ReadAction","target":["https:\/\/faiktunay.com.tr\/demokrat-parti-genel-baskan-yardimcisi-faik-tunaydan-carpici-altili-masa-analizi\/"]}]},{"@type":"BreadcrumbList","@id":"https:\/\/faiktunay.com.tr\/demokrat-parti-genel-baskan-yardimcisi-faik-tunaydan-carpici-altili-masa-analizi\/#breadcrumb","itemListElement":[{"@type":"ListItem","position":1,"name":"Anasayfa","item":"https:\/\/faiktunay.com.tr\/"},{"@type":"ListItem","position":2,"name":"Demokrat Parti Genel Ba\u015fkan Yard\u0131mc\u0131s\u0131 Faik Tunay&#8217;dan \u00e7arp\u0131c\u0131 &#8216;Alt\u0131l\u0131 Masa&#8217; analizi!"}]},{"@type":"WebSite","@id":"https:\/\/faiktunay.com.tr\/#website","url":"https:\/\/faiktunay.com.tr\/","name":"Faik Tunay","description":"","publisher":{"@id":"https:\/\/faiktunay.com.tr\/#\/schema\/person\/c49b0bc68a3e76483795a134219cf7cd"},"potentialAction":[{"@type":"SearchAction","target":{"@type":"EntryPoint","urlTemplate":"https:\/\/faiktunay.com.tr\/?s={search_term_string}"},"query-input":{"@type":"PropertyValueSpecification","valueRequired":true,"valueName":"search_term_string"}}],"inLanguage":"en-US"},{"@type":["Person","Organization"],"@id":"https:\/\/faiktunay.com.tr\/#\/schema\/person\/c49b0bc68a3e76483795a134219cf7cd","name":"Faik Tunay","logo":{"@id":"https:\/\/faiktunay.com.tr\/#\/schema\/person\/image\/"},"sameAs":["https:\/\/faiktunay.com.tr"],"url":"https:\/\/faiktunay.com.tr\/en\/author\/clicodigital\/"}]}},"_links":{"self":[{"href":"https:\/\/faiktunay.com.tr\/en\/wp-json\/wp\/v2\/posts\/724","targetHints":{"allow":["GET"]}}],"collection":[{"href":"https:\/\/faiktunay.com.tr\/en\/wp-json\/wp\/v2\/posts"}],"about":[{"href":"https:\/\/faiktunay.com.tr\/en\/wp-json\/wp\/v2\/types\/post"}],"author":[{"embeddable":true,"href":"https:\/\/faiktunay.com.tr\/en\/wp-json\/wp\/v2\/users\/1"}],"replies":[{"embeddable":true,"href":"https:\/\/faiktunay.com.tr\/en\/wp-json\/wp\/v2\/comments?post=724"}],"version-history":[{"count":0,"href":"https:\/\/faiktunay.com.tr\/en\/wp-json\/wp\/v2\/posts\/724\/revisions"}],"wp:attachment":[{"href":"https:\/\/faiktunay.com.tr\/en\/wp-json\/wp\/v2\/media?parent=724"}],"wp:term":[{"taxonomy":"category","embeddable":true,"href":"https:\/\/faiktunay.com.tr\/en\/wp-json\/wp\/v2\/categories?post=724"},{"taxonomy":"post_tag","embeddable":true,"href":"https:\/\/faiktunay.com.tr\/en\/wp-json\/wp\/v2\/tags?post=724"}],"curies":[{"name":"wp","href":"https:\/\/api.w.org\/{rel}","templated":true}]}}