{"id":742,"date":"2024-05-18T09:12:03","date_gmt":"2024-05-18T09:12:03","guid":{"rendered":"https:\/\/faiktunay.com.tr\/?p=742"},"modified":"2024-05-18T09:22:51","modified_gmt":"2024-05-18T09:22:51","slug":"faik-tunay-krt-tvde-canli-yayin-konugu-oldu","status":"publish","type":"post","link":"https:\/\/faiktunay.com.tr\/en\/faik-tunay-krt-tvde-canli-yayin-konugu-oldu\/","title":{"rendered":"Faik Tunay was the guest of live broadcast on KRT TV."},"content":{"rendered":"<p>Tunay, who appeared on the program with 22nd Term AK Party Deputy Emin \u015eirin, said that the CHP achieved great success, but in fact the AK Party lost. Saying that it is not easy for the AK Party to recover, Tunay said that there is a big gap in the center right.<\/p>\n\n\n\n<ol class=\"wp-block-list\" start=\"22\">\n<li><\/li>\n<\/ol>","protected":false},"excerpt":{"rendered":"<p>Tunay, who appeared on the program with 22nd Term AK Party Deputy Emin \u015eirin, said that the CHP achieved great success, but in fact the AK Party lost. Saying that it is not easy for the AK Party to recover, Tunay said that there is a big gap in the center right.<\/p>","protected":false},"author":1,"featured_media":0,"comment_status":"closed","ping_status":"closed","sticky":false,"template":"","format":"video","meta":{"footnotes":""},"categories":[16,19],"tags":[49,22],"class_list":["post-742","post","type-post","status-publish","format-video","hentry","category-haberler","category-videolar","tag-emin-sirin-akp-chp-secim","tag-faik-tunay","post_format-post-format-video"],"yoast_head":"<!-- This site is optimized with the Yoast SEO plugin v25.7 - https:\/\/yoast.com\/wordpress\/plugins\/seo\/ -->\n<title>Faik Tunay, KRT TV\u2019de Canl\u0131 Yay\u0131n Konu\u011fu Oldu. - Faik Tunay<\/title>\n<meta name=\"robots\" content=\"index, follow, max-snippet:-1, max-image-preview:large, max-video-preview:-1\" \/>\n<link rel=\"canonical\" href=\"https:\/\/faiktunay.com.tr\/en\/faik-tunay-krt-tvde-canli-yayin-konugu-oldu\/\" \/>\n<meta property=\"og:locale\" content=\"en_US\" \/>\n<meta property=\"og:type\" content=\"article\" \/>\n<meta property=\"og:title\" content=\"Faik Tunay, KRT TV\u2019de Canl\u0131 Yay\u0131n Konu\u011fu Oldu. - Faik Tunay\" \/>\n<meta property=\"og:description\" content=\"22.D\u00f6nem AK Parti Milletvekili Emin \u015eirin ile programa \u00e7\u0131kan Tunay, CHP\u2019nin b\u00fcy\u00fck ba\u015far\u0131 elde etti\u011fini ama asl\u0131nda AK Parti\u2019nin kaybetti\u011fini s\u00f6yledi.AK Parti\u2019nin toparlanmas\u0131 kolay de\u011fil diyen Tunay, merkez sa\u011fda b\u00fcy\u00fck bir bo\u015fluk oldu\u011funu s\u00f6yledi.\" \/>\n<meta property=\"og:url\" content=\"https:\/\/faiktunay.com.tr\/en\/faik-tunay-krt-tvde-canli-yayin-konugu-oldu\/\" \/>\n<meta property=\"og:site_name\" content=\"Faik Tunay\" \/>\n<meta property=\"article:published_time\" content=\"2024-05-18T09:12:03+00:00\" \/>\n<meta property=\"article:modified_time\" content=\"2024-05-18T09:22:51+00:00\" \/>\n<meta name=\"author\" content=\"Faik Tunay\" \/>\n<meta name=\"twitter:card\" content=\"summary_large_image\" \/>\n<meta name=\"twitter:label1\" content=\"Written by\" \/>\n\t<meta name=\"twitter:data1\" content=\"Faik Tunay\" \/>\n<script type=\"application\/ld+json\" class=\"yoast-schema-graph\">{\"@context\":\"https:\/\/schema.org\",\"@graph\":[{\"@type\":\"Article\",\"@id\":\"https:\/\/faiktunay.com.tr\/faik-tunay-krt-tvde-canli-yayin-konugu-oldu\/#article\",\"isPartOf\":{\"@id\":\"https:\/\/faiktunay.com.tr\/faik-tunay-krt-tvde-canli-yayin-konugu-oldu\/\"},\"author\":{\"name\":\"Faik Tunay\",\"@id\":\"https:\/\/faiktunay.com.tr\/#\/schema\/person\/c49b0bc68a3e76483795a134219cf7cd\"},\"headline\":\"Faik Tunay, KRT TV\u2019de Canl\u0131 Yay\u0131n Konu\u011fu Oldu.\",\"datePublished\":\"2024-05-18T09:12:03+00:00\",\"dateModified\":\"2024-05-18T09:22:51+00:00\",\"mainEntityOfPage\":{\"@id\":\"https:\/\/faiktunay.com.tr\/faik-tunay-krt-tvde-canli-yayin-konugu-oldu\/\"},\"wordCount\":64,\"publisher\":{\"@id\":\"https:\/\/faiktunay.com.tr\/#\/schema\/person\/c49b0bc68a3e76483795a134219cf7cd\"},\"keywords\":[\"#Emin \u015eirin AKP CHP Se\u00e7im\",\"Faik Tunay\"],\"articleSection\":[\"Haberler\",\"Videolar\"],\"inLanguage\":\"en-US\"},{\"@type\":\"WebPage\",\"@id\":\"https:\/\/faiktunay.com.tr\/faik-tunay-krt-tvde-canli-yayin-konugu-oldu\/\",\"url\":\"https:\/\/faiktunay.com.tr\/faik-tunay-krt-tvde-canli-yayin-konugu-oldu\/\",\"name\":\"Faik Tunay, KRT TV\u2019de Canl\u0131 Yay\u0131n Konu\u011fu Oldu. - Faik Tunay\",\"isPartOf\":{\"@id\":\"https:\/\/faiktunay.com.tr\/#website\"},\"datePublished\":\"2024-05-18T09:12:03+00:00\",\"dateModified\":\"2024-05-18T09:22:51+00:00\",\"breadcrumb\":{\"@id\":\"https:\/\/faiktunay.com.tr\/faik-tunay-krt-tvde-canli-yayin-konugu-oldu\/#breadcrumb\"},\"inLanguage\":\"en-US\",\"potentialAction\":[{\"@type\":\"ReadAction\",\"target\":[\"https:\/\/faiktunay.com.tr\/faik-tunay-krt-tvde-canli-yayin-konugu-oldu\/\"]}]},{\"@type\":\"BreadcrumbList\",\"@id\":\"https:\/\/faiktunay.com.tr\/faik-tunay-krt-tvde-canli-yayin-konugu-oldu\/#breadcrumb\",\"itemListElement\":[{\"@type\":\"ListItem\",\"position\":1,\"name\":\"Anasayfa\",\"item\":\"https:\/\/faiktunay.com.tr\/\"},{\"@type\":\"ListItem\",\"position\":2,\"name\":\"Faik Tunay, KRT TV\u2019de Canl\u0131 Yay\u0131n Konu\u011fu Oldu.\"}]},{\"@type\":\"WebSite\",\"@id\":\"https:\/\/faiktunay.com.tr\/#website\",\"url\":\"https:\/\/faiktunay.com.tr\/\",\"name\":\"Faik Tunay\",\"description\":\"\",\"publisher\":{\"@id\":\"https:\/\/faiktunay.com.tr\/#\/schema\/person\/c49b0bc68a3e76483795a134219cf7cd\"},\"potentialAction\":[{\"@type\":\"SearchAction\",\"target\":{\"@type\":\"EntryPoint\",\"urlTemplate\":\"https:\/\/faiktunay.com.tr\/?s={search_term_string}\"},\"query-input\":{\"@type\":\"PropertyValueSpecification\",\"valueRequired\":true,\"valueName\":\"search_term_string\"}}],\"inLanguage\":\"en-US\"},{\"@type\":[\"Person\",\"Organization\"],\"@id\":\"https:\/\/faiktunay.com.tr\/#\/schema\/person\/c49b0bc68a3e76483795a134219cf7cd\",\"name\":\"Faik Tunay\",\"logo\":{\"@id\":\"https:\/\/faiktunay.com.tr\/#\/schema\/person\/image\/\"},\"sameAs\":[\"https:\/\/faiktunay.com.tr\"],\"url\":\"https:\/\/faiktunay.com.tr\/en\/author\/clicodigital\/\"}]}<\/script>\n<!-- \/ Yoast SEO plugin. -->","yoast_head_json":{"title":"Faik Tunay, KRT TV\u2019de Canl\u0131 Yay\u0131n Konu\u011fu Oldu. - Faik Tunay","robots":{"index":"index","follow":"follow","max-snippet":"max-snippet:-1","max-image-preview":"max-image-preview:large","max-video-preview":"max-video-preview:-1"},"canonical":"https:\/\/faiktunay.com.tr\/en\/faik-tunay-krt-tvde-canli-yayin-konugu-oldu\/","og_locale":"en_US","og_type":"article","og_title":"Faik Tunay, KRT TV\u2019de Canl\u0131 Yay\u0131n Konu\u011fu Oldu. - Faik Tunay","og_description":"22.D\u00f6nem AK Parti Milletvekili Emin \u015eirin ile programa \u00e7\u0131kan Tunay, CHP\u2019nin b\u00fcy\u00fck ba\u015far\u0131 elde etti\u011fini ama asl\u0131nda AK Parti\u2019nin kaybetti\u011fini s\u00f6yledi.AK Parti\u2019nin toparlanmas\u0131 kolay de\u011fil diyen Tunay, merkez sa\u011fda b\u00fcy\u00fck bir bo\u015fluk oldu\u011funu s\u00f6yledi.","og_url":"https:\/\/faiktunay.com.tr\/en\/faik-tunay-krt-tvde-canli-yayin-konugu-oldu\/","og_site_name":"Faik Tunay","article_published_time":"2024-05-18T09:12:03+00:00","article_modified_time":"2024-05-18T09:22:51+00:00","author":"Faik Tunay","twitter_card":"summary_large_image","twitter_misc":{"Written by":"Faik Tunay"},"schema":{"@context":"https:\/\/schema.org","@graph":[{"@type":"Article","@id":"https:\/\/faiktunay.com.tr\/faik-tunay-krt-tvde-canli-yayin-konugu-oldu\/#article","isPartOf":{"@id":"https:\/\/faiktunay.com.tr\/faik-tunay-krt-tvde-canli-yayin-konugu-oldu\/"},"author":{"name":"Faik Tunay","@id":"https:\/\/faiktunay.com.tr\/#\/schema\/person\/c49b0bc68a3e76483795a134219cf7cd"},"headline":"Faik Tunay, KRT TV\u2019de Canl\u0131 Yay\u0131n Konu\u011fu Oldu.","datePublished":"2024-05-18T09:12:03+00:00","dateModified":"2024-05-18T09:22:51+00:00","mainEntityOfPage":{"@id":"https:\/\/faiktunay.com.tr\/faik-tunay-krt-tvde-canli-yayin-konugu-oldu\/"},"wordCount":64,"publisher":{"@id":"https:\/\/faiktunay.com.tr\/#\/schema\/person\/c49b0bc68a3e76483795a134219cf7cd"},"keywords":["#Emin \u015eirin AKP CHP Se\u00e7im","Faik Tunay"],"articleSection":["Haberler","Videolar"],"inLanguage":"en-US"},{"@type":"WebPage","@id":"https:\/\/faiktunay.com.tr\/faik-tunay-krt-tvde-canli-yayin-konugu-oldu\/","url":"https:\/\/faiktunay.com.tr\/faik-tunay-krt-tvde-canli-yayin-konugu-oldu\/","name":"Faik Tunay, KRT TV\u2019de Canl\u0131 Yay\u0131n Konu\u011fu Oldu. - Faik Tunay","isPartOf":{"@id":"https:\/\/faiktunay.com.tr\/#website"},"datePublished":"2024-05-18T09:12:03+00:00","dateModified":"2024-05-18T09:22:51+00:00","breadcrumb":{"@id":"https:\/\/faiktunay.com.tr\/faik-tunay-krt-tvde-canli-yayin-konugu-oldu\/#breadcrumb"},"inLanguage":"en-US","potentialAction":[{"@type":"ReadAction","target":["https:\/\/faiktunay.com.tr\/faik-tunay-krt-tvde-canli-yayin-konugu-oldu\/"]}]},{"@type":"BreadcrumbList","@id":"https:\/\/faiktunay.com.tr\/faik-tunay-krt-tvde-canli-yayin-konugu-oldu\/#breadcrumb","itemListElement":[{"@type":"ListItem","position":1,"name":"Anasayfa","item":"https:\/\/faiktunay.com.tr\/"},{"@type":"ListItem","position":2,"name":"Faik Tunay, KRT TV\u2019de Canl\u0131 Yay\u0131n Konu\u011fu Oldu."}]},{"@type":"WebSite","@id":"https:\/\/faiktunay.com.tr\/#website","url":"https:\/\/faiktunay.com.tr\/","name":"Faik Tunay","description":"","publisher":{"@id":"https:\/\/faiktunay.com.tr\/#\/schema\/person\/c49b0bc68a3e76483795a134219cf7cd"},"potentialAction":[{"@type":"SearchAction","target":{"@type":"EntryPoint","urlTemplate":"https:\/\/faiktunay.com.tr\/?s={search_term_string}"},"query-input":{"@type":"PropertyValueSpecification","valueRequired":true,"valueName":"search_term_string"}}],"inLanguage":"en-US"},{"@type":["Person","Organization"],"@id":"https:\/\/faiktunay.com.tr\/#\/schema\/person\/c49b0bc68a3e76483795a134219cf7cd","name":"Faik Tunay","logo":{"@id":"https:\/\/faiktunay.com.tr\/#\/schema\/person\/image\/"},"sameAs":["https:\/\/faiktunay.com.tr"],"url":"https:\/\/faiktunay.com.tr\/en\/author\/clicodigital\/"}]}},"_links":{"self":[{"href":"https:\/\/faiktunay.com.tr\/en\/wp-json\/wp\/v2\/posts\/742","targetHints":{"allow":["GET"]}}],"collection":[{"href":"https:\/\/faiktunay.com.tr\/en\/wp-json\/wp\/v2\/posts"}],"about":[{"href":"https:\/\/faiktunay.com.tr\/en\/wp-json\/wp\/v2\/types\/post"}],"author":[{"embeddable":true,"href":"https:\/\/faiktunay.com.tr\/en\/wp-json\/wp\/v2\/users\/1"}],"replies":[{"embeddable":true,"href":"https:\/\/faiktunay.com.tr\/en\/wp-json\/wp\/v2\/comments?post=742"}],"version-history":[{"count":0,"href":"https:\/\/faiktunay.com.tr\/en\/wp-json\/wp\/v2\/posts\/742\/revisions"}],"wp:attachment":[{"href":"https:\/\/faiktunay.com.tr\/en\/wp-json\/wp\/v2\/media?parent=742"}],"wp:term":[{"taxonomy":"category","embeddable":true,"href":"https:\/\/faiktunay.com.tr\/en\/wp-json\/wp\/v2\/categories?post=742"},{"taxonomy":"post_tag","embeddable":true,"href":"https:\/\/faiktunay.com.tr\/en\/wp-json\/wp\/v2\/tags?post=742"}],"curies":[{"name":"wp","href":"https:\/\/api.w.org\/{rel}","templated":true}]}}