{"id":746,"date":"2024-06-20T19:04:50","date_gmt":"2024-06-20T19:04:50","guid":{"rendered":"https:\/\/faiktunay.com.tr\/?p=746"},"modified":"2024-06-20T19:11:34","modified_gmt":"2024-06-20T19:11:34","slug":"faik-tunay-haber-global-canli-yayin-konugu-oldu","status":"publish","type":"post","link":"https:\/\/faiktunay.com.tr\/en\/faik-tunay-haber-global-canli-yayin-konugu-oldu\/","title":{"rendered":"Faik Tunay was the guest of HABER GLOBAL live broadcast."},"content":{"rendered":"<p>Tunay stated that the alternative to the AK Party is not the CHP, despite its election success, but the centre-right. Tunay stated that the AK Party would lose power with the recovery of the centre-right.<\/p>\n\n\n\n<iframe width=\"560\" height=\"315\" src=\"https:\/\/www.youtube.com\/embed\/3pUJogUBUFI?si=3dqAsFwPGrzcTXaO\" title=\"YouTube video player\" frameborder=\"0\" allow=\"accelerometer; autoplay; clipboard-write; encrypted-media; gyroscope; picture-in-picture; web-share\" referrerpolicy=\"strict-origin-when-cross-origin\" allowfullscreen><\/iframe>","protected":false},"excerpt":{"rendered":"<p>Tunay stated that the alternative to the AK Party is not the CHP, despite its election success, but the centre-right. Tunay stated that the AK Party would lose power with the recovery of the centre-right.<\/p>","protected":false},"author":1,"featured_media":0,"comment_status":"closed","ping_status":"closed","sticky":false,"template":"","format":"video","meta":{"footnotes":""},"categories":[16,19],"tags":[22,36,33],"class_list":["post-746","post","type-post","status-publish","format-video","hentry","category-haberler","category-videolar","tag-faik-tunay","tag-merkez-sag","tag-secim","post_format-post-format-video"],"yoast_head":"<!-- This site is optimized with the Yoast SEO plugin v25.7 - https:\/\/yoast.com\/wordpress\/plugins\/seo\/ -->\n<title>Faik Tunay HABER GLOBAL canl\u0131 yay\u0131n konu\u011fu oldu. - Faik Tunay<\/title>\n<meta name=\"robots\" content=\"index, follow, max-snippet:-1, max-image-preview:large, max-video-preview:-1\" \/>\n<link rel=\"canonical\" href=\"https:\/\/faiktunay.com.tr\/en\/faik-tunay-haber-global-canli-yayin-konugu-oldu\/\" \/>\n<meta property=\"og:locale\" content=\"en_US\" \/>\n<meta property=\"og:type\" content=\"article\" \/>\n<meta property=\"og:title\" content=\"Faik Tunay HABER GLOBAL canl\u0131 yay\u0131n konu\u011fu oldu. - Faik Tunay\" \/>\n<meta property=\"og:description\" content=\"Tunay ,AK Parti\u2019nin alternatifinin se\u00e7im ba\u015far\u0131s\u0131na ra\u011fmen CHP olmad\u0131\u011f\u0131n\u0131 , merkez sa\u011f oldu\u011funu ifade etti. Tunay merkez sa\u011f\u0131n toparlanmas\u0131 ile AK Parti\u2019nin iktidar\u0131 kaybedece\u011fini ifade etti.\" \/>\n<meta property=\"og:url\" content=\"https:\/\/faiktunay.com.tr\/en\/faik-tunay-haber-global-canli-yayin-konugu-oldu\/\" \/>\n<meta property=\"og:site_name\" content=\"Faik Tunay\" \/>\n<meta property=\"article:published_time\" content=\"2024-06-20T19:04:50+00:00\" \/>\n<meta property=\"article:modified_time\" content=\"2024-06-20T19:11:34+00:00\" \/>\n<meta name=\"author\" content=\"Faik Tunay\" \/>\n<meta name=\"twitter:card\" content=\"summary_large_image\" \/>\n<meta name=\"twitter:label1\" content=\"Written by\" \/>\n\t<meta name=\"twitter:data1\" content=\"Faik Tunay\" \/>\n<script type=\"application\/ld+json\" class=\"yoast-schema-graph\">{\"@context\":\"https:\/\/schema.org\",\"@graph\":[{\"@type\":\"Article\",\"@id\":\"https:\/\/faiktunay.com.tr\/faik-tunay-haber-global-canli-yayin-konugu-oldu\/#article\",\"isPartOf\":{\"@id\":\"https:\/\/faiktunay.com.tr\/faik-tunay-haber-global-canli-yayin-konugu-oldu\/\"},\"author\":{\"name\":\"Faik Tunay\",\"@id\":\"https:\/\/faiktunay.com.tr\/#\/schema\/person\/c49b0bc68a3e76483795a134219cf7cd\"},\"headline\":\"Faik Tunay HABER GLOBAL canl\u0131 yay\u0131n konu\u011fu oldu.\",\"datePublished\":\"2024-06-20T19:04:50+00:00\",\"dateModified\":\"2024-06-20T19:11:34+00:00\",\"mainEntityOfPage\":{\"@id\":\"https:\/\/faiktunay.com.tr\/faik-tunay-haber-global-canli-yayin-konugu-oldu\/\"},\"wordCount\":46,\"publisher\":{\"@id\":\"https:\/\/faiktunay.com.tr\/#\/schema\/person\/c49b0bc68a3e76483795a134219cf7cd\"},\"keywords\":[\"Faik Tunay\",\"merkez sa\u011f\",\"se\u00e7im\"],\"articleSection\":[\"Haberler\",\"Videolar\"],\"inLanguage\":\"en-US\"},{\"@type\":\"WebPage\",\"@id\":\"https:\/\/faiktunay.com.tr\/faik-tunay-haber-global-canli-yayin-konugu-oldu\/\",\"url\":\"https:\/\/faiktunay.com.tr\/faik-tunay-haber-global-canli-yayin-konugu-oldu\/\",\"name\":\"Faik Tunay HABER GLOBAL canl\u0131 yay\u0131n konu\u011fu oldu. - Faik Tunay\",\"isPartOf\":{\"@id\":\"https:\/\/faiktunay.com.tr\/#website\"},\"datePublished\":\"2024-06-20T19:04:50+00:00\",\"dateModified\":\"2024-06-20T19:11:34+00:00\",\"breadcrumb\":{\"@id\":\"https:\/\/faiktunay.com.tr\/faik-tunay-haber-global-canli-yayin-konugu-oldu\/#breadcrumb\"},\"inLanguage\":\"en-US\",\"potentialAction\":[{\"@type\":\"ReadAction\",\"target\":[\"https:\/\/faiktunay.com.tr\/faik-tunay-haber-global-canli-yayin-konugu-oldu\/\"]}]},{\"@type\":\"BreadcrumbList\",\"@id\":\"https:\/\/faiktunay.com.tr\/faik-tunay-haber-global-canli-yayin-konugu-oldu\/#breadcrumb\",\"itemListElement\":[{\"@type\":\"ListItem\",\"position\":1,\"name\":\"Anasayfa\",\"item\":\"https:\/\/faiktunay.com.tr\/\"},{\"@type\":\"ListItem\",\"position\":2,\"name\":\"Faik Tunay HABER GLOBAL canl\u0131 yay\u0131n konu\u011fu oldu.\"}]},{\"@type\":\"WebSite\",\"@id\":\"https:\/\/faiktunay.com.tr\/#website\",\"url\":\"https:\/\/faiktunay.com.tr\/\",\"name\":\"Faik Tunay\",\"description\":\"\",\"publisher\":{\"@id\":\"https:\/\/faiktunay.com.tr\/#\/schema\/person\/c49b0bc68a3e76483795a134219cf7cd\"},\"potentialAction\":[{\"@type\":\"SearchAction\",\"target\":{\"@type\":\"EntryPoint\",\"urlTemplate\":\"https:\/\/faiktunay.com.tr\/?s={search_term_string}\"},\"query-input\":{\"@type\":\"PropertyValueSpecification\",\"valueRequired\":true,\"valueName\":\"search_term_string\"}}],\"inLanguage\":\"en-US\"},{\"@type\":[\"Person\",\"Organization\"],\"@id\":\"https:\/\/faiktunay.com.tr\/#\/schema\/person\/c49b0bc68a3e76483795a134219cf7cd\",\"name\":\"Faik Tunay\",\"logo\":{\"@id\":\"https:\/\/faiktunay.com.tr\/#\/schema\/person\/image\/\"},\"sameAs\":[\"https:\/\/faiktunay.com.tr\"],\"url\":\"https:\/\/faiktunay.com.tr\/en\/author\/clicodigital\/\"}]}<\/script>\n<!-- \/ Yoast SEO plugin. -->","yoast_head_json":{"title":"Faik Tunay HABER GLOBAL canl\u0131 yay\u0131n konu\u011fu oldu. - Faik Tunay","robots":{"index":"index","follow":"follow","max-snippet":"max-snippet:-1","max-image-preview":"max-image-preview:large","max-video-preview":"max-video-preview:-1"},"canonical":"https:\/\/faiktunay.com.tr\/en\/faik-tunay-haber-global-canli-yayin-konugu-oldu\/","og_locale":"en_US","og_type":"article","og_title":"Faik Tunay HABER GLOBAL canl\u0131 yay\u0131n konu\u011fu oldu. - Faik Tunay","og_description":"Tunay ,AK Parti\u2019nin alternatifinin se\u00e7im ba\u015far\u0131s\u0131na ra\u011fmen CHP olmad\u0131\u011f\u0131n\u0131 , merkez sa\u011f oldu\u011funu ifade etti. Tunay merkez sa\u011f\u0131n toparlanmas\u0131 ile AK Parti\u2019nin iktidar\u0131 kaybedece\u011fini ifade etti.","og_url":"https:\/\/faiktunay.com.tr\/en\/faik-tunay-haber-global-canli-yayin-konugu-oldu\/","og_site_name":"Faik Tunay","article_published_time":"2024-06-20T19:04:50+00:00","article_modified_time":"2024-06-20T19:11:34+00:00","author":"Faik Tunay","twitter_card":"summary_large_image","twitter_misc":{"Written by":"Faik Tunay"},"schema":{"@context":"https:\/\/schema.org","@graph":[{"@type":"Article","@id":"https:\/\/faiktunay.com.tr\/faik-tunay-haber-global-canli-yayin-konugu-oldu\/#article","isPartOf":{"@id":"https:\/\/faiktunay.com.tr\/faik-tunay-haber-global-canli-yayin-konugu-oldu\/"},"author":{"name":"Faik Tunay","@id":"https:\/\/faiktunay.com.tr\/#\/schema\/person\/c49b0bc68a3e76483795a134219cf7cd"},"headline":"Faik Tunay HABER GLOBAL canl\u0131 yay\u0131n konu\u011fu oldu.","datePublished":"2024-06-20T19:04:50+00:00","dateModified":"2024-06-20T19:11:34+00:00","mainEntityOfPage":{"@id":"https:\/\/faiktunay.com.tr\/faik-tunay-haber-global-canli-yayin-konugu-oldu\/"},"wordCount":46,"publisher":{"@id":"https:\/\/faiktunay.com.tr\/#\/schema\/person\/c49b0bc68a3e76483795a134219cf7cd"},"keywords":["Faik Tunay","merkez sa\u011f","se\u00e7im"],"articleSection":["Haberler","Videolar"],"inLanguage":"en-US"},{"@type":"WebPage","@id":"https:\/\/faiktunay.com.tr\/faik-tunay-haber-global-canli-yayin-konugu-oldu\/","url":"https:\/\/faiktunay.com.tr\/faik-tunay-haber-global-canli-yayin-konugu-oldu\/","name":"Faik Tunay HABER GLOBAL canl\u0131 yay\u0131n konu\u011fu oldu. - Faik Tunay","isPartOf":{"@id":"https:\/\/faiktunay.com.tr\/#website"},"datePublished":"2024-06-20T19:04:50+00:00","dateModified":"2024-06-20T19:11:34+00:00","breadcrumb":{"@id":"https:\/\/faiktunay.com.tr\/faik-tunay-haber-global-canli-yayin-konugu-oldu\/#breadcrumb"},"inLanguage":"en-US","potentialAction":[{"@type":"ReadAction","target":["https:\/\/faiktunay.com.tr\/faik-tunay-haber-global-canli-yayin-konugu-oldu\/"]}]},{"@type":"BreadcrumbList","@id":"https:\/\/faiktunay.com.tr\/faik-tunay-haber-global-canli-yayin-konugu-oldu\/#breadcrumb","itemListElement":[{"@type":"ListItem","position":1,"name":"Anasayfa","item":"https:\/\/faiktunay.com.tr\/"},{"@type":"ListItem","position":2,"name":"Faik Tunay HABER GLOBAL canl\u0131 yay\u0131n konu\u011fu oldu."}]},{"@type":"WebSite","@id":"https:\/\/faiktunay.com.tr\/#website","url":"https:\/\/faiktunay.com.tr\/","name":"Faik Tunay","description":"","publisher":{"@id":"https:\/\/faiktunay.com.tr\/#\/schema\/person\/c49b0bc68a3e76483795a134219cf7cd"},"potentialAction":[{"@type":"SearchAction","target":{"@type":"EntryPoint","urlTemplate":"https:\/\/faiktunay.com.tr\/?s={search_term_string}"},"query-input":{"@type":"PropertyValueSpecification","valueRequired":true,"valueName":"search_term_string"}}],"inLanguage":"en-US"},{"@type":["Person","Organization"],"@id":"https:\/\/faiktunay.com.tr\/#\/schema\/person\/c49b0bc68a3e76483795a134219cf7cd","name":"Faik Tunay","logo":{"@id":"https:\/\/faiktunay.com.tr\/#\/schema\/person\/image\/"},"sameAs":["https:\/\/faiktunay.com.tr"],"url":"https:\/\/faiktunay.com.tr\/en\/author\/clicodigital\/"}]}},"_links":{"self":[{"href":"https:\/\/faiktunay.com.tr\/en\/wp-json\/wp\/v2\/posts\/746","targetHints":{"allow":["GET"]}}],"collection":[{"href":"https:\/\/faiktunay.com.tr\/en\/wp-json\/wp\/v2\/posts"}],"about":[{"href":"https:\/\/faiktunay.com.tr\/en\/wp-json\/wp\/v2\/types\/post"}],"author":[{"embeddable":true,"href":"https:\/\/faiktunay.com.tr\/en\/wp-json\/wp\/v2\/users\/1"}],"replies":[{"embeddable":true,"href":"https:\/\/faiktunay.com.tr\/en\/wp-json\/wp\/v2\/comments?post=746"}],"version-history":[{"count":0,"href":"https:\/\/faiktunay.com.tr\/en\/wp-json\/wp\/v2\/posts\/746\/revisions"}],"wp:attachment":[{"href":"https:\/\/faiktunay.com.tr\/en\/wp-json\/wp\/v2\/media?parent=746"}],"wp:term":[{"taxonomy":"category","embeddable":true,"href":"https:\/\/faiktunay.com.tr\/en\/wp-json\/wp\/v2\/categories?post=746"},{"taxonomy":"post_tag","embeddable":true,"href":"https:\/\/faiktunay.com.tr\/en\/wp-json\/wp\/v2\/tags?post=746"}],"curies":[{"name":"wp","href":"https:\/\/api.w.org\/{rel}","templated":true}]}}