{"id":756,"date":"2024-06-21T18:58:56","date_gmt":"2024-06-21T18:58:56","guid":{"rendered":"https:\/\/faiktunay.com.tr\/?p=756"},"modified":"2024-06-21T19:01:34","modified_gmt":"2024-06-21T19:01:34","slug":"adapazari-muzesine-kavustu","status":"publish","type":"post","link":"https:\/\/faiktunay.com.tr\/en\/adapazari-muzesine-kavustu\/","title":{"rendered":"Adapazar\u0131 got its museum!"},"content":{"rendered":"<p>111 years ago (1913) the first national private bank of the Ottoman Empire was established, ADAPAZARI ISLAMIC TRADE BANK (TURKISH TRADE BANK) they were the real 13 brave men!<\/p>\n\n\n\n<p>Today, 111 years later, the MUSEUM was opened in Adapazar\u0131, in the building where the bank was first established. I am indescribably happy. What can I say, may all of them rest in peace, especially my grandfather and the founder Hac\u0131 Adem \u0130brahim Beyzade, who was the chairman of the board of directors for ten years.<\/p>\n\n\n\n<p>Endless thanks to all those who contributed, especially our Mayor of Adapazar\u0131, Mr. Mutlu.<\/p>\n\n\n\n<figure class=\"wp-block-gallery has-nested-images columns-default is-cropped wp-block-gallery-1 is-layout-flex wp-block-gallery-is-layout-flex\">\n<figure class=\"wp-block-image size-large\"><img fetchpriority=\"high\" decoding=\"async\" width=\"768\" height=\"1024\" data-id=\"760\" src=\"https:\/\/faiktunay.com.tr\/wp-content\/uploads\/2024\/06\/WhatsApp-Image-2024-06-21-at-21.07.18-1-768x1024.jpeg\" alt=\"\" class=\"wp-image-760\" srcset=\"https:\/\/faiktunay.com.tr\/wp-content\/uploads\/2024\/06\/WhatsApp-Image-2024-06-21-at-21.07.18-1-768x1024.jpeg 768w, https:\/\/faiktunay.com.tr\/wp-content\/uploads\/2024\/06\/WhatsApp-Image-2024-06-21-at-21.07.18-1-225x300.jpeg 225w, https:\/\/faiktunay.com.tr\/wp-content\/uploads\/2024\/06\/WhatsApp-Image-2024-06-21-at-21.07.18-1-1152x1536.jpeg 1152w, https:\/\/faiktunay.com.tr\/wp-content\/uploads\/2024\/06\/WhatsApp-Image-2024-06-21-at-21.07.18-1-9x12.jpeg 9w, https:\/\/faiktunay.com.tr\/wp-content\/uploads\/2024\/06\/WhatsApp-Image-2024-06-21-at-21.07.18-1-750x1000.jpeg 750w, https:\/\/faiktunay.com.tr\/wp-content\/uploads\/2024\/06\/WhatsApp-Image-2024-06-21-at-21.07.18-1-1140x1520.jpeg 1140w, https:\/\/faiktunay.com.tr\/wp-content\/uploads\/2024\/06\/WhatsApp-Image-2024-06-21-at-21.07.18-1.jpeg 1200w\" sizes=\"(max-width: 768px) 100vw, 768px\" \/><\/figure>\n\n\n\n<figure class=\"wp-block-image size-large\"><img decoding=\"async\" width=\"768\" height=\"1024\" data-id=\"761\" src=\"https:\/\/faiktunay.com.tr\/wp-content\/uploads\/2024\/06\/WhatsApp-Image-2024-06-21-at-21.07.18-768x1024.jpeg\" alt=\"\" class=\"wp-image-761\" srcset=\"https:\/\/faiktunay.com.tr\/wp-content\/uploads\/2024\/06\/WhatsApp-Image-2024-06-21-at-21.07.18-768x1024.jpeg 768w, https:\/\/faiktunay.com.tr\/wp-content\/uploads\/2024\/06\/WhatsApp-Image-2024-06-21-at-21.07.18-225x300.jpeg 225w, https:\/\/faiktunay.com.tr\/wp-content\/uploads\/2024\/06\/WhatsApp-Image-2024-06-21-at-21.07.18-1152x1536.jpeg 1152w, https:\/\/faiktunay.com.tr\/wp-content\/uploads\/2024\/06\/WhatsApp-Image-2024-06-21-at-21.07.18-9x12.jpeg 9w, https:\/\/faiktunay.com.tr\/wp-content\/uploads\/2024\/06\/WhatsApp-Image-2024-06-21-at-21.07.18-750x1000.jpeg 750w, https:\/\/faiktunay.com.tr\/wp-content\/uploads\/2024\/06\/WhatsApp-Image-2024-06-21-at-21.07.18-1140x1520.jpeg 1140w, https:\/\/faiktunay.com.tr\/wp-content\/uploads\/2024\/06\/WhatsApp-Image-2024-06-21-at-21.07.18.jpeg 1200w\" sizes=\"(max-width: 768px) 100vw, 768px\" \/><\/figure>\n\n\n\n<figure class=\"wp-block-image size-large\"><img decoding=\"async\" width=\"768\" height=\"1024\" data-id=\"758\" src=\"https:\/\/faiktunay.com.tr\/wp-content\/uploads\/2024\/06\/WhatsApp-Image-2024-06-21-at-21.07.17-768x1024.jpeg\" alt=\"\" class=\"wp-image-758\" srcset=\"https:\/\/faiktunay.com.tr\/wp-content\/uploads\/2024\/06\/WhatsApp-Image-2024-06-21-at-21.07.17-768x1024.jpeg 768w, https:\/\/faiktunay.com.tr\/wp-content\/uploads\/2024\/06\/WhatsApp-Image-2024-06-21-at-21.07.17-225x300.jpeg 225w, https:\/\/faiktunay.com.tr\/wp-content\/uploads\/2024\/06\/WhatsApp-Image-2024-06-21-at-21.07.17-1152x1536.jpeg 1152w, https:\/\/faiktunay.com.tr\/wp-content\/uploads\/2024\/06\/WhatsApp-Image-2024-06-21-at-21.07.17-9x12.jpeg 9w, https:\/\/faiktunay.com.tr\/wp-content\/uploads\/2024\/06\/WhatsApp-Image-2024-06-21-at-21.07.17-750x1000.jpeg 750w, https:\/\/faiktunay.com.tr\/wp-content\/uploads\/2024\/06\/WhatsApp-Image-2024-06-21-at-21.07.17-1140x1520.jpeg 1140w, https:\/\/faiktunay.com.tr\/wp-content\/uploads\/2024\/06\/WhatsApp-Image-2024-06-21-at-21.07.17.jpeg 1200w\" sizes=\"(max-width: 768px) 100vw, 768px\" \/><\/figure>\n<\/figure>","protected":false},"excerpt":{"rendered":"<p>111 sene \u00f6nce (1913) Osmanl\u0131\u2019n\u0131n ilk milli \u00f6zel bankas\u0131 kurulmu\u015ftu, ADAPAZARI \u0130SLAM T\u0130CARET BANKASI ( T\u00dcRK T\u0130CARET BANKASI) onlar ger\u00e7ek 13 babayi\u011fitti! 111 sene sonra bug\u00fcn Adapazar\u0131\u2019nda bankan\u0131n ilk kuruldu\u011fu binas\u0131nda M\u00dcZES\u0130 a\u00e7\u0131ld\u0131, tarifsiz mutluluk i\u00e7erisindeyim ne diyim ba\u015fta dedem ,on sene y\u00f6netim kurulu ba\u015fkanl\u0131\u011f\u0131 yapan kurucu Hac\u0131 Adem \u0130brahim Beyzade olmak \u00fczere hepsinin mek\u00e2n\u0131 [&hellip;]<\/p>","protected":false},"author":1,"featured_media":757,"comment_status":"closed","ping_status":"closed","sticky":false,"template":"","format":"standard","meta":{"footnotes":""},"categories":[16],"tags":[29,53,51],"class_list":["post-756","post","type-post","status-publish","format-standard","has-post-thumbnail","hentry","category-haberler","tag-ekonomi","tag-faiktunay","tag-turk-ticaret-bankasi"],"yoast_head":"<!-- This site is optimized with the Yoast SEO plugin v25.7 - https:\/\/yoast.com\/wordpress\/plugins\/seo\/ -->\n<title>Adapazar\u0131 m\u00fczesine kavu\u015ftu ! - Faik Tunay<\/title>\n<meta name=\"robots\" content=\"index, follow, max-snippet:-1, max-image-preview:large, max-video-preview:-1\" \/>\n<link rel=\"canonical\" href=\"https:\/\/faiktunay.com.tr\/en\/adapazari-muzesine-kavustu\/\" \/>\n<meta property=\"og:locale\" content=\"en_US\" \/>\n<meta property=\"og:type\" content=\"article\" \/>\n<meta property=\"og:title\" content=\"Adapazar\u0131 m\u00fczesine kavu\u015ftu ! - Faik Tunay\" \/>\n<meta property=\"og:description\" content=\"111 sene \u00f6nce (1913) Osmanl\u0131\u2019n\u0131n ilk milli \u00f6zel bankas\u0131 kurulmu\u015ftu, ADAPAZARI \u0130SLAM T\u0130CARET BANKASI ( T\u00dcRK T\u0130CARET BANKASI) onlar ger\u00e7ek 13 babayi\u011fitti! 111 sene sonra bug\u00fcn Adapazar\u0131\u2019nda bankan\u0131n ilk kuruldu\u011fu binas\u0131nda M\u00dcZES\u0130 a\u00e7\u0131ld\u0131, tarifsiz mutluluk i\u00e7erisindeyim ne diyim ba\u015fta dedem ,on sene y\u00f6netim kurulu ba\u015fkanl\u0131\u011f\u0131 yapan kurucu Hac\u0131 Adem \u0130brahim Beyzade olmak \u00fczere hepsinin mek\u00e2n\u0131 [&hellip;]\" \/>\n<meta property=\"og:url\" content=\"https:\/\/faiktunay.com.tr\/en\/adapazari-muzesine-kavustu\/\" \/>\n<meta property=\"og:site_name\" content=\"Faik Tunay\" \/>\n<meta property=\"article:published_time\" content=\"2024-06-21T18:58:56+00:00\" \/>\n<meta property=\"article:modified_time\" content=\"2024-06-21T19:01:34+00:00\" \/>\n<meta property=\"og:image\" content=\"https:\/\/faiktunay.com.tr\/wp-content\/uploads\/2024\/06\/WhatsApp-Image-2024-06-21-at-21.07.17-1.jpeg\" \/>\n\t<meta property=\"og:image:width\" content=\"1600\" \/>\n\t<meta property=\"og:image:height\" content=\"1200\" \/>\n\t<meta property=\"og:image:type\" content=\"image\/jpeg\" \/>\n<meta name=\"author\" content=\"Faik Tunay\" \/>\n<meta name=\"twitter:card\" content=\"summary_large_image\" \/>\n<meta name=\"twitter:label1\" content=\"Written by\" \/>\n\t<meta name=\"twitter:data1\" content=\"Faik Tunay\" \/>\n<script type=\"application\/ld+json\" class=\"yoast-schema-graph\">{\"@context\":\"https:\/\/schema.org\",\"@graph\":[{\"@type\":\"Article\",\"@id\":\"https:\/\/faiktunay.com.tr\/adapazari-muzesine-kavustu\/#article\",\"isPartOf\":{\"@id\":\"https:\/\/faiktunay.com.tr\/adapazari-muzesine-kavustu\/\"},\"author\":{\"name\":\"Faik Tunay\",\"@id\":\"https:\/\/faiktunay.com.tr\/#\/schema\/person\/c49b0bc68a3e76483795a134219cf7cd\"},\"headline\":\"Adapazar\u0131 m\u00fczesine kavu\u015ftu !\",\"datePublished\":\"2024-06-21T18:58:56+00:00\",\"dateModified\":\"2024-06-21T19:01:34+00:00\",\"mainEntityOfPage\":{\"@id\":\"https:\/\/faiktunay.com.tr\/adapazari-muzesine-kavustu\/\"},\"wordCount\":98,\"publisher\":{\"@id\":\"https:\/\/faiktunay.com.tr\/#\/schema\/person\/c49b0bc68a3e76483795a134219cf7cd\"},\"image\":{\"@id\":\"https:\/\/faiktunay.com.tr\/adapazari-muzesine-kavustu\/#primaryimage\"},\"thumbnailUrl\":\"https:\/\/faiktunay.com.tr\/wp-content\/uploads\/2024\/06\/WhatsApp-Image-2024-06-21-at-21.07.17-1.jpeg\",\"keywords\":[\"ekonomi\",\"faiktunay\",\"t\u00fcrk ticaret bankas\u0131\"],\"articleSection\":[\"Haberler\"],\"inLanguage\":\"en-US\"},{\"@type\":\"WebPage\",\"@id\":\"https:\/\/faiktunay.com.tr\/adapazari-muzesine-kavustu\/\",\"url\":\"https:\/\/faiktunay.com.tr\/adapazari-muzesine-kavustu\/\",\"name\":\"Adapazar\u0131 m\u00fczesine kavu\u015ftu ! - Faik Tunay\",\"isPartOf\":{\"@id\":\"https:\/\/faiktunay.com.tr\/#website\"},\"primaryImageOfPage\":{\"@id\":\"https:\/\/faiktunay.com.tr\/adapazari-muzesine-kavustu\/#primaryimage\"},\"image\":{\"@id\":\"https:\/\/faiktunay.com.tr\/adapazari-muzesine-kavustu\/#primaryimage\"},\"thumbnailUrl\":\"https:\/\/faiktunay.com.tr\/wp-content\/uploads\/2024\/06\/WhatsApp-Image-2024-06-21-at-21.07.17-1.jpeg\",\"datePublished\":\"2024-06-21T18:58:56+00:00\",\"dateModified\":\"2024-06-21T19:01:34+00:00\",\"breadcrumb\":{\"@id\":\"https:\/\/faiktunay.com.tr\/adapazari-muzesine-kavustu\/#breadcrumb\"},\"inLanguage\":\"en-US\",\"potentialAction\":[{\"@type\":\"ReadAction\",\"target\":[\"https:\/\/faiktunay.com.tr\/adapazari-muzesine-kavustu\/\"]}]},{\"@type\":\"ImageObject\",\"inLanguage\":\"en-US\",\"@id\":\"https:\/\/faiktunay.com.tr\/adapazari-muzesine-kavustu\/#primaryimage\",\"url\":\"https:\/\/faiktunay.com.tr\/wp-content\/uploads\/2024\/06\/WhatsApp-Image-2024-06-21-at-21.07.17-1.jpeg\",\"contentUrl\":\"https:\/\/faiktunay.com.tr\/wp-content\/uploads\/2024\/06\/WhatsApp-Image-2024-06-21-at-21.07.17-1.jpeg\",\"width\":1600,\"height\":1200},{\"@type\":\"BreadcrumbList\",\"@id\":\"https:\/\/faiktunay.com.tr\/adapazari-muzesine-kavustu\/#breadcrumb\",\"itemListElement\":[{\"@type\":\"ListItem\",\"position\":1,\"name\":\"Anasayfa\",\"item\":\"https:\/\/faiktunay.com.tr\/\"},{\"@type\":\"ListItem\",\"position\":2,\"name\":\"Adapazar\u0131 m\u00fczesine kavu\u015ftu !\"}]},{\"@type\":\"WebSite\",\"@id\":\"https:\/\/faiktunay.com.tr\/#website\",\"url\":\"https:\/\/faiktunay.com.tr\/\",\"name\":\"Faik Tunay\",\"description\":\"\",\"publisher\":{\"@id\":\"https:\/\/faiktunay.com.tr\/#\/schema\/person\/c49b0bc68a3e76483795a134219cf7cd\"},\"potentialAction\":[{\"@type\":\"SearchAction\",\"target\":{\"@type\":\"EntryPoint\",\"urlTemplate\":\"https:\/\/faiktunay.com.tr\/?s={search_term_string}\"},\"query-input\":{\"@type\":\"PropertyValueSpecification\",\"valueRequired\":true,\"valueName\":\"search_term_string\"}}],\"inLanguage\":\"en-US\"},{\"@type\":[\"Person\",\"Organization\"],\"@id\":\"https:\/\/faiktunay.com.tr\/#\/schema\/person\/c49b0bc68a3e76483795a134219cf7cd\",\"name\":\"Faik Tunay\",\"logo\":{\"@id\":\"https:\/\/faiktunay.com.tr\/#\/schema\/person\/image\/\"},\"sameAs\":[\"https:\/\/faiktunay.com.tr\"],\"url\":\"https:\/\/faiktunay.com.tr\/en\/author\/clicodigital\/\"}]}<\/script>\n<!-- \/ Yoast SEO plugin. -->","yoast_head_json":{"title":"Adapazar\u0131 m\u00fczesine kavu\u015ftu ! - Faik Tunay","robots":{"index":"index","follow":"follow","max-snippet":"max-snippet:-1","max-image-preview":"max-image-preview:large","max-video-preview":"max-video-preview:-1"},"canonical":"https:\/\/faiktunay.com.tr\/en\/adapazari-muzesine-kavustu\/","og_locale":"en_US","og_type":"article","og_title":"Adapazar\u0131 m\u00fczesine kavu\u015ftu ! - Faik Tunay","og_description":"111 sene \u00f6nce (1913) Osmanl\u0131\u2019n\u0131n ilk milli \u00f6zel bankas\u0131 kurulmu\u015ftu, ADAPAZARI \u0130SLAM T\u0130CARET BANKASI ( T\u00dcRK T\u0130CARET BANKASI) onlar ger\u00e7ek 13 babayi\u011fitti! 111 sene sonra bug\u00fcn Adapazar\u0131\u2019nda bankan\u0131n ilk kuruldu\u011fu binas\u0131nda M\u00dcZES\u0130 a\u00e7\u0131ld\u0131, tarifsiz mutluluk i\u00e7erisindeyim ne diyim ba\u015fta dedem ,on sene y\u00f6netim kurulu ba\u015fkanl\u0131\u011f\u0131 yapan kurucu Hac\u0131 Adem \u0130brahim Beyzade olmak \u00fczere hepsinin mek\u00e2n\u0131 [&hellip;]","og_url":"https:\/\/faiktunay.com.tr\/en\/adapazari-muzesine-kavustu\/","og_site_name":"Faik Tunay","article_published_time":"2024-06-21T18:58:56+00:00","article_modified_time":"2024-06-21T19:01:34+00:00","og_image":[{"width":1600,"height":1200,"url":"https:\/\/faiktunay.com.tr\/wp-content\/uploads\/2024\/06\/WhatsApp-Image-2024-06-21-at-21.07.17-1.jpeg","type":"image\/jpeg"}],"author":"Faik Tunay","twitter_card":"summary_large_image","twitter_misc":{"Written by":"Faik Tunay"},"schema":{"@context":"https:\/\/schema.org","@graph":[{"@type":"Article","@id":"https:\/\/faiktunay.com.tr\/adapazari-muzesine-kavustu\/#article","isPartOf":{"@id":"https:\/\/faiktunay.com.tr\/adapazari-muzesine-kavustu\/"},"author":{"name":"Faik Tunay","@id":"https:\/\/faiktunay.com.tr\/#\/schema\/person\/c49b0bc68a3e76483795a134219cf7cd"},"headline":"Adapazar\u0131 m\u00fczesine kavu\u015ftu !","datePublished":"2024-06-21T18:58:56+00:00","dateModified":"2024-06-21T19:01:34+00:00","mainEntityOfPage":{"@id":"https:\/\/faiktunay.com.tr\/adapazari-muzesine-kavustu\/"},"wordCount":98,"publisher":{"@id":"https:\/\/faiktunay.com.tr\/#\/schema\/person\/c49b0bc68a3e76483795a134219cf7cd"},"image":{"@id":"https:\/\/faiktunay.com.tr\/adapazari-muzesine-kavustu\/#primaryimage"},"thumbnailUrl":"https:\/\/faiktunay.com.tr\/wp-content\/uploads\/2024\/06\/WhatsApp-Image-2024-06-21-at-21.07.17-1.jpeg","keywords":["ekonomi","faiktunay","t\u00fcrk ticaret bankas\u0131"],"articleSection":["Haberler"],"inLanguage":"en-US"},{"@type":"WebPage","@id":"https:\/\/faiktunay.com.tr\/adapazari-muzesine-kavustu\/","url":"https:\/\/faiktunay.com.tr\/adapazari-muzesine-kavustu\/","name":"Adapazar\u0131 m\u00fczesine kavu\u015ftu ! - Faik Tunay","isPartOf":{"@id":"https:\/\/faiktunay.com.tr\/#website"},"primaryImageOfPage":{"@id":"https:\/\/faiktunay.com.tr\/adapazari-muzesine-kavustu\/#primaryimage"},"image":{"@id":"https:\/\/faiktunay.com.tr\/adapazari-muzesine-kavustu\/#primaryimage"},"thumbnailUrl":"https:\/\/faiktunay.com.tr\/wp-content\/uploads\/2024\/06\/WhatsApp-Image-2024-06-21-at-21.07.17-1.jpeg","datePublished":"2024-06-21T18:58:56+00:00","dateModified":"2024-06-21T19:01:34+00:00","breadcrumb":{"@id":"https:\/\/faiktunay.com.tr\/adapazari-muzesine-kavustu\/#breadcrumb"},"inLanguage":"en-US","potentialAction":[{"@type":"ReadAction","target":["https:\/\/faiktunay.com.tr\/adapazari-muzesine-kavustu\/"]}]},{"@type":"ImageObject","inLanguage":"en-US","@id":"https:\/\/faiktunay.com.tr\/adapazari-muzesine-kavustu\/#primaryimage","url":"https:\/\/faiktunay.com.tr\/wp-content\/uploads\/2024\/06\/WhatsApp-Image-2024-06-21-at-21.07.17-1.jpeg","contentUrl":"https:\/\/faiktunay.com.tr\/wp-content\/uploads\/2024\/06\/WhatsApp-Image-2024-06-21-at-21.07.17-1.jpeg","width":1600,"height":1200},{"@type":"BreadcrumbList","@id":"https:\/\/faiktunay.com.tr\/adapazari-muzesine-kavustu\/#breadcrumb","itemListElement":[{"@type":"ListItem","position":1,"name":"Anasayfa","item":"https:\/\/faiktunay.com.tr\/"},{"@type":"ListItem","position":2,"name":"Adapazar\u0131 m\u00fczesine kavu\u015ftu !"}]},{"@type":"WebSite","@id":"https:\/\/faiktunay.com.tr\/#website","url":"https:\/\/faiktunay.com.tr\/","name":"Faik Tunay","description":"","publisher":{"@id":"https:\/\/faiktunay.com.tr\/#\/schema\/person\/c49b0bc68a3e76483795a134219cf7cd"},"potentialAction":[{"@type":"SearchAction","target":{"@type":"EntryPoint","urlTemplate":"https:\/\/faiktunay.com.tr\/?s={search_term_string}"},"query-input":{"@type":"PropertyValueSpecification","valueRequired":true,"valueName":"search_term_string"}}],"inLanguage":"en-US"},{"@type":["Person","Organization"],"@id":"https:\/\/faiktunay.com.tr\/#\/schema\/person\/c49b0bc68a3e76483795a134219cf7cd","name":"Faik Tunay","logo":{"@id":"https:\/\/faiktunay.com.tr\/#\/schema\/person\/image\/"},"sameAs":["https:\/\/faiktunay.com.tr"],"url":"https:\/\/faiktunay.com.tr\/en\/author\/clicodigital\/"}]}},"_links":{"self":[{"href":"https:\/\/faiktunay.com.tr\/en\/wp-json\/wp\/v2\/posts\/756","targetHints":{"allow":["GET"]}}],"collection":[{"href":"https:\/\/faiktunay.com.tr\/en\/wp-json\/wp\/v2\/posts"}],"about":[{"href":"https:\/\/faiktunay.com.tr\/en\/wp-json\/wp\/v2\/types\/post"}],"author":[{"embeddable":true,"href":"https:\/\/faiktunay.com.tr\/en\/wp-json\/wp\/v2\/users\/1"}],"replies":[{"embeddable":true,"href":"https:\/\/faiktunay.com.tr\/en\/wp-json\/wp\/v2\/comments?post=756"}],"version-history":[{"count":0,"href":"https:\/\/faiktunay.com.tr\/en\/wp-json\/wp\/v2\/posts\/756\/revisions"}],"wp:featuredmedia":[{"embeddable":true,"href":"https:\/\/faiktunay.com.tr\/en\/wp-json\/wp\/v2\/media\/757"}],"wp:attachment":[{"href":"https:\/\/faiktunay.com.tr\/en\/wp-json\/wp\/v2\/media?parent=756"}],"wp:term":[{"taxonomy":"category","embeddable":true,"href":"https:\/\/faiktunay.com.tr\/en\/wp-json\/wp\/v2\/categories?post=756"},{"taxonomy":"post_tag","embeddable":true,"href":"https:\/\/faiktunay.com.tr\/en\/wp-json\/wp\/v2\/tags?post=756"}],"curies":[{"name":"wp","href":"https:\/\/api.w.org\/{rel}","templated":true}]}}