{"id":766,"date":"2024-06-27T10:52:16","date_gmt":"2024-06-27T10:52:16","guid":{"rendered":"https:\/\/faiktunay.com.tr\/?p=766"},"modified":"2024-06-27T10:52:46","modified_gmt":"2024-06-27T10:52:46","slug":"faik-tunay-ekol-tvde-canli-yayin-konugu-oldu","status":"publish","type":"post","link":"https:\/\/faiktunay.com.tr\/en\/faik-tunay-ekol-tvde-canli-yayin-konugu-oldu\/","title":{"rendered":"Faik Tunay was the live broadcast guest on EKOL TV."},"content":{"rendered":"<p>Referring to the backstage information about Koray Ayd\u0131n&#039;s transition to the Democratic Party, Tunay stated that the 146,000 votes the DP received in the last election, while it had 340,000 members, was unacceptable.<\/p>\n\n\n\n<p>Emphasizing that the DP&#039;s position is a place it does not deserve and that there is a need for a serious change of blood, Tunay stated that there may be early elections in 2026.<\/p>","protected":false},"excerpt":{"rendered":"<p>Koray Ayd\u0131n\u2019\u0131n Demokrat Parti\u2019ye ge\u00e7i\u015fi ile ilgili kulis bilgilerine de\u011finen Tunay, DP\u2019nin 340.000 \u00fcyesi varken son se\u00e7imde ald\u0131\u011f\u0131 146.000 oyun kabul edilemez oldu\u011funu ifade etti. DP\u2019nin bulundu\u011fu yerin asla haketmedi\u011fi bir yer oldu\u011funu ciddi kan de\u011fi\u015fimine ihtiya\u00e7 oldu\u011funu vurgulayan Tunay, 2026\u2019da erken se\u00e7im olabilece\u011fini ifade etti.<\/p>","protected":false},"author":1,"featured_media":0,"comment_status":"closed","ping_status":"closed","sticky":false,"template":"","format":"video","meta":{"footnotes":""},"categories":[16],"tags":[54,22,36,33],"class_list":["post-766","post","type-post","status-publish","format-video","hentry","category-haberler","tag-anayasa","tag-faik-tunay","tag-merkez-sag","tag-secim","post_format-post-format-video"],"yoast_head":"<!-- This site is optimized with the Yoast SEO plugin v25.7 - https:\/\/yoast.com\/wordpress\/plugins\/seo\/ -->\n<title>Faik Tunay, EKOL TV\u2019de canl\u0131 yay\u0131n konu\u011fu oldu. - Faik Tunay<\/title>\n<meta name=\"robots\" content=\"index, follow, max-snippet:-1, max-image-preview:large, max-video-preview:-1\" \/>\n<link rel=\"canonical\" href=\"https:\/\/faiktunay.com.tr\/en\/faik-tunay-ekol-tvde-canli-yayin-konugu-oldu\/\" \/>\n<meta property=\"og:locale\" content=\"en_US\" \/>\n<meta property=\"og:type\" content=\"article\" \/>\n<meta property=\"og:title\" content=\"Faik Tunay, EKOL TV\u2019de canl\u0131 yay\u0131n konu\u011fu oldu. - Faik Tunay\" \/>\n<meta property=\"og:description\" content=\"Koray Ayd\u0131n\u2019\u0131n Demokrat Parti\u2019ye ge\u00e7i\u015fi ile ilgili kulis bilgilerine de\u011finen Tunay, DP\u2019nin 340.000 \u00fcyesi varken son se\u00e7imde ald\u0131\u011f\u0131 146.000 oyun kabul edilemez oldu\u011funu ifade etti. DP\u2019nin bulundu\u011fu yerin asla haketmedi\u011fi bir yer oldu\u011funu ciddi kan de\u011fi\u015fimine ihtiya\u00e7 oldu\u011funu vurgulayan Tunay, 2026\u2019da erken se\u00e7im olabilece\u011fini ifade etti.\" \/>\n<meta property=\"og:url\" content=\"https:\/\/faiktunay.com.tr\/en\/faik-tunay-ekol-tvde-canli-yayin-konugu-oldu\/\" \/>\n<meta property=\"og:site_name\" content=\"Faik Tunay\" \/>\n<meta property=\"article:published_time\" content=\"2024-06-27T10:52:16+00:00\" \/>\n<meta property=\"article:modified_time\" content=\"2024-06-27T10:52:46+00:00\" \/>\n<meta name=\"author\" content=\"Faik Tunay\" \/>\n<meta name=\"twitter:card\" content=\"summary_large_image\" \/>\n<meta name=\"twitter:label1\" content=\"Written by\" \/>\n\t<meta name=\"twitter:data1\" content=\"Faik Tunay\" \/>\n<script type=\"application\/ld+json\" class=\"yoast-schema-graph\">{\"@context\":\"https:\/\/schema.org\",\"@graph\":[{\"@type\":\"Article\",\"@id\":\"https:\/\/faiktunay.com.tr\/faik-tunay-ekol-tvde-canli-yayin-konugu-oldu\/#article\",\"isPartOf\":{\"@id\":\"https:\/\/faiktunay.com.tr\/faik-tunay-ekol-tvde-canli-yayin-konugu-oldu\/\"},\"author\":{\"name\":\"Faik Tunay\",\"@id\":\"https:\/\/faiktunay.com.tr\/#\/schema\/person\/c49b0bc68a3e76483795a134219cf7cd\"},\"headline\":\"Faik Tunay, EKOL TV\u2019de canl\u0131 yay\u0131n konu\u011fu oldu.\",\"datePublished\":\"2024-06-27T10:52:16+00:00\",\"dateModified\":\"2024-06-27T10:52:46+00:00\",\"mainEntityOfPage\":{\"@id\":\"https:\/\/faiktunay.com.tr\/faik-tunay-ekol-tvde-canli-yayin-konugu-oldu\/\"},\"wordCount\":73,\"publisher\":{\"@id\":\"https:\/\/faiktunay.com.tr\/#\/schema\/person\/c49b0bc68a3e76483795a134219cf7cd\"},\"keywords\":[\"anayasa\",\"Faik Tunay\",\"merkez sa\u011f\",\"se\u00e7im\"],\"articleSection\":[\"Haberler\"],\"inLanguage\":\"en-US\"},{\"@type\":\"WebPage\",\"@id\":\"https:\/\/faiktunay.com.tr\/faik-tunay-ekol-tvde-canli-yayin-konugu-oldu\/\",\"url\":\"https:\/\/faiktunay.com.tr\/faik-tunay-ekol-tvde-canli-yayin-konugu-oldu\/\",\"name\":\"Faik Tunay, EKOL TV\u2019de canl\u0131 yay\u0131n konu\u011fu oldu. - Faik Tunay\",\"isPartOf\":{\"@id\":\"https:\/\/faiktunay.com.tr\/#website\"},\"datePublished\":\"2024-06-27T10:52:16+00:00\",\"dateModified\":\"2024-06-27T10:52:46+00:00\",\"breadcrumb\":{\"@id\":\"https:\/\/faiktunay.com.tr\/faik-tunay-ekol-tvde-canli-yayin-konugu-oldu\/#breadcrumb\"},\"inLanguage\":\"en-US\",\"potentialAction\":[{\"@type\":\"ReadAction\",\"target\":[\"https:\/\/faiktunay.com.tr\/faik-tunay-ekol-tvde-canli-yayin-konugu-oldu\/\"]}]},{\"@type\":\"BreadcrumbList\",\"@id\":\"https:\/\/faiktunay.com.tr\/faik-tunay-ekol-tvde-canli-yayin-konugu-oldu\/#breadcrumb\",\"itemListElement\":[{\"@type\":\"ListItem\",\"position\":1,\"name\":\"Anasayfa\",\"item\":\"https:\/\/faiktunay.com.tr\/\"},{\"@type\":\"ListItem\",\"position\":2,\"name\":\"Faik Tunay, EKOL TV\u2019de canl\u0131 yay\u0131n konu\u011fu oldu.\"}]},{\"@type\":\"WebSite\",\"@id\":\"https:\/\/faiktunay.com.tr\/#website\",\"url\":\"https:\/\/faiktunay.com.tr\/\",\"name\":\"Faik Tunay\",\"description\":\"\",\"publisher\":{\"@id\":\"https:\/\/faiktunay.com.tr\/#\/schema\/person\/c49b0bc68a3e76483795a134219cf7cd\"},\"potentialAction\":[{\"@type\":\"SearchAction\",\"target\":{\"@type\":\"EntryPoint\",\"urlTemplate\":\"https:\/\/faiktunay.com.tr\/?s={search_term_string}\"},\"query-input\":{\"@type\":\"PropertyValueSpecification\",\"valueRequired\":true,\"valueName\":\"search_term_string\"}}],\"inLanguage\":\"en-US\"},{\"@type\":[\"Person\",\"Organization\"],\"@id\":\"https:\/\/faiktunay.com.tr\/#\/schema\/person\/c49b0bc68a3e76483795a134219cf7cd\",\"name\":\"Faik Tunay\",\"logo\":{\"@id\":\"https:\/\/faiktunay.com.tr\/#\/schema\/person\/image\/\"},\"sameAs\":[\"https:\/\/faiktunay.com.tr\"],\"url\":\"https:\/\/faiktunay.com.tr\/en\/author\/clicodigital\/\"}]}<\/script>\n<!-- \/ Yoast SEO plugin. -->","yoast_head_json":{"title":"Faik Tunay, EKOL TV\u2019de canl\u0131 yay\u0131n konu\u011fu oldu. - Faik Tunay","robots":{"index":"index","follow":"follow","max-snippet":"max-snippet:-1","max-image-preview":"max-image-preview:large","max-video-preview":"max-video-preview:-1"},"canonical":"https:\/\/faiktunay.com.tr\/en\/faik-tunay-ekol-tvde-canli-yayin-konugu-oldu\/","og_locale":"en_US","og_type":"article","og_title":"Faik Tunay, EKOL TV\u2019de canl\u0131 yay\u0131n konu\u011fu oldu. - Faik Tunay","og_description":"Koray Ayd\u0131n\u2019\u0131n Demokrat Parti\u2019ye ge\u00e7i\u015fi ile ilgili kulis bilgilerine de\u011finen Tunay, DP\u2019nin 340.000 \u00fcyesi varken son se\u00e7imde ald\u0131\u011f\u0131 146.000 oyun kabul edilemez oldu\u011funu ifade etti. DP\u2019nin bulundu\u011fu yerin asla haketmedi\u011fi bir yer oldu\u011funu ciddi kan de\u011fi\u015fimine ihtiya\u00e7 oldu\u011funu vurgulayan Tunay, 2026\u2019da erken se\u00e7im olabilece\u011fini ifade etti.","og_url":"https:\/\/faiktunay.com.tr\/en\/faik-tunay-ekol-tvde-canli-yayin-konugu-oldu\/","og_site_name":"Faik Tunay","article_published_time":"2024-06-27T10:52:16+00:00","article_modified_time":"2024-06-27T10:52:46+00:00","author":"Faik Tunay","twitter_card":"summary_large_image","twitter_misc":{"Written by":"Faik Tunay"},"schema":{"@context":"https:\/\/schema.org","@graph":[{"@type":"Article","@id":"https:\/\/faiktunay.com.tr\/faik-tunay-ekol-tvde-canli-yayin-konugu-oldu\/#article","isPartOf":{"@id":"https:\/\/faiktunay.com.tr\/faik-tunay-ekol-tvde-canli-yayin-konugu-oldu\/"},"author":{"name":"Faik Tunay","@id":"https:\/\/faiktunay.com.tr\/#\/schema\/person\/c49b0bc68a3e76483795a134219cf7cd"},"headline":"Faik Tunay, EKOL TV\u2019de canl\u0131 yay\u0131n konu\u011fu oldu.","datePublished":"2024-06-27T10:52:16+00:00","dateModified":"2024-06-27T10:52:46+00:00","mainEntityOfPage":{"@id":"https:\/\/faiktunay.com.tr\/faik-tunay-ekol-tvde-canli-yayin-konugu-oldu\/"},"wordCount":73,"publisher":{"@id":"https:\/\/faiktunay.com.tr\/#\/schema\/person\/c49b0bc68a3e76483795a134219cf7cd"},"keywords":["anayasa","Faik Tunay","merkez sa\u011f","se\u00e7im"],"articleSection":["Haberler"],"inLanguage":"en-US"},{"@type":"WebPage","@id":"https:\/\/faiktunay.com.tr\/faik-tunay-ekol-tvde-canli-yayin-konugu-oldu\/","url":"https:\/\/faiktunay.com.tr\/faik-tunay-ekol-tvde-canli-yayin-konugu-oldu\/","name":"Faik Tunay, EKOL TV\u2019de canl\u0131 yay\u0131n konu\u011fu oldu. - Faik Tunay","isPartOf":{"@id":"https:\/\/faiktunay.com.tr\/#website"},"datePublished":"2024-06-27T10:52:16+00:00","dateModified":"2024-06-27T10:52:46+00:00","breadcrumb":{"@id":"https:\/\/faiktunay.com.tr\/faik-tunay-ekol-tvde-canli-yayin-konugu-oldu\/#breadcrumb"},"inLanguage":"en-US","potentialAction":[{"@type":"ReadAction","target":["https:\/\/faiktunay.com.tr\/faik-tunay-ekol-tvde-canli-yayin-konugu-oldu\/"]}]},{"@type":"BreadcrumbList","@id":"https:\/\/faiktunay.com.tr\/faik-tunay-ekol-tvde-canli-yayin-konugu-oldu\/#breadcrumb","itemListElement":[{"@type":"ListItem","position":1,"name":"Anasayfa","item":"https:\/\/faiktunay.com.tr\/"},{"@type":"ListItem","position":2,"name":"Faik Tunay, EKOL TV\u2019de canl\u0131 yay\u0131n konu\u011fu oldu."}]},{"@type":"WebSite","@id":"https:\/\/faiktunay.com.tr\/#website","url":"https:\/\/faiktunay.com.tr\/","name":"Faik Tunay","description":"","publisher":{"@id":"https:\/\/faiktunay.com.tr\/#\/schema\/person\/c49b0bc68a3e76483795a134219cf7cd"},"potentialAction":[{"@type":"SearchAction","target":{"@type":"EntryPoint","urlTemplate":"https:\/\/faiktunay.com.tr\/?s={search_term_string}"},"query-input":{"@type":"PropertyValueSpecification","valueRequired":true,"valueName":"search_term_string"}}],"inLanguage":"en-US"},{"@type":["Person","Organization"],"@id":"https:\/\/faiktunay.com.tr\/#\/schema\/person\/c49b0bc68a3e76483795a134219cf7cd","name":"Faik Tunay","logo":{"@id":"https:\/\/faiktunay.com.tr\/#\/schema\/person\/image\/"},"sameAs":["https:\/\/faiktunay.com.tr"],"url":"https:\/\/faiktunay.com.tr\/en\/author\/clicodigital\/"}]}},"_links":{"self":[{"href":"https:\/\/faiktunay.com.tr\/en\/wp-json\/wp\/v2\/posts\/766","targetHints":{"allow":["GET"]}}],"collection":[{"href":"https:\/\/faiktunay.com.tr\/en\/wp-json\/wp\/v2\/posts"}],"about":[{"href":"https:\/\/faiktunay.com.tr\/en\/wp-json\/wp\/v2\/types\/post"}],"author":[{"embeddable":true,"href":"https:\/\/faiktunay.com.tr\/en\/wp-json\/wp\/v2\/users\/1"}],"replies":[{"embeddable":true,"href":"https:\/\/faiktunay.com.tr\/en\/wp-json\/wp\/v2\/comments?post=766"}],"version-history":[{"count":0,"href":"https:\/\/faiktunay.com.tr\/en\/wp-json\/wp\/v2\/posts\/766\/revisions"}],"wp:attachment":[{"href":"https:\/\/faiktunay.com.tr\/en\/wp-json\/wp\/v2\/media?parent=766"}],"wp:term":[{"taxonomy":"category","embeddable":true,"href":"https:\/\/faiktunay.com.tr\/en\/wp-json\/wp\/v2\/categories?post=766"},{"taxonomy":"post_tag","embeddable":true,"href":"https:\/\/faiktunay.com.tr\/en\/wp-json\/wp\/v2\/tags?post=766"}],"curies":[{"name":"wp","href":"https:\/\/api.w.org\/{rel}","templated":true}]}}