{"id":769,"date":"2024-07-10T11:40:48","date_gmt":"2024-07-10T11:40:48","guid":{"rendered":"https:\/\/faiktunay.com.tr\/?p=769"},"modified":"2024-07-28T19:06:56","modified_gmt":"2024-07-28T19:06:56","slug":"faik-tunay-haber-global-kanalina-canli-yayin-konugu-oldu-2","status":"publish","type":"post","link":"https:\/\/faiktunay.com.tr\/en\/faik-tunay-haber-global-kanalina-canli-yayin-konugu-oldu-2\/","title":{"rendered":"Faik Tunay was the guest of live broadcast on HABER GLOBAL Channel."},"content":{"rendered":"<p>Stating that the Syrian issue is very complicated, Tunay stated that it is not clear whose hand is in whose pocket in Syria and that the real boss of Syria is Russia.<\/p>\n\n\n\n<h1 class=\"wp-block-heading\"><\/h1>","protected":false},"excerpt":{"rendered":"<p>Stating that the Syrian issue is very complicated, Tunay stated that it is not clear whose hand is in whose pocket in Syria and that the real boss of Syria is Russia.<\/p>","protected":false},"author":1,"featured_media":0,"comment_status":"closed","ping_status":"closed","sticky":false,"template":"","format":"video","meta":{"footnotes":""},"categories":[16,19],"tags":[36,55],"class_list":["post-769","post","type-post","status-publish","format-video","hentry","category-haberler","category-videolar","tag-merkez-sag","tag-suriye","post_format-post-format-video"],"yoast_head":"<!-- This site is optimized with the Yoast SEO plugin v25.7 - https:\/\/yoast.com\/wordpress\/plugins\/seo\/ -->\n<title>Faik Tunay HABER GLOBAL Kanal\u0131na Canl\u0131 Yay\u0131n Konu\u011fu Oldu. - Faik Tunay<\/title>\n<meta name=\"robots\" content=\"index, follow, max-snippet:-1, max-image-preview:large, max-video-preview:-1\" \/>\n<link rel=\"canonical\" href=\"https:\/\/faiktunay.com.tr\/en\/faik-tunay-haber-global-kanalina-canli-yayin-konugu-oldu-2\/\" \/>\n<meta property=\"og:locale\" content=\"en_US\" \/>\n<meta property=\"og:type\" content=\"article\" \/>\n<meta property=\"og:title\" content=\"Faik Tunay HABER GLOBAL Kanal\u0131na Canl\u0131 Yay\u0131n Konu\u011fu Oldu. - Faik Tunay\" \/>\n<meta property=\"og:description\" content=\"Suriye meselesinin \u00e7ok kar\u0131\u015f\u0131k oldu\u011funu ileten Tunay, Suriye\u2019de kimin elinin kimin cebinde oldu\u011funun belli olmad\u0131\u011f\u0131n\u0131 ve Suriye\u2019nin as\u0131l patronunun Rusya oldu\u011funu ifade etti.\" \/>\n<meta property=\"og:url\" content=\"https:\/\/faiktunay.com.tr\/en\/faik-tunay-haber-global-kanalina-canli-yayin-konugu-oldu-2\/\" \/>\n<meta property=\"og:site_name\" content=\"Faik Tunay\" \/>\n<meta property=\"article:published_time\" content=\"2024-07-10T11:40:48+00:00\" \/>\n<meta property=\"article:modified_time\" content=\"2024-07-28T19:06:56+00:00\" \/>\n<meta name=\"author\" content=\"Faik Tunay\" \/>\n<meta name=\"twitter:card\" content=\"summary_large_image\" \/>\n<meta name=\"twitter:label1\" content=\"Written by\" \/>\n\t<meta name=\"twitter:data1\" content=\"Faik Tunay\" \/>\n<script type=\"application\/ld+json\" class=\"yoast-schema-graph\">{\"@context\":\"https:\/\/schema.org\",\"@graph\":[{\"@type\":\"Article\",\"@id\":\"https:\/\/faiktunay.com.tr\/faik-tunay-haber-global-kanalina-canli-yayin-konugu-oldu-2\/#article\",\"isPartOf\":{\"@id\":\"https:\/\/faiktunay.com.tr\/faik-tunay-haber-global-kanalina-canli-yayin-konugu-oldu-2\/\"},\"author\":{\"name\":\"Faik Tunay\",\"@id\":\"https:\/\/faiktunay.com.tr\/#\/schema\/person\/c49b0bc68a3e76483795a134219cf7cd\"},\"headline\":\"Faik Tunay HABER GLOBAL Kanal\u0131na Canl\u0131 Yay\u0131n Konu\u011fu Oldu.\",\"datePublished\":\"2024-07-10T11:40:48+00:00\",\"dateModified\":\"2024-07-28T19:06:56+00:00\",\"mainEntityOfPage\":{\"@id\":\"https:\/\/faiktunay.com.tr\/faik-tunay-haber-global-kanalina-canli-yayin-konugu-oldu-2\/\"},\"wordCount\":43,\"publisher\":{\"@id\":\"https:\/\/faiktunay.com.tr\/#\/schema\/person\/c49b0bc68a3e76483795a134219cf7cd\"},\"keywords\":[\"merkez sa\u011f\",\"suriye\"],\"articleSection\":[\"Haberler\",\"Videolar\"],\"inLanguage\":\"en-US\"},{\"@type\":\"WebPage\",\"@id\":\"https:\/\/faiktunay.com.tr\/faik-tunay-haber-global-kanalina-canli-yayin-konugu-oldu-2\/\",\"url\":\"https:\/\/faiktunay.com.tr\/faik-tunay-haber-global-kanalina-canli-yayin-konugu-oldu-2\/\",\"name\":\"Faik Tunay HABER GLOBAL Kanal\u0131na Canl\u0131 Yay\u0131n Konu\u011fu Oldu. - Faik Tunay\",\"isPartOf\":{\"@id\":\"https:\/\/faiktunay.com.tr\/#website\"},\"datePublished\":\"2024-07-10T11:40:48+00:00\",\"dateModified\":\"2024-07-28T19:06:56+00:00\",\"breadcrumb\":{\"@id\":\"https:\/\/faiktunay.com.tr\/faik-tunay-haber-global-kanalina-canli-yayin-konugu-oldu-2\/#breadcrumb\"},\"inLanguage\":\"en-US\",\"potentialAction\":[{\"@type\":\"ReadAction\",\"target\":[\"https:\/\/faiktunay.com.tr\/faik-tunay-haber-global-kanalina-canli-yayin-konugu-oldu-2\/\"]}]},{\"@type\":\"BreadcrumbList\",\"@id\":\"https:\/\/faiktunay.com.tr\/faik-tunay-haber-global-kanalina-canli-yayin-konugu-oldu-2\/#breadcrumb\",\"itemListElement\":[{\"@type\":\"ListItem\",\"position\":1,\"name\":\"Anasayfa\",\"item\":\"https:\/\/faiktunay.com.tr\/\"},{\"@type\":\"ListItem\",\"position\":2,\"name\":\"Faik Tunay HABER GLOBAL Kanal\u0131na Canl\u0131 Yay\u0131n Konu\u011fu Oldu.\"}]},{\"@type\":\"WebSite\",\"@id\":\"https:\/\/faiktunay.com.tr\/#website\",\"url\":\"https:\/\/faiktunay.com.tr\/\",\"name\":\"Faik Tunay\",\"description\":\"\",\"publisher\":{\"@id\":\"https:\/\/faiktunay.com.tr\/#\/schema\/person\/c49b0bc68a3e76483795a134219cf7cd\"},\"potentialAction\":[{\"@type\":\"SearchAction\",\"target\":{\"@type\":\"EntryPoint\",\"urlTemplate\":\"https:\/\/faiktunay.com.tr\/?s={search_term_string}\"},\"query-input\":{\"@type\":\"PropertyValueSpecification\",\"valueRequired\":true,\"valueName\":\"search_term_string\"}}],\"inLanguage\":\"en-US\"},{\"@type\":[\"Person\",\"Organization\"],\"@id\":\"https:\/\/faiktunay.com.tr\/#\/schema\/person\/c49b0bc68a3e76483795a134219cf7cd\",\"name\":\"Faik Tunay\",\"logo\":{\"@id\":\"https:\/\/faiktunay.com.tr\/#\/schema\/person\/image\/\"},\"sameAs\":[\"https:\/\/faiktunay.com.tr\"],\"url\":\"https:\/\/faiktunay.com.tr\/en\/author\/clicodigital\/\"}]}<\/script>\n<!-- \/ Yoast SEO plugin. -->","yoast_head_json":{"title":"Faik Tunay HABER GLOBAL Kanal\u0131na Canl\u0131 Yay\u0131n Konu\u011fu Oldu. - Faik Tunay","robots":{"index":"index","follow":"follow","max-snippet":"max-snippet:-1","max-image-preview":"max-image-preview:large","max-video-preview":"max-video-preview:-1"},"canonical":"https:\/\/faiktunay.com.tr\/en\/faik-tunay-haber-global-kanalina-canli-yayin-konugu-oldu-2\/","og_locale":"en_US","og_type":"article","og_title":"Faik Tunay HABER GLOBAL Kanal\u0131na Canl\u0131 Yay\u0131n Konu\u011fu Oldu. - Faik Tunay","og_description":"Suriye meselesinin \u00e7ok kar\u0131\u015f\u0131k oldu\u011funu ileten Tunay, Suriye\u2019de kimin elinin kimin cebinde oldu\u011funun belli olmad\u0131\u011f\u0131n\u0131 ve Suriye\u2019nin as\u0131l patronunun Rusya oldu\u011funu ifade etti.","og_url":"https:\/\/faiktunay.com.tr\/en\/faik-tunay-haber-global-kanalina-canli-yayin-konugu-oldu-2\/","og_site_name":"Faik Tunay","article_published_time":"2024-07-10T11:40:48+00:00","article_modified_time":"2024-07-28T19:06:56+00:00","author":"Faik Tunay","twitter_card":"summary_large_image","twitter_misc":{"Written by":"Faik Tunay"},"schema":{"@context":"https:\/\/schema.org","@graph":[{"@type":"Article","@id":"https:\/\/faiktunay.com.tr\/faik-tunay-haber-global-kanalina-canli-yayin-konugu-oldu-2\/#article","isPartOf":{"@id":"https:\/\/faiktunay.com.tr\/faik-tunay-haber-global-kanalina-canli-yayin-konugu-oldu-2\/"},"author":{"name":"Faik Tunay","@id":"https:\/\/faiktunay.com.tr\/#\/schema\/person\/c49b0bc68a3e76483795a134219cf7cd"},"headline":"Faik Tunay HABER GLOBAL Kanal\u0131na Canl\u0131 Yay\u0131n Konu\u011fu Oldu.","datePublished":"2024-07-10T11:40:48+00:00","dateModified":"2024-07-28T19:06:56+00:00","mainEntityOfPage":{"@id":"https:\/\/faiktunay.com.tr\/faik-tunay-haber-global-kanalina-canli-yayin-konugu-oldu-2\/"},"wordCount":43,"publisher":{"@id":"https:\/\/faiktunay.com.tr\/#\/schema\/person\/c49b0bc68a3e76483795a134219cf7cd"},"keywords":["merkez sa\u011f","suriye"],"articleSection":["Haberler","Videolar"],"inLanguage":"en-US"},{"@type":"WebPage","@id":"https:\/\/faiktunay.com.tr\/faik-tunay-haber-global-kanalina-canli-yayin-konugu-oldu-2\/","url":"https:\/\/faiktunay.com.tr\/faik-tunay-haber-global-kanalina-canli-yayin-konugu-oldu-2\/","name":"Faik Tunay HABER GLOBAL Kanal\u0131na Canl\u0131 Yay\u0131n Konu\u011fu Oldu. - Faik Tunay","isPartOf":{"@id":"https:\/\/faiktunay.com.tr\/#website"},"datePublished":"2024-07-10T11:40:48+00:00","dateModified":"2024-07-28T19:06:56+00:00","breadcrumb":{"@id":"https:\/\/faiktunay.com.tr\/faik-tunay-haber-global-kanalina-canli-yayin-konugu-oldu-2\/#breadcrumb"},"inLanguage":"en-US","potentialAction":[{"@type":"ReadAction","target":["https:\/\/faiktunay.com.tr\/faik-tunay-haber-global-kanalina-canli-yayin-konugu-oldu-2\/"]}]},{"@type":"BreadcrumbList","@id":"https:\/\/faiktunay.com.tr\/faik-tunay-haber-global-kanalina-canli-yayin-konugu-oldu-2\/#breadcrumb","itemListElement":[{"@type":"ListItem","position":1,"name":"Anasayfa","item":"https:\/\/faiktunay.com.tr\/"},{"@type":"ListItem","position":2,"name":"Faik Tunay HABER GLOBAL Kanal\u0131na Canl\u0131 Yay\u0131n Konu\u011fu Oldu."}]},{"@type":"WebSite","@id":"https:\/\/faiktunay.com.tr\/#website","url":"https:\/\/faiktunay.com.tr\/","name":"Faik Tunay","description":"","publisher":{"@id":"https:\/\/faiktunay.com.tr\/#\/schema\/person\/c49b0bc68a3e76483795a134219cf7cd"},"potentialAction":[{"@type":"SearchAction","target":{"@type":"EntryPoint","urlTemplate":"https:\/\/faiktunay.com.tr\/?s={search_term_string}"},"query-input":{"@type":"PropertyValueSpecification","valueRequired":true,"valueName":"search_term_string"}}],"inLanguage":"en-US"},{"@type":["Person","Organization"],"@id":"https:\/\/faiktunay.com.tr\/#\/schema\/person\/c49b0bc68a3e76483795a134219cf7cd","name":"Faik Tunay","logo":{"@id":"https:\/\/faiktunay.com.tr\/#\/schema\/person\/image\/"},"sameAs":["https:\/\/faiktunay.com.tr"],"url":"https:\/\/faiktunay.com.tr\/en\/author\/clicodigital\/"}]}},"_links":{"self":[{"href":"https:\/\/faiktunay.com.tr\/en\/wp-json\/wp\/v2\/posts\/769","targetHints":{"allow":["GET"]}}],"collection":[{"href":"https:\/\/faiktunay.com.tr\/en\/wp-json\/wp\/v2\/posts"}],"about":[{"href":"https:\/\/faiktunay.com.tr\/en\/wp-json\/wp\/v2\/types\/post"}],"author":[{"embeddable":true,"href":"https:\/\/faiktunay.com.tr\/en\/wp-json\/wp\/v2\/users\/1"}],"replies":[{"embeddable":true,"href":"https:\/\/faiktunay.com.tr\/en\/wp-json\/wp\/v2\/comments?post=769"}],"version-history":[{"count":0,"href":"https:\/\/faiktunay.com.tr\/en\/wp-json\/wp\/v2\/posts\/769\/revisions"}],"wp:attachment":[{"href":"https:\/\/faiktunay.com.tr\/en\/wp-json\/wp\/v2\/media?parent=769"}],"wp:term":[{"taxonomy":"category","embeddable":true,"href":"https:\/\/faiktunay.com.tr\/en\/wp-json\/wp\/v2\/categories?post=769"},{"taxonomy":"post_tag","embeddable":true,"href":"https:\/\/faiktunay.com.tr\/en\/wp-json\/wp\/v2\/tags?post=769"}],"curies":[{"name":"wp","href":"https:\/\/api.w.org\/{rel}","templated":true}]}}