{"id":792,"date":"2024-11-15T11:53:21","date_gmt":"2024-11-15T11:53:21","guid":{"rendered":"https:\/\/faiktunay.com.tr\/?p=792"},"modified":"2024-11-15T11:53:23","modified_gmt":"2024-11-15T11:53:23","slug":"faik-tunaydan-israf-cikisi","status":"publish","type":"post","link":"https:\/\/faiktunay.com.tr\/en\/faik-tunaydan-israf-cikisi\/","title":{"rendered":"Faik Tunay&#039;s Waste Statement"},"content":{"rendered":"<p>Tunay, who was a guest on a live broadcast on EKOL TV, stated that everyone in Turkey wastes money and that this is not his party.<\/p>\n\n\n\n<p>Tunay, who also expressed his views on the Mansur Yava\u015f and Ebru G\u00fcnde\u015f concert, stated that 500 schools would be built with the bread thrown away in Turkey every year and called for an end to waste.<\/p>\n\n\n\n<h1 class=\"wp-block-heading\">ekoltv #faiktunay #israf #caglarcilara #mansuryava\u015f<\/h1>\n\n\n\n<p><\/p>","protected":false},"excerpt":{"rendered":"<p>EKOL TV\u2019de canl\u0131 yay\u0131na konuk olan Tunay, T\u00fcrkiye\u2019de herkesin israf yapt\u0131\u011f\u0131n\u0131 bunun partisinin olmad\u0131\u011f\u0131n\u0131 ifade etti. Mansur Yava\u015f , Ebru G\u00fcnde\u015f konseri hakk\u0131nda da g\u00f6r\u00fc\u015f belirten Tunay , T\u00fcrkiye\u2019de her sene \u00e7\u00f6pe at\u0131lan ekmeklerle 500 tane okul yap\u0131laca\u011f\u0131n\u0131 ifade eden Tunay , israf\u0131 bitirme \u00e7a\u011fr\u0131s\u0131 yapt\u0131 ekoltv #faiktunay #israf #\u00e7a\u011flarcilara #mansuryava\u015f<\/p>","protected":false},"author":1,"featured_media":0,"comment_status":"closed","ping_status":"closed","sticky":false,"template":"","format":"video","meta":{"footnotes":""},"categories":[16,19],"tags":[],"class_list":["post-792","post","type-post","status-publish","format-video","hentry","category-haberler","category-videolar","post_format-post-format-video"],"yoast_head":"<!-- This site is optimized with the Yoast SEO plugin v25.7 - https:\/\/yoast.com\/wordpress\/plugins\/seo\/ -->\n<title>Faik Tunay\u2019dan \u0130sraf \u00c7\u0131k\u0131\u015f\u0131 - Faik Tunay<\/title>\n<meta name=\"robots\" content=\"index, follow, max-snippet:-1, max-image-preview:large, max-video-preview:-1\" \/>\n<link rel=\"canonical\" href=\"https:\/\/faiktunay.com.tr\/en\/faik-tunaydan-israf-cikisi\/\" \/>\n<meta property=\"og:locale\" content=\"en_US\" \/>\n<meta property=\"og:type\" content=\"article\" \/>\n<meta property=\"og:title\" content=\"Faik Tunay\u2019dan \u0130sraf \u00c7\u0131k\u0131\u015f\u0131 - Faik Tunay\" \/>\n<meta property=\"og:description\" content=\"EKOL TV\u2019de canl\u0131 yay\u0131na konuk olan Tunay, T\u00fcrkiye\u2019de herkesin israf yapt\u0131\u011f\u0131n\u0131 bunun partisinin olmad\u0131\u011f\u0131n\u0131 ifade etti. Mansur Yava\u015f , Ebru G\u00fcnde\u015f konseri hakk\u0131nda da g\u00f6r\u00fc\u015f belirten Tunay , T\u00fcrkiye\u2019de her sene \u00e7\u00f6pe at\u0131lan ekmeklerle 500 tane okul yap\u0131laca\u011f\u0131n\u0131 ifade eden Tunay , israf\u0131 bitirme \u00e7a\u011fr\u0131s\u0131 yapt\u0131 ekoltv #faiktunay #israf #\u00e7a\u011flarcilara #mansuryava\u015f\" \/>\n<meta property=\"og:url\" content=\"https:\/\/faiktunay.com.tr\/en\/faik-tunaydan-israf-cikisi\/\" \/>\n<meta property=\"og:site_name\" content=\"Faik Tunay\" \/>\n<meta property=\"article:published_time\" content=\"2024-11-15T11:53:21+00:00\" \/>\n<meta property=\"article:modified_time\" content=\"2024-11-15T11:53:23+00:00\" \/>\n<meta name=\"author\" content=\"Faik Tunay\" \/>\n<meta name=\"twitter:card\" content=\"summary_large_image\" \/>\n<meta name=\"twitter:label1\" content=\"Written by\" \/>\n\t<meta name=\"twitter:data1\" content=\"Faik Tunay\" \/>\n<script type=\"application\/ld+json\" class=\"yoast-schema-graph\">{\"@context\":\"https:\/\/schema.org\",\"@graph\":[{\"@type\":\"Article\",\"@id\":\"https:\/\/faiktunay.com.tr\/faik-tunaydan-israf-cikisi\/#article\",\"isPartOf\":{\"@id\":\"https:\/\/faiktunay.com.tr\/faik-tunaydan-israf-cikisi\/\"},\"author\":{\"name\":\"Faik Tunay\",\"@id\":\"https:\/\/faiktunay.com.tr\/#\/schema\/person\/c49b0bc68a3e76483795a134219cf7cd\"},\"headline\":\"Faik Tunay\u2019dan \u0130sraf \u00c7\u0131k\u0131\u015f\u0131\",\"datePublished\":\"2024-11-15T11:53:21+00:00\",\"dateModified\":\"2024-11-15T11:53:23+00:00\",\"mainEntityOfPage\":{\"@id\":\"https:\/\/faiktunay.com.tr\/faik-tunaydan-israf-cikisi\/\"},\"wordCount\":69,\"publisher\":{\"@id\":\"https:\/\/faiktunay.com.tr\/#\/schema\/person\/c49b0bc68a3e76483795a134219cf7cd\"},\"articleSection\":[\"Haberler\",\"Videolar\"],\"inLanguage\":\"en-US\"},{\"@type\":\"WebPage\",\"@id\":\"https:\/\/faiktunay.com.tr\/faik-tunaydan-israf-cikisi\/\",\"url\":\"https:\/\/faiktunay.com.tr\/faik-tunaydan-israf-cikisi\/\",\"name\":\"Faik Tunay\u2019dan \u0130sraf \u00c7\u0131k\u0131\u015f\u0131 - Faik Tunay\",\"isPartOf\":{\"@id\":\"https:\/\/faiktunay.com.tr\/#website\"},\"datePublished\":\"2024-11-15T11:53:21+00:00\",\"dateModified\":\"2024-11-15T11:53:23+00:00\",\"breadcrumb\":{\"@id\":\"https:\/\/faiktunay.com.tr\/faik-tunaydan-israf-cikisi\/#breadcrumb\"},\"inLanguage\":\"en-US\",\"potentialAction\":[{\"@type\":\"ReadAction\",\"target\":[\"https:\/\/faiktunay.com.tr\/faik-tunaydan-israf-cikisi\/\"]}]},{\"@type\":\"BreadcrumbList\",\"@id\":\"https:\/\/faiktunay.com.tr\/faik-tunaydan-israf-cikisi\/#breadcrumb\",\"itemListElement\":[{\"@type\":\"ListItem\",\"position\":1,\"name\":\"Anasayfa\",\"item\":\"https:\/\/faiktunay.com.tr\/\"},{\"@type\":\"ListItem\",\"position\":2,\"name\":\"Faik Tunay\u2019dan \u0130sraf \u00c7\u0131k\u0131\u015f\u0131\"}]},{\"@type\":\"WebSite\",\"@id\":\"https:\/\/faiktunay.com.tr\/#website\",\"url\":\"https:\/\/faiktunay.com.tr\/\",\"name\":\"Faik Tunay\",\"description\":\"\",\"publisher\":{\"@id\":\"https:\/\/faiktunay.com.tr\/#\/schema\/person\/c49b0bc68a3e76483795a134219cf7cd\"},\"potentialAction\":[{\"@type\":\"SearchAction\",\"target\":{\"@type\":\"EntryPoint\",\"urlTemplate\":\"https:\/\/faiktunay.com.tr\/?s={search_term_string}\"},\"query-input\":{\"@type\":\"PropertyValueSpecification\",\"valueRequired\":true,\"valueName\":\"search_term_string\"}}],\"inLanguage\":\"en-US\"},{\"@type\":[\"Person\",\"Organization\"],\"@id\":\"https:\/\/faiktunay.com.tr\/#\/schema\/person\/c49b0bc68a3e76483795a134219cf7cd\",\"name\":\"Faik Tunay\",\"logo\":{\"@id\":\"https:\/\/faiktunay.com.tr\/#\/schema\/person\/image\/\"},\"sameAs\":[\"https:\/\/faiktunay.com.tr\"],\"url\":\"https:\/\/faiktunay.com.tr\/en\/author\/clicodigital\/\"}]}<\/script>\n<!-- \/ Yoast SEO plugin. -->","yoast_head_json":{"title":"Faik Tunay\u2019dan \u0130sraf \u00c7\u0131k\u0131\u015f\u0131 - Faik Tunay","robots":{"index":"index","follow":"follow","max-snippet":"max-snippet:-1","max-image-preview":"max-image-preview:large","max-video-preview":"max-video-preview:-1"},"canonical":"https:\/\/faiktunay.com.tr\/en\/faik-tunaydan-israf-cikisi\/","og_locale":"en_US","og_type":"article","og_title":"Faik Tunay\u2019dan \u0130sraf \u00c7\u0131k\u0131\u015f\u0131 - Faik Tunay","og_description":"EKOL TV\u2019de canl\u0131 yay\u0131na konuk olan Tunay, T\u00fcrkiye\u2019de herkesin israf yapt\u0131\u011f\u0131n\u0131 bunun partisinin olmad\u0131\u011f\u0131n\u0131 ifade etti. Mansur Yava\u015f , Ebru G\u00fcnde\u015f konseri hakk\u0131nda da g\u00f6r\u00fc\u015f belirten Tunay , T\u00fcrkiye\u2019de her sene \u00e7\u00f6pe at\u0131lan ekmeklerle 500 tane okul yap\u0131laca\u011f\u0131n\u0131 ifade eden Tunay , israf\u0131 bitirme \u00e7a\u011fr\u0131s\u0131 yapt\u0131 ekoltv #faiktunay #israf #\u00e7a\u011flarcilara #mansuryava\u015f","og_url":"https:\/\/faiktunay.com.tr\/en\/faik-tunaydan-israf-cikisi\/","og_site_name":"Faik Tunay","article_published_time":"2024-11-15T11:53:21+00:00","article_modified_time":"2024-11-15T11:53:23+00:00","author":"Faik Tunay","twitter_card":"summary_large_image","twitter_misc":{"Written by":"Faik Tunay"},"schema":{"@context":"https:\/\/schema.org","@graph":[{"@type":"Article","@id":"https:\/\/faiktunay.com.tr\/faik-tunaydan-israf-cikisi\/#article","isPartOf":{"@id":"https:\/\/faiktunay.com.tr\/faik-tunaydan-israf-cikisi\/"},"author":{"name":"Faik Tunay","@id":"https:\/\/faiktunay.com.tr\/#\/schema\/person\/c49b0bc68a3e76483795a134219cf7cd"},"headline":"Faik Tunay\u2019dan \u0130sraf \u00c7\u0131k\u0131\u015f\u0131","datePublished":"2024-11-15T11:53:21+00:00","dateModified":"2024-11-15T11:53:23+00:00","mainEntityOfPage":{"@id":"https:\/\/faiktunay.com.tr\/faik-tunaydan-israf-cikisi\/"},"wordCount":69,"publisher":{"@id":"https:\/\/faiktunay.com.tr\/#\/schema\/person\/c49b0bc68a3e76483795a134219cf7cd"},"articleSection":["Haberler","Videolar"],"inLanguage":"en-US"},{"@type":"WebPage","@id":"https:\/\/faiktunay.com.tr\/faik-tunaydan-israf-cikisi\/","url":"https:\/\/faiktunay.com.tr\/faik-tunaydan-israf-cikisi\/","name":"Faik Tunay\u2019dan \u0130sraf \u00c7\u0131k\u0131\u015f\u0131 - Faik Tunay","isPartOf":{"@id":"https:\/\/faiktunay.com.tr\/#website"},"datePublished":"2024-11-15T11:53:21+00:00","dateModified":"2024-11-15T11:53:23+00:00","breadcrumb":{"@id":"https:\/\/faiktunay.com.tr\/faik-tunaydan-israf-cikisi\/#breadcrumb"},"inLanguage":"en-US","potentialAction":[{"@type":"ReadAction","target":["https:\/\/faiktunay.com.tr\/faik-tunaydan-israf-cikisi\/"]}]},{"@type":"BreadcrumbList","@id":"https:\/\/faiktunay.com.tr\/faik-tunaydan-israf-cikisi\/#breadcrumb","itemListElement":[{"@type":"ListItem","position":1,"name":"Anasayfa","item":"https:\/\/faiktunay.com.tr\/"},{"@type":"ListItem","position":2,"name":"Faik Tunay\u2019dan \u0130sraf \u00c7\u0131k\u0131\u015f\u0131"}]},{"@type":"WebSite","@id":"https:\/\/faiktunay.com.tr\/#website","url":"https:\/\/faiktunay.com.tr\/","name":"Faik Tunay","description":"","publisher":{"@id":"https:\/\/faiktunay.com.tr\/#\/schema\/person\/c49b0bc68a3e76483795a134219cf7cd"},"potentialAction":[{"@type":"SearchAction","target":{"@type":"EntryPoint","urlTemplate":"https:\/\/faiktunay.com.tr\/?s={search_term_string}"},"query-input":{"@type":"PropertyValueSpecification","valueRequired":true,"valueName":"search_term_string"}}],"inLanguage":"en-US"},{"@type":["Person","Organization"],"@id":"https:\/\/faiktunay.com.tr\/#\/schema\/person\/c49b0bc68a3e76483795a134219cf7cd","name":"Faik Tunay","logo":{"@id":"https:\/\/faiktunay.com.tr\/#\/schema\/person\/image\/"},"sameAs":["https:\/\/faiktunay.com.tr"],"url":"https:\/\/faiktunay.com.tr\/en\/author\/clicodigital\/"}]}},"_links":{"self":[{"href":"https:\/\/faiktunay.com.tr\/en\/wp-json\/wp\/v2\/posts\/792","targetHints":{"allow":["GET"]}}],"collection":[{"href":"https:\/\/faiktunay.com.tr\/en\/wp-json\/wp\/v2\/posts"}],"about":[{"href":"https:\/\/faiktunay.com.tr\/en\/wp-json\/wp\/v2\/types\/post"}],"author":[{"embeddable":true,"href":"https:\/\/faiktunay.com.tr\/en\/wp-json\/wp\/v2\/users\/1"}],"replies":[{"embeddable":true,"href":"https:\/\/faiktunay.com.tr\/en\/wp-json\/wp\/v2\/comments?post=792"}],"version-history":[{"count":0,"href":"https:\/\/faiktunay.com.tr\/en\/wp-json\/wp\/v2\/posts\/792\/revisions"}],"wp:attachment":[{"href":"https:\/\/faiktunay.com.tr\/en\/wp-json\/wp\/v2\/media?parent=792"}],"wp:term":[{"taxonomy":"category","embeddable":true,"href":"https:\/\/faiktunay.com.tr\/en\/wp-json\/wp\/v2\/categories?post=792"},{"taxonomy":"post_tag","embeddable":true,"href":"https:\/\/faiktunay.com.tr\/en\/wp-json\/wp\/v2\/tags?post=792"}],"curies":[{"name":"wp","href":"https:\/\/api.w.org\/{rel}","templated":true}]}}