{"id":799,"date":"2024-11-21T19:33:34","date_gmt":"2024-11-21T19:33:34","guid":{"rendered":"https:\/\/faiktunay.com.tr\/?p=799"},"modified":"2024-11-21T19:34:09","modified_gmt":"2024-11-21T19:34:09","slug":"faik-tunaydan-carpici-dp-tespiti","status":"publish","type":"post","link":"https:\/\/faiktunay.com.tr\/en\/faik-tunaydan-carpici-dp-tespiti\/","title":{"rendered":"Striking DP Determination from Faik Tunay"},"content":{"rendered":"<p>Tunay, who was a guest on Flash Haber TV&#039;s live broadcast, stated that the Democrat Party under the leadership of G\u00fcltekin Uysal could not use its potential and that the party was still under the influence of Mehmet A\u011far.<\/p>\n\n\n\n<p>He stated that a party called Demokrat displayed attitudes far from democracy and that G\u00fcltekin Uysal was entirely responsible.<\/p>","protected":false},"excerpt":{"rendered":"<p>Flash Haber Tv canl\u0131 yay\u0131n\u0131na konuk olan Tunay, G\u00fcltekin Uysal liderli\u011findeki Demokrat PART\u0130\u2019nin potansiyelini kullanamad\u0131\u011f\u0131n\u0131, partinin hala Mehmet A\u011far\u2019\u0131n etkisi alt\u0131nda oldu\u011funu ifade etti. Ad\u0131 Demokrat olan bir partide demokrasiden uzak tutumlar sergilendi\u011fini ve b\u00fct\u00fcn sorumlunun G\u00fcltekin Uysal oldu\u011funu ifade etti.<\/p>","protected":false},"author":1,"featured_media":0,"comment_status":"closed","ping_status":"closed","sticky":false,"template":"","format":"video","meta":{"footnotes":""},"categories":[16,19],"tags":[66,22,36],"class_list":["post-799","post","type-post","status-publish","format-video","hentry","category-haberler","category-videolar","tag-demokratparti","tag-faik-tunay","tag-merkez-sag","post_format-post-format-video"],"yoast_head":"<!-- This site is optimized with the Yoast SEO plugin v25.7 - https:\/\/yoast.com\/wordpress\/plugins\/seo\/ -->\n<title>Faik Tunay\u2019dan \u00c7arp\u0131c\u0131 DP Tespiti - Faik Tunay<\/title>\n<meta name=\"robots\" content=\"index, follow, max-snippet:-1, max-image-preview:large, max-video-preview:-1\" \/>\n<link rel=\"canonical\" href=\"https:\/\/faiktunay.com.tr\/en\/faik-tunaydan-carpici-dp-tespiti\/\" \/>\n<meta property=\"og:locale\" content=\"en_US\" \/>\n<meta property=\"og:type\" content=\"article\" \/>\n<meta property=\"og:title\" content=\"Faik Tunay\u2019dan \u00c7arp\u0131c\u0131 DP Tespiti - Faik Tunay\" \/>\n<meta property=\"og:description\" content=\"Flash Haber Tv canl\u0131 yay\u0131n\u0131na konuk olan Tunay, G\u00fcltekin Uysal liderli\u011findeki Demokrat PART\u0130\u2019nin potansiyelini kullanamad\u0131\u011f\u0131n\u0131, partinin hala Mehmet A\u011far\u2019\u0131n etkisi alt\u0131nda oldu\u011funu ifade etti. Ad\u0131 Demokrat olan bir partide demokrasiden uzak tutumlar sergilendi\u011fini ve b\u00fct\u00fcn sorumlunun G\u00fcltekin Uysal oldu\u011funu ifade etti.\" \/>\n<meta property=\"og:url\" content=\"https:\/\/faiktunay.com.tr\/en\/faik-tunaydan-carpici-dp-tespiti\/\" \/>\n<meta property=\"og:site_name\" content=\"Faik Tunay\" \/>\n<meta property=\"article:published_time\" content=\"2024-11-21T19:33:34+00:00\" \/>\n<meta property=\"article:modified_time\" content=\"2024-11-21T19:34:09+00:00\" \/>\n<meta name=\"author\" content=\"Faik Tunay\" \/>\n<meta name=\"twitter:card\" content=\"summary_large_image\" \/>\n<meta name=\"twitter:label1\" content=\"Written by\" \/>\n\t<meta name=\"twitter:data1\" content=\"Faik Tunay\" \/>\n<script type=\"application\/ld+json\" class=\"yoast-schema-graph\">{\"@context\":\"https:\/\/schema.org\",\"@graph\":[{\"@type\":\"Article\",\"@id\":\"https:\/\/faiktunay.com.tr\/faik-tunaydan-carpici-dp-tespiti\/#article\",\"isPartOf\":{\"@id\":\"https:\/\/faiktunay.com.tr\/faik-tunaydan-carpici-dp-tespiti\/\"},\"author\":{\"name\":\"Faik Tunay\",\"@id\":\"https:\/\/faiktunay.com.tr\/#\/schema\/person\/c49b0bc68a3e76483795a134219cf7cd\"},\"headline\":\"Faik Tunay\u2019dan \u00c7arp\u0131c\u0131 DP Tespiti\",\"datePublished\":\"2024-11-21T19:33:34+00:00\",\"dateModified\":\"2024-11-21T19:34:09+00:00\",\"mainEntityOfPage\":{\"@id\":\"https:\/\/faiktunay.com.tr\/faik-tunaydan-carpici-dp-tespiti\/\"},\"wordCount\":63,\"publisher\":{\"@id\":\"https:\/\/faiktunay.com.tr\/#\/schema\/person\/c49b0bc68a3e76483795a134219cf7cd\"},\"keywords\":[\"demokratparti\",\"Faik Tunay\",\"merkez sa\u011f\"],\"articleSection\":[\"Haberler\",\"Videolar\"],\"inLanguage\":\"en-US\"},{\"@type\":\"WebPage\",\"@id\":\"https:\/\/faiktunay.com.tr\/faik-tunaydan-carpici-dp-tespiti\/\",\"url\":\"https:\/\/faiktunay.com.tr\/faik-tunaydan-carpici-dp-tespiti\/\",\"name\":\"Faik Tunay\u2019dan \u00c7arp\u0131c\u0131 DP Tespiti - Faik Tunay\",\"isPartOf\":{\"@id\":\"https:\/\/faiktunay.com.tr\/#website\"},\"datePublished\":\"2024-11-21T19:33:34+00:00\",\"dateModified\":\"2024-11-21T19:34:09+00:00\",\"breadcrumb\":{\"@id\":\"https:\/\/faiktunay.com.tr\/faik-tunaydan-carpici-dp-tespiti\/#breadcrumb\"},\"inLanguage\":\"en-US\",\"potentialAction\":[{\"@type\":\"ReadAction\",\"target\":[\"https:\/\/faiktunay.com.tr\/faik-tunaydan-carpici-dp-tespiti\/\"]}]},{\"@type\":\"BreadcrumbList\",\"@id\":\"https:\/\/faiktunay.com.tr\/faik-tunaydan-carpici-dp-tespiti\/#breadcrumb\",\"itemListElement\":[{\"@type\":\"ListItem\",\"position\":1,\"name\":\"Anasayfa\",\"item\":\"https:\/\/faiktunay.com.tr\/\"},{\"@type\":\"ListItem\",\"position\":2,\"name\":\"Faik Tunay\u2019dan \u00c7arp\u0131c\u0131 DP Tespiti\"}]},{\"@type\":\"WebSite\",\"@id\":\"https:\/\/faiktunay.com.tr\/#website\",\"url\":\"https:\/\/faiktunay.com.tr\/\",\"name\":\"Faik Tunay\",\"description\":\"\",\"publisher\":{\"@id\":\"https:\/\/faiktunay.com.tr\/#\/schema\/person\/c49b0bc68a3e76483795a134219cf7cd\"},\"potentialAction\":[{\"@type\":\"SearchAction\",\"target\":{\"@type\":\"EntryPoint\",\"urlTemplate\":\"https:\/\/faiktunay.com.tr\/?s={search_term_string}\"},\"query-input\":{\"@type\":\"PropertyValueSpecification\",\"valueRequired\":true,\"valueName\":\"search_term_string\"}}],\"inLanguage\":\"en-US\"},{\"@type\":[\"Person\",\"Organization\"],\"@id\":\"https:\/\/faiktunay.com.tr\/#\/schema\/person\/c49b0bc68a3e76483795a134219cf7cd\",\"name\":\"Faik Tunay\",\"logo\":{\"@id\":\"https:\/\/faiktunay.com.tr\/#\/schema\/person\/image\/\"},\"sameAs\":[\"https:\/\/faiktunay.com.tr\"],\"url\":\"https:\/\/faiktunay.com.tr\/en\/author\/clicodigital\/\"}]}<\/script>\n<!-- \/ Yoast SEO plugin. -->","yoast_head_json":{"title":"Faik Tunay\u2019dan \u00c7arp\u0131c\u0131 DP Tespiti - Faik Tunay","robots":{"index":"index","follow":"follow","max-snippet":"max-snippet:-1","max-image-preview":"max-image-preview:large","max-video-preview":"max-video-preview:-1"},"canonical":"https:\/\/faiktunay.com.tr\/en\/faik-tunaydan-carpici-dp-tespiti\/","og_locale":"en_US","og_type":"article","og_title":"Faik Tunay\u2019dan \u00c7arp\u0131c\u0131 DP Tespiti - Faik Tunay","og_description":"Flash Haber Tv canl\u0131 yay\u0131n\u0131na konuk olan Tunay, G\u00fcltekin Uysal liderli\u011findeki Demokrat PART\u0130\u2019nin potansiyelini kullanamad\u0131\u011f\u0131n\u0131, partinin hala Mehmet A\u011far\u2019\u0131n etkisi alt\u0131nda oldu\u011funu ifade etti. Ad\u0131 Demokrat olan bir partide demokrasiden uzak tutumlar sergilendi\u011fini ve b\u00fct\u00fcn sorumlunun G\u00fcltekin Uysal oldu\u011funu ifade etti.","og_url":"https:\/\/faiktunay.com.tr\/en\/faik-tunaydan-carpici-dp-tespiti\/","og_site_name":"Faik Tunay","article_published_time":"2024-11-21T19:33:34+00:00","article_modified_time":"2024-11-21T19:34:09+00:00","author":"Faik Tunay","twitter_card":"summary_large_image","twitter_misc":{"Written by":"Faik Tunay"},"schema":{"@context":"https:\/\/schema.org","@graph":[{"@type":"Article","@id":"https:\/\/faiktunay.com.tr\/faik-tunaydan-carpici-dp-tespiti\/#article","isPartOf":{"@id":"https:\/\/faiktunay.com.tr\/faik-tunaydan-carpici-dp-tespiti\/"},"author":{"name":"Faik Tunay","@id":"https:\/\/faiktunay.com.tr\/#\/schema\/person\/c49b0bc68a3e76483795a134219cf7cd"},"headline":"Faik Tunay\u2019dan \u00c7arp\u0131c\u0131 DP Tespiti","datePublished":"2024-11-21T19:33:34+00:00","dateModified":"2024-11-21T19:34:09+00:00","mainEntityOfPage":{"@id":"https:\/\/faiktunay.com.tr\/faik-tunaydan-carpici-dp-tespiti\/"},"wordCount":63,"publisher":{"@id":"https:\/\/faiktunay.com.tr\/#\/schema\/person\/c49b0bc68a3e76483795a134219cf7cd"},"keywords":["demokratparti","Faik Tunay","merkez sa\u011f"],"articleSection":["Haberler","Videolar"],"inLanguage":"en-US"},{"@type":"WebPage","@id":"https:\/\/faiktunay.com.tr\/faik-tunaydan-carpici-dp-tespiti\/","url":"https:\/\/faiktunay.com.tr\/faik-tunaydan-carpici-dp-tespiti\/","name":"Faik Tunay\u2019dan \u00c7arp\u0131c\u0131 DP Tespiti - Faik Tunay","isPartOf":{"@id":"https:\/\/faiktunay.com.tr\/#website"},"datePublished":"2024-11-21T19:33:34+00:00","dateModified":"2024-11-21T19:34:09+00:00","breadcrumb":{"@id":"https:\/\/faiktunay.com.tr\/faik-tunaydan-carpici-dp-tespiti\/#breadcrumb"},"inLanguage":"en-US","potentialAction":[{"@type":"ReadAction","target":["https:\/\/faiktunay.com.tr\/faik-tunaydan-carpici-dp-tespiti\/"]}]},{"@type":"BreadcrumbList","@id":"https:\/\/faiktunay.com.tr\/faik-tunaydan-carpici-dp-tespiti\/#breadcrumb","itemListElement":[{"@type":"ListItem","position":1,"name":"Anasayfa","item":"https:\/\/faiktunay.com.tr\/"},{"@type":"ListItem","position":2,"name":"Faik Tunay\u2019dan \u00c7arp\u0131c\u0131 DP Tespiti"}]},{"@type":"WebSite","@id":"https:\/\/faiktunay.com.tr\/#website","url":"https:\/\/faiktunay.com.tr\/","name":"Faik Tunay","description":"","publisher":{"@id":"https:\/\/faiktunay.com.tr\/#\/schema\/person\/c49b0bc68a3e76483795a134219cf7cd"},"potentialAction":[{"@type":"SearchAction","target":{"@type":"EntryPoint","urlTemplate":"https:\/\/faiktunay.com.tr\/?s={search_term_string}"},"query-input":{"@type":"PropertyValueSpecification","valueRequired":true,"valueName":"search_term_string"}}],"inLanguage":"en-US"},{"@type":["Person","Organization"],"@id":"https:\/\/faiktunay.com.tr\/#\/schema\/person\/c49b0bc68a3e76483795a134219cf7cd","name":"Faik Tunay","logo":{"@id":"https:\/\/faiktunay.com.tr\/#\/schema\/person\/image\/"},"sameAs":["https:\/\/faiktunay.com.tr"],"url":"https:\/\/faiktunay.com.tr\/en\/author\/clicodigital\/"}]}},"_links":{"self":[{"href":"https:\/\/faiktunay.com.tr\/en\/wp-json\/wp\/v2\/posts\/799","targetHints":{"allow":["GET"]}}],"collection":[{"href":"https:\/\/faiktunay.com.tr\/en\/wp-json\/wp\/v2\/posts"}],"about":[{"href":"https:\/\/faiktunay.com.tr\/en\/wp-json\/wp\/v2\/types\/post"}],"author":[{"embeddable":true,"href":"https:\/\/faiktunay.com.tr\/en\/wp-json\/wp\/v2\/users\/1"}],"replies":[{"embeddable":true,"href":"https:\/\/faiktunay.com.tr\/en\/wp-json\/wp\/v2\/comments?post=799"}],"version-history":[{"count":0,"href":"https:\/\/faiktunay.com.tr\/en\/wp-json\/wp\/v2\/posts\/799\/revisions"}],"wp:attachment":[{"href":"https:\/\/faiktunay.com.tr\/en\/wp-json\/wp\/v2\/media?parent=799"}],"wp:term":[{"taxonomy":"category","embeddable":true,"href":"https:\/\/faiktunay.com.tr\/en\/wp-json\/wp\/v2\/categories?post=799"},{"taxonomy":"post_tag","embeddable":true,"href":"https:\/\/faiktunay.com.tr\/en\/wp-json\/wp\/v2\/tags?post=799"}],"curies":[{"name":"wp","href":"https:\/\/api.w.org\/{rel}","templated":true}]}}