{"id":801,"date":"2024-11-21T19:37:05","date_gmt":"2024-11-21T19:37:05","guid":{"rendered":"https:\/\/faiktunay.com.tr\/?p=801"},"modified":"2024-11-21T19:37:06","modified_gmt":"2024-11-21T19:37:06","slug":"faik-tunaydan-ataturk-cikisi","status":"publish","type":"post","link":"https:\/\/faiktunay.com.tr\/en\/faik-tunaydan-ataturk-cikisi\/","title":{"rendered":"Faik Tunay&#039;s Comment on Atat\u00fcrk"},"content":{"rendered":"<p>Tunay, who was a guest on KRT TV&#039;s live broadcast, became angry when another participant, writer Mehmet Sabri Akg\u00f6n\u00fcl, sneered at Atat\u00fcrk.<br>One<br>Tunay said that it is extremely wrong for a society to mess with its founding leader and that there is no other society in the world that would mess with its founding leader so much, and that it is extremely absurd to draw a parallel between the resolution process and Atat\u00fcrk through Devlet Bah\u00e7eli&#039;s surprising statement. Tunay stated that it is the easiest thing to criticize someone who died 86 years ago and that each era should be evaluated within itself.<\/p>","protected":false},"excerpt":{"rendered":"<p>KRT TV canl\u0131 yay\u0131n\u0131na konuk olan Tunay , di\u011fer kat\u0131l\u0131mc\u0131 yazar Mehmet Sabri Akg\u00f6n\u00fcl\u2019\u00fcn Atat\u00fcrk\u2019e laf atmas\u0131 sonucu sinirlendi.BirToplumun kurucu lideri ile u\u011fra\u015fmas\u0131 son derece yanl\u0131\u015fl\u0131k ve D\u00fcnya\u2019da hi\u00e7bir toplum yoktur ki kurucu lideri ile bu kadar u\u011fra\u015fs\u0131n diyen Tunay, \u00e7\u00f6z\u00fcm s\u00fcrecini ve Devlet Bah\u00e7eli\u2019nin herkesi \u015fa\u015f\u0131rtan \u00e7\u0131k\u0131\u015f\u0131 \u00fczerinden Atat\u00fcrk ile benzerlik kurman\u0131n son derece [&hellip;]<\/p>","protected":false},"author":1,"featured_media":0,"comment_status":"closed","ping_status":"closed","sticky":false,"template":"","format":"video","meta":{"footnotes":""},"categories":[16,19],"tags":[],"class_list":["post-801","post","type-post","status-publish","format-video","hentry","category-haberler","category-videolar","post_format-post-format-video"],"yoast_head":"<!-- This site is optimized with the Yoast SEO plugin v25.7 - https:\/\/yoast.com\/wordpress\/plugins\/seo\/ -->\n<title>Faik Tunay\u2019dan Atat\u00fcrk \u00c7\u0131k\u0131\u015f\u0131 - Faik Tunay<\/title>\n<meta name=\"robots\" content=\"index, follow, max-snippet:-1, max-image-preview:large, max-video-preview:-1\" \/>\n<link rel=\"canonical\" href=\"https:\/\/faiktunay.com.tr\/en\/faik-tunaydan-ataturk-cikisi\/\" \/>\n<meta property=\"og:locale\" content=\"en_US\" \/>\n<meta property=\"og:type\" content=\"article\" \/>\n<meta property=\"og:title\" content=\"Faik Tunay\u2019dan Atat\u00fcrk \u00c7\u0131k\u0131\u015f\u0131 - Faik Tunay\" \/>\n<meta property=\"og:description\" content=\"KRT TV canl\u0131 yay\u0131n\u0131na konuk olan Tunay , di\u011fer kat\u0131l\u0131mc\u0131 yazar Mehmet Sabri Akg\u00f6n\u00fcl\u2019\u00fcn Atat\u00fcrk\u2019e laf atmas\u0131 sonucu sinirlendi.BirToplumun kurucu lideri ile u\u011fra\u015fmas\u0131 son derece yanl\u0131\u015fl\u0131k ve D\u00fcnya\u2019da hi\u00e7bir toplum yoktur ki kurucu lideri ile bu kadar u\u011fra\u015fs\u0131n diyen Tunay, \u00e7\u00f6z\u00fcm s\u00fcrecini ve Devlet Bah\u00e7eli\u2019nin herkesi \u015fa\u015f\u0131rtan \u00e7\u0131k\u0131\u015f\u0131 \u00fczerinden Atat\u00fcrk ile benzerlik kurman\u0131n son derece [&hellip;]\" \/>\n<meta property=\"og:url\" content=\"https:\/\/faiktunay.com.tr\/en\/faik-tunaydan-ataturk-cikisi\/\" \/>\n<meta property=\"og:site_name\" content=\"Faik Tunay\" \/>\n<meta property=\"article:published_time\" content=\"2024-11-21T19:37:05+00:00\" \/>\n<meta property=\"article:modified_time\" content=\"2024-11-21T19:37:06+00:00\" \/>\n<meta name=\"author\" content=\"Faik Tunay\" \/>\n<meta name=\"twitter:card\" content=\"summary_large_image\" \/>\n<meta name=\"twitter:label1\" content=\"Written by\" \/>\n\t<meta name=\"twitter:data1\" content=\"Faik Tunay\" \/>\n\t<meta name=\"twitter:label2\" content=\"Est. reading time\" \/>\n\t<meta name=\"twitter:data2\" content=\"1 minute\" \/>\n<script type=\"application\/ld+json\" class=\"yoast-schema-graph\">{\"@context\":\"https:\/\/schema.org\",\"@graph\":[{\"@type\":\"Article\",\"@id\":\"https:\/\/faiktunay.com.tr\/faik-tunaydan-ataturk-cikisi\/#article\",\"isPartOf\":{\"@id\":\"https:\/\/faiktunay.com.tr\/faik-tunaydan-ataturk-cikisi\/\"},\"author\":{\"name\":\"Faik Tunay\",\"@id\":\"https:\/\/faiktunay.com.tr\/#\/schema\/person\/c49b0bc68a3e76483795a134219cf7cd\"},\"headline\":\"Faik Tunay\u2019dan Atat\u00fcrk \u00c7\u0131k\u0131\u015f\u0131\",\"datePublished\":\"2024-11-21T19:37:05+00:00\",\"dateModified\":\"2024-11-21T19:37:06+00:00\",\"mainEntityOfPage\":{\"@id\":\"https:\/\/faiktunay.com.tr\/faik-tunaydan-ataturk-cikisi\/\"},\"wordCount\":119,\"publisher\":{\"@id\":\"https:\/\/faiktunay.com.tr\/#\/schema\/person\/c49b0bc68a3e76483795a134219cf7cd\"},\"articleSection\":[\"Haberler\",\"Videolar\"],\"inLanguage\":\"en-US\"},{\"@type\":\"WebPage\",\"@id\":\"https:\/\/faiktunay.com.tr\/faik-tunaydan-ataturk-cikisi\/\",\"url\":\"https:\/\/faiktunay.com.tr\/faik-tunaydan-ataturk-cikisi\/\",\"name\":\"Faik Tunay\u2019dan Atat\u00fcrk \u00c7\u0131k\u0131\u015f\u0131 - Faik Tunay\",\"isPartOf\":{\"@id\":\"https:\/\/faiktunay.com.tr\/#website\"},\"datePublished\":\"2024-11-21T19:37:05+00:00\",\"dateModified\":\"2024-11-21T19:37:06+00:00\",\"breadcrumb\":{\"@id\":\"https:\/\/faiktunay.com.tr\/faik-tunaydan-ataturk-cikisi\/#breadcrumb\"},\"inLanguage\":\"en-US\",\"potentialAction\":[{\"@type\":\"ReadAction\",\"target\":[\"https:\/\/faiktunay.com.tr\/faik-tunaydan-ataturk-cikisi\/\"]}]},{\"@type\":\"BreadcrumbList\",\"@id\":\"https:\/\/faiktunay.com.tr\/faik-tunaydan-ataturk-cikisi\/#breadcrumb\",\"itemListElement\":[{\"@type\":\"ListItem\",\"position\":1,\"name\":\"Anasayfa\",\"item\":\"https:\/\/faiktunay.com.tr\/\"},{\"@type\":\"ListItem\",\"position\":2,\"name\":\"Faik Tunay\u2019dan Atat\u00fcrk \u00c7\u0131k\u0131\u015f\u0131\"}]},{\"@type\":\"WebSite\",\"@id\":\"https:\/\/faiktunay.com.tr\/#website\",\"url\":\"https:\/\/faiktunay.com.tr\/\",\"name\":\"Faik Tunay\",\"description\":\"\",\"publisher\":{\"@id\":\"https:\/\/faiktunay.com.tr\/#\/schema\/person\/c49b0bc68a3e76483795a134219cf7cd\"},\"potentialAction\":[{\"@type\":\"SearchAction\",\"target\":{\"@type\":\"EntryPoint\",\"urlTemplate\":\"https:\/\/faiktunay.com.tr\/?s={search_term_string}\"},\"query-input\":{\"@type\":\"PropertyValueSpecification\",\"valueRequired\":true,\"valueName\":\"search_term_string\"}}],\"inLanguage\":\"en-US\"},{\"@type\":[\"Person\",\"Organization\"],\"@id\":\"https:\/\/faiktunay.com.tr\/#\/schema\/person\/c49b0bc68a3e76483795a134219cf7cd\",\"name\":\"Faik Tunay\",\"logo\":{\"@id\":\"https:\/\/faiktunay.com.tr\/#\/schema\/person\/image\/\"},\"sameAs\":[\"https:\/\/faiktunay.com.tr\"],\"url\":\"https:\/\/faiktunay.com.tr\/en\/author\/clicodigital\/\"}]}<\/script>\n<!-- \/ Yoast SEO plugin. -->","yoast_head_json":{"title":"Faik Tunay\u2019dan Atat\u00fcrk \u00c7\u0131k\u0131\u015f\u0131 - Faik Tunay","robots":{"index":"index","follow":"follow","max-snippet":"max-snippet:-1","max-image-preview":"max-image-preview:large","max-video-preview":"max-video-preview:-1"},"canonical":"https:\/\/faiktunay.com.tr\/en\/faik-tunaydan-ataturk-cikisi\/","og_locale":"en_US","og_type":"article","og_title":"Faik Tunay\u2019dan Atat\u00fcrk \u00c7\u0131k\u0131\u015f\u0131 - Faik Tunay","og_description":"KRT TV canl\u0131 yay\u0131n\u0131na konuk olan Tunay , di\u011fer kat\u0131l\u0131mc\u0131 yazar Mehmet Sabri Akg\u00f6n\u00fcl\u2019\u00fcn Atat\u00fcrk\u2019e laf atmas\u0131 sonucu sinirlendi.BirToplumun kurucu lideri ile u\u011fra\u015fmas\u0131 son derece yanl\u0131\u015fl\u0131k ve D\u00fcnya\u2019da hi\u00e7bir toplum yoktur ki kurucu lideri ile bu kadar u\u011fra\u015fs\u0131n diyen Tunay, \u00e7\u00f6z\u00fcm s\u00fcrecini ve Devlet Bah\u00e7eli\u2019nin herkesi \u015fa\u015f\u0131rtan \u00e7\u0131k\u0131\u015f\u0131 \u00fczerinden Atat\u00fcrk ile benzerlik kurman\u0131n son derece [&hellip;]","og_url":"https:\/\/faiktunay.com.tr\/en\/faik-tunaydan-ataturk-cikisi\/","og_site_name":"Faik Tunay","article_published_time":"2024-11-21T19:37:05+00:00","article_modified_time":"2024-11-21T19:37:06+00:00","author":"Faik Tunay","twitter_card":"summary_large_image","twitter_misc":{"Written by":"Faik Tunay","Est. reading time":"1 minute"},"schema":{"@context":"https:\/\/schema.org","@graph":[{"@type":"Article","@id":"https:\/\/faiktunay.com.tr\/faik-tunaydan-ataturk-cikisi\/#article","isPartOf":{"@id":"https:\/\/faiktunay.com.tr\/faik-tunaydan-ataturk-cikisi\/"},"author":{"name":"Faik Tunay","@id":"https:\/\/faiktunay.com.tr\/#\/schema\/person\/c49b0bc68a3e76483795a134219cf7cd"},"headline":"Faik Tunay\u2019dan Atat\u00fcrk \u00c7\u0131k\u0131\u015f\u0131","datePublished":"2024-11-21T19:37:05+00:00","dateModified":"2024-11-21T19:37:06+00:00","mainEntityOfPage":{"@id":"https:\/\/faiktunay.com.tr\/faik-tunaydan-ataturk-cikisi\/"},"wordCount":119,"publisher":{"@id":"https:\/\/faiktunay.com.tr\/#\/schema\/person\/c49b0bc68a3e76483795a134219cf7cd"},"articleSection":["Haberler","Videolar"],"inLanguage":"en-US"},{"@type":"WebPage","@id":"https:\/\/faiktunay.com.tr\/faik-tunaydan-ataturk-cikisi\/","url":"https:\/\/faiktunay.com.tr\/faik-tunaydan-ataturk-cikisi\/","name":"Faik Tunay\u2019dan Atat\u00fcrk \u00c7\u0131k\u0131\u015f\u0131 - Faik Tunay","isPartOf":{"@id":"https:\/\/faiktunay.com.tr\/#website"},"datePublished":"2024-11-21T19:37:05+00:00","dateModified":"2024-11-21T19:37:06+00:00","breadcrumb":{"@id":"https:\/\/faiktunay.com.tr\/faik-tunaydan-ataturk-cikisi\/#breadcrumb"},"inLanguage":"en-US","potentialAction":[{"@type":"ReadAction","target":["https:\/\/faiktunay.com.tr\/faik-tunaydan-ataturk-cikisi\/"]}]},{"@type":"BreadcrumbList","@id":"https:\/\/faiktunay.com.tr\/faik-tunaydan-ataturk-cikisi\/#breadcrumb","itemListElement":[{"@type":"ListItem","position":1,"name":"Anasayfa","item":"https:\/\/faiktunay.com.tr\/"},{"@type":"ListItem","position":2,"name":"Faik Tunay\u2019dan Atat\u00fcrk \u00c7\u0131k\u0131\u015f\u0131"}]},{"@type":"WebSite","@id":"https:\/\/faiktunay.com.tr\/#website","url":"https:\/\/faiktunay.com.tr\/","name":"Faik Tunay","description":"","publisher":{"@id":"https:\/\/faiktunay.com.tr\/#\/schema\/person\/c49b0bc68a3e76483795a134219cf7cd"},"potentialAction":[{"@type":"SearchAction","target":{"@type":"EntryPoint","urlTemplate":"https:\/\/faiktunay.com.tr\/?s={search_term_string}"},"query-input":{"@type":"PropertyValueSpecification","valueRequired":true,"valueName":"search_term_string"}}],"inLanguage":"en-US"},{"@type":["Person","Organization"],"@id":"https:\/\/faiktunay.com.tr\/#\/schema\/person\/c49b0bc68a3e76483795a134219cf7cd","name":"Faik Tunay","logo":{"@id":"https:\/\/faiktunay.com.tr\/#\/schema\/person\/image\/"},"sameAs":["https:\/\/faiktunay.com.tr"],"url":"https:\/\/faiktunay.com.tr\/en\/author\/clicodigital\/"}]}},"_links":{"self":[{"href":"https:\/\/faiktunay.com.tr\/en\/wp-json\/wp\/v2\/posts\/801","targetHints":{"allow":["GET"]}}],"collection":[{"href":"https:\/\/faiktunay.com.tr\/en\/wp-json\/wp\/v2\/posts"}],"about":[{"href":"https:\/\/faiktunay.com.tr\/en\/wp-json\/wp\/v2\/types\/post"}],"author":[{"embeddable":true,"href":"https:\/\/faiktunay.com.tr\/en\/wp-json\/wp\/v2\/users\/1"}],"replies":[{"embeddable":true,"href":"https:\/\/faiktunay.com.tr\/en\/wp-json\/wp\/v2\/comments?post=801"}],"version-history":[{"count":0,"href":"https:\/\/faiktunay.com.tr\/en\/wp-json\/wp\/v2\/posts\/801\/revisions"}],"wp:attachment":[{"href":"https:\/\/faiktunay.com.tr\/en\/wp-json\/wp\/v2\/media?parent=801"}],"wp:term":[{"taxonomy":"category","embeddable":true,"href":"https:\/\/faiktunay.com.tr\/en\/wp-json\/wp\/v2\/categories?post=801"},{"taxonomy":"post_tag","embeddable":true,"href":"https:\/\/faiktunay.com.tr\/en\/wp-json\/wp\/v2\/tags?post=801"}],"curies":[{"name":"wp","href":"https:\/\/api.w.org\/{rel}","templated":true}]}}