{"id":836,"date":"2025-04-29T15:12:06","date_gmt":"2025-04-29T15:12:06","guid":{"rendered":"https:\/\/faiktunay.com.tr\/?p=836"},"modified":"2025-04-29T15:12:08","modified_gmt":"2025-04-29T15:12:08","slug":"faik-tunaydan-imamoglu-yorumu","status":"publish","type":"post","link":"https:\/\/faiktunay.com.tr\/en\/faik-tunaydan-imamoglu-yorumu\/","title":{"rendered":"Faik Tunay&#039;s Comment on \u0130mamo\u011flu"},"content":{"rendered":"<p>Participating in the KRT TV live broadcast on April 21, 2025, Tunay stated that with the \u0130mamo\u011flu case process, society was divided into two like a watermelon and polarization had reached its peak.<\/p>\n\n\n\n<p>He stated that there were very serious allegations that \u0130mamo\u011flu could not answer, and that there were also very unfair accusations. Tunay stated that everything would become clearer when the indictment came out, and that the government and the main opposition had great responsibilities in this process.<\/p>","protected":false},"excerpt":{"rendered":"<p>21 Nisan 2025 g\u00fcn\u00fc KRT TV canl\u0131 yay\u0131n\u0131na kat\u0131lan Tunay, \u0130mamo\u011flu dava s\u00fcreciyle toplumun karpuz gibi ortadan ikiye b\u00f6l\u00fcnd\u00fc\u011f\u00fcn\u00fc ve kutupla\u015fman\u0131n tavan yapt\u0131\u011f\u0131n\u0131 ifade etti. \u0130mamo\u011flu\u2019nun cevaplayamad\u0131\u011f\u0131 \u00e7ok ciddi iddialar\u0131n oldu\u011funu bununla beraber \u00e7ok haks\u0131z ithamlar\u0131nda oldu\u011funu ifade etti. \u0130ddianame ortaya \u00e7\u0131k\u0131nca her \u015feyin daha da netle\u015fece\u011fini ifade eden Tunay , iktidara ve ana muhalefete [&hellip;]<\/p>","protected":false},"author":1,"featured_media":0,"comment_status":"closed","ping_status":"closed","sticky":false,"template":"","format":"video","meta":{"footnotes":""},"categories":[16,19],"tags":[22,34,36],"class_list":["post-836","post","type-post","status-publish","format-video","hentry","category-haberler","category-videolar","tag-faik-tunay","tag-imamoglu","tag-merkez-sag","post_format-post-format-video"],"yoast_head":"<!-- This site is optimized with the Yoast SEO plugin v25.7 - https:\/\/yoast.com\/wordpress\/plugins\/seo\/ -->\n<title>Faik Tunay\u2019dan \u0130mamo\u011flu Yorumu - Faik Tunay<\/title>\n<meta name=\"robots\" content=\"index, follow, max-snippet:-1, max-image-preview:large, max-video-preview:-1\" \/>\n<link rel=\"canonical\" href=\"https:\/\/faiktunay.com.tr\/en\/faik-tunaydan-imamoglu-yorumu\/\" \/>\n<meta property=\"og:locale\" content=\"en_US\" \/>\n<meta property=\"og:type\" content=\"article\" \/>\n<meta property=\"og:title\" content=\"Faik Tunay\u2019dan \u0130mamo\u011flu Yorumu - Faik Tunay\" \/>\n<meta property=\"og:description\" content=\"21 Nisan 2025 g\u00fcn\u00fc KRT TV canl\u0131 yay\u0131n\u0131na kat\u0131lan Tunay, \u0130mamo\u011flu dava s\u00fcreciyle toplumun karpuz gibi ortadan ikiye b\u00f6l\u00fcnd\u00fc\u011f\u00fcn\u00fc ve kutupla\u015fman\u0131n tavan yapt\u0131\u011f\u0131n\u0131 ifade etti. \u0130mamo\u011flu\u2019nun cevaplayamad\u0131\u011f\u0131 \u00e7ok ciddi iddialar\u0131n oldu\u011funu bununla beraber \u00e7ok haks\u0131z ithamlar\u0131nda oldu\u011funu ifade etti. \u0130ddianame ortaya \u00e7\u0131k\u0131nca her \u015feyin daha da netle\u015fece\u011fini ifade eden Tunay , iktidara ve ana muhalefete [&hellip;]\" \/>\n<meta property=\"og:url\" content=\"https:\/\/faiktunay.com.tr\/en\/faik-tunaydan-imamoglu-yorumu\/\" \/>\n<meta property=\"og:site_name\" content=\"Faik Tunay\" \/>\n<meta property=\"article:published_time\" content=\"2025-04-29T15:12:06+00:00\" \/>\n<meta property=\"article:modified_time\" content=\"2025-04-29T15:12:08+00:00\" \/>\n<meta name=\"author\" content=\"Faik Tunay\" \/>\n<meta name=\"twitter:card\" content=\"summary_large_image\" \/>\n<meta name=\"twitter:label1\" content=\"Written by\" \/>\n\t<meta name=\"twitter:data1\" content=\"Faik Tunay\" \/>\n<script type=\"application\/ld+json\" class=\"yoast-schema-graph\">{\"@context\":\"https:\/\/schema.org\",\"@graph\":[{\"@type\":\"Article\",\"@id\":\"https:\/\/faiktunay.com.tr\/faik-tunaydan-imamoglu-yorumu\/#article\",\"isPartOf\":{\"@id\":\"https:\/\/faiktunay.com.tr\/faik-tunaydan-imamoglu-yorumu\/\"},\"author\":{\"name\":\"Faik Tunay\",\"@id\":\"https:\/\/faiktunay.com.tr\/#\/schema\/person\/c49b0bc68a3e76483795a134219cf7cd\"},\"headline\":\"Faik Tunay\u2019dan \u0130mamo\u011flu Yorumu\",\"datePublished\":\"2025-04-29T15:12:06+00:00\",\"dateModified\":\"2025-04-29T15:12:08+00:00\",\"mainEntityOfPage\":{\"@id\":\"https:\/\/faiktunay.com.tr\/faik-tunaydan-imamoglu-yorumu\/\"},\"wordCount\":93,\"publisher\":{\"@id\":\"https:\/\/faiktunay.com.tr\/#\/schema\/person\/c49b0bc68a3e76483795a134219cf7cd\"},\"keywords\":[\"Faik Tunay\",\"imamo\u011flu\",\"merkez sa\u011f\"],\"articleSection\":[\"Haberler\",\"Videolar\"],\"inLanguage\":\"en-US\"},{\"@type\":\"WebPage\",\"@id\":\"https:\/\/faiktunay.com.tr\/faik-tunaydan-imamoglu-yorumu\/\",\"url\":\"https:\/\/faiktunay.com.tr\/faik-tunaydan-imamoglu-yorumu\/\",\"name\":\"Faik Tunay\u2019dan \u0130mamo\u011flu Yorumu - Faik Tunay\",\"isPartOf\":{\"@id\":\"https:\/\/faiktunay.com.tr\/#website\"},\"datePublished\":\"2025-04-29T15:12:06+00:00\",\"dateModified\":\"2025-04-29T15:12:08+00:00\",\"breadcrumb\":{\"@id\":\"https:\/\/faiktunay.com.tr\/faik-tunaydan-imamoglu-yorumu\/#breadcrumb\"},\"inLanguage\":\"en-US\",\"potentialAction\":[{\"@type\":\"ReadAction\",\"target\":[\"https:\/\/faiktunay.com.tr\/faik-tunaydan-imamoglu-yorumu\/\"]}]},{\"@type\":\"BreadcrumbList\",\"@id\":\"https:\/\/faiktunay.com.tr\/faik-tunaydan-imamoglu-yorumu\/#breadcrumb\",\"itemListElement\":[{\"@type\":\"ListItem\",\"position\":1,\"name\":\"Anasayfa\",\"item\":\"https:\/\/faiktunay.com.tr\/\"},{\"@type\":\"ListItem\",\"position\":2,\"name\":\"Faik Tunay\u2019dan \u0130mamo\u011flu Yorumu\"}]},{\"@type\":\"WebSite\",\"@id\":\"https:\/\/faiktunay.com.tr\/#website\",\"url\":\"https:\/\/faiktunay.com.tr\/\",\"name\":\"Faik Tunay\",\"description\":\"\",\"publisher\":{\"@id\":\"https:\/\/faiktunay.com.tr\/#\/schema\/person\/c49b0bc68a3e76483795a134219cf7cd\"},\"potentialAction\":[{\"@type\":\"SearchAction\",\"target\":{\"@type\":\"EntryPoint\",\"urlTemplate\":\"https:\/\/faiktunay.com.tr\/?s={search_term_string}\"},\"query-input\":{\"@type\":\"PropertyValueSpecification\",\"valueRequired\":true,\"valueName\":\"search_term_string\"}}],\"inLanguage\":\"en-US\"},{\"@type\":[\"Person\",\"Organization\"],\"@id\":\"https:\/\/faiktunay.com.tr\/#\/schema\/person\/c49b0bc68a3e76483795a134219cf7cd\",\"name\":\"Faik Tunay\",\"logo\":{\"@id\":\"https:\/\/faiktunay.com.tr\/#\/schema\/person\/image\/\"},\"sameAs\":[\"https:\/\/faiktunay.com.tr\"],\"url\":\"https:\/\/faiktunay.com.tr\/en\/author\/clicodigital\/\"}]}<\/script>\n<!-- \/ Yoast SEO plugin. -->","yoast_head_json":{"title":"Faik Tunay\u2019dan \u0130mamo\u011flu Yorumu - Faik Tunay","robots":{"index":"index","follow":"follow","max-snippet":"max-snippet:-1","max-image-preview":"max-image-preview:large","max-video-preview":"max-video-preview:-1"},"canonical":"https:\/\/faiktunay.com.tr\/en\/faik-tunaydan-imamoglu-yorumu\/","og_locale":"en_US","og_type":"article","og_title":"Faik Tunay\u2019dan \u0130mamo\u011flu Yorumu - Faik Tunay","og_description":"21 Nisan 2025 g\u00fcn\u00fc KRT TV canl\u0131 yay\u0131n\u0131na kat\u0131lan Tunay, \u0130mamo\u011flu dava s\u00fcreciyle toplumun karpuz gibi ortadan ikiye b\u00f6l\u00fcnd\u00fc\u011f\u00fcn\u00fc ve kutupla\u015fman\u0131n tavan yapt\u0131\u011f\u0131n\u0131 ifade etti. \u0130mamo\u011flu\u2019nun cevaplayamad\u0131\u011f\u0131 \u00e7ok ciddi iddialar\u0131n oldu\u011funu bununla beraber \u00e7ok haks\u0131z ithamlar\u0131nda oldu\u011funu ifade etti. \u0130ddianame ortaya \u00e7\u0131k\u0131nca her \u015feyin daha da netle\u015fece\u011fini ifade eden Tunay , iktidara ve ana muhalefete [&hellip;]","og_url":"https:\/\/faiktunay.com.tr\/en\/faik-tunaydan-imamoglu-yorumu\/","og_site_name":"Faik Tunay","article_published_time":"2025-04-29T15:12:06+00:00","article_modified_time":"2025-04-29T15:12:08+00:00","author":"Faik Tunay","twitter_card":"summary_large_image","twitter_misc":{"Written by":"Faik Tunay"},"schema":{"@context":"https:\/\/schema.org","@graph":[{"@type":"Article","@id":"https:\/\/faiktunay.com.tr\/faik-tunaydan-imamoglu-yorumu\/#article","isPartOf":{"@id":"https:\/\/faiktunay.com.tr\/faik-tunaydan-imamoglu-yorumu\/"},"author":{"name":"Faik Tunay","@id":"https:\/\/faiktunay.com.tr\/#\/schema\/person\/c49b0bc68a3e76483795a134219cf7cd"},"headline":"Faik Tunay\u2019dan \u0130mamo\u011flu Yorumu","datePublished":"2025-04-29T15:12:06+00:00","dateModified":"2025-04-29T15:12:08+00:00","mainEntityOfPage":{"@id":"https:\/\/faiktunay.com.tr\/faik-tunaydan-imamoglu-yorumu\/"},"wordCount":93,"publisher":{"@id":"https:\/\/faiktunay.com.tr\/#\/schema\/person\/c49b0bc68a3e76483795a134219cf7cd"},"keywords":["Faik Tunay","imamo\u011flu","merkez sa\u011f"],"articleSection":["Haberler","Videolar"],"inLanguage":"en-US"},{"@type":"WebPage","@id":"https:\/\/faiktunay.com.tr\/faik-tunaydan-imamoglu-yorumu\/","url":"https:\/\/faiktunay.com.tr\/faik-tunaydan-imamoglu-yorumu\/","name":"Faik Tunay\u2019dan \u0130mamo\u011flu Yorumu - Faik Tunay","isPartOf":{"@id":"https:\/\/faiktunay.com.tr\/#website"},"datePublished":"2025-04-29T15:12:06+00:00","dateModified":"2025-04-29T15:12:08+00:00","breadcrumb":{"@id":"https:\/\/faiktunay.com.tr\/faik-tunaydan-imamoglu-yorumu\/#breadcrumb"},"inLanguage":"en-US","potentialAction":[{"@type":"ReadAction","target":["https:\/\/faiktunay.com.tr\/faik-tunaydan-imamoglu-yorumu\/"]}]},{"@type":"BreadcrumbList","@id":"https:\/\/faiktunay.com.tr\/faik-tunaydan-imamoglu-yorumu\/#breadcrumb","itemListElement":[{"@type":"ListItem","position":1,"name":"Anasayfa","item":"https:\/\/faiktunay.com.tr\/"},{"@type":"ListItem","position":2,"name":"Faik Tunay\u2019dan \u0130mamo\u011flu Yorumu"}]},{"@type":"WebSite","@id":"https:\/\/faiktunay.com.tr\/#website","url":"https:\/\/faiktunay.com.tr\/","name":"Faik Tunay","description":"","publisher":{"@id":"https:\/\/faiktunay.com.tr\/#\/schema\/person\/c49b0bc68a3e76483795a134219cf7cd"},"potentialAction":[{"@type":"SearchAction","target":{"@type":"EntryPoint","urlTemplate":"https:\/\/faiktunay.com.tr\/?s={search_term_string}"},"query-input":{"@type":"PropertyValueSpecification","valueRequired":true,"valueName":"search_term_string"}}],"inLanguage":"en-US"},{"@type":["Person","Organization"],"@id":"https:\/\/faiktunay.com.tr\/#\/schema\/person\/c49b0bc68a3e76483795a134219cf7cd","name":"Faik Tunay","logo":{"@id":"https:\/\/faiktunay.com.tr\/#\/schema\/person\/image\/"},"sameAs":["https:\/\/faiktunay.com.tr"],"url":"https:\/\/faiktunay.com.tr\/en\/author\/clicodigital\/"}]}},"_links":{"self":[{"href":"https:\/\/faiktunay.com.tr\/en\/wp-json\/wp\/v2\/posts\/836","targetHints":{"allow":["GET"]}}],"collection":[{"href":"https:\/\/faiktunay.com.tr\/en\/wp-json\/wp\/v2\/posts"}],"about":[{"href":"https:\/\/faiktunay.com.tr\/en\/wp-json\/wp\/v2\/types\/post"}],"author":[{"embeddable":true,"href":"https:\/\/faiktunay.com.tr\/en\/wp-json\/wp\/v2\/users\/1"}],"replies":[{"embeddable":true,"href":"https:\/\/faiktunay.com.tr\/en\/wp-json\/wp\/v2\/comments?post=836"}],"version-history":[{"count":0,"href":"https:\/\/faiktunay.com.tr\/en\/wp-json\/wp\/v2\/posts\/836\/revisions"}],"wp:attachment":[{"href":"https:\/\/faiktunay.com.tr\/en\/wp-json\/wp\/v2\/media?parent=836"}],"wp:term":[{"taxonomy":"category","embeddable":true,"href":"https:\/\/faiktunay.com.tr\/en\/wp-json\/wp\/v2\/categories?post=836"},{"taxonomy":"post_tag","embeddable":true,"href":"https:\/\/faiktunay.com.tr\/en\/wp-json\/wp\/v2\/tags?post=836"}],"curies":[{"name":"wp","href":"https:\/\/api.w.org\/{rel}","templated":true}]}}