{"id":841,"date":"2025-08-20T06:33:51","date_gmt":"2025-08-20T06:33:51","guid":{"rendered":"https:\/\/faiktunay.com.tr\/?p=841"},"modified":"2025-08-20T06:33:51","modified_gmt":"2025-08-20T06:33:51","slug":"faik-tunays-noteworthy-comment-on-israel","status":"publish","type":"post","link":"https:\/\/faiktunay.com.tr\/en\/faik-tunays-noteworthy-comment-on-israel\/","title":{"rendered":"Faik Tunay's Remarkable Comment on Israel"},"content":{"rendered":"<p>Tunay, who was a guest on HABER GLOBAL's live broadcast on August 19, 2025, said that anti-Israel and anti-Semitism should not be confused.<\/p>\n\n\n\n<p>Our great-great-grandfather, Bayezid II, welcomed Jews fleeing persecution in 1492 and 1497, and later, during the Republican era, Mustafa Kemal Atat\u00fcrk welcomed Jewish scientists fleeing Nazi persecution into our country, and they accomplished significant work. These lands are everyone's home.<\/p>\n\n\n\n<p>There are, and will continue to be, radical, inhumane politicians like Smotrich in Israel. Condemning them is one thing, fighting them is another, and anti-Semitism is another. We must be very careful about this, he said. The Finance Minister also shared a little-known detail about Smotrich in Turkey.<\/p>","protected":false},"excerpt":{"rendered":"<p>19 A\u011fustos 2025 g\u00fcn\u00fc HABER GLOBAL canl\u0131 yay\u0131n\u0131na konuk olan Tunay, \u0130srail kar\u015f\u0131tl\u0131\u011f\u0131 ile Yahudi kar\u015f\u0131tl\u0131\u011f\u0131 birbirine kar\u0131\u015ft\u0131r\u0131lmamal\u0131d\u0131r dedi. Bizim b\u00fcy\u00fck b\u00fcy\u00fck atam\u0131z II. Beyaz\u0131t 1492 ve 1497 y\u0131llar\u0131nda zul\u00fcmden ka\u00e7an Yahudilere kucak a\u00e7m\u0131\u015f daha sonra Cumhuriyet d\u00f6neminde Mustafa Kemal Atat\u00fcrk Nazi zulm\u00fcnden ka\u00e7an yahudi bilimadamlar\u0131n\u0131 \u00fclkemize alm\u0131\u015f ve \u00e7ok \u00f6nemli i\u015flere imza atm\u0131\u015flar, bu [&hellip;]<\/p>","protected":false},"author":1,"featured_media":0,"comment_status":"closed","ping_status":"closed","sticky":false,"template":"","format":"video","meta":{"footnotes":""},"categories":[16,19],"tags":[53,23,77],"class_list":["post-841","post","type-post","status-publish","format-video","hentry","category-haberler","category-videolar","tag-faiktunay","tag-israil","tag-yahudi","post_format-post-format-video"],"yoast_head":"<!-- This site is optimized with the Yoast SEO plugin v25.7 - https:\/\/yoast.com\/wordpress\/plugins\/seo\/ -->\n<title>Faik Tunay\u2019dan Dikkat \u00c7eken \u0130srail Yorumu - Faik Tunay<\/title>\n<meta name=\"robots\" content=\"index, follow, max-snippet:-1, max-image-preview:large, max-video-preview:-1\" \/>\n<link rel=\"canonical\" href=\"https:\/\/faiktunay.com.tr\/en\/faik-tunays-noteworthy-comment-on-israel\/\" \/>\n<meta property=\"og:locale\" content=\"en_US\" \/>\n<meta property=\"og:type\" content=\"article\" \/>\n<meta property=\"og:title\" content=\"Faik Tunay\u2019dan Dikkat \u00c7eken \u0130srail Yorumu - Faik Tunay\" \/>\n<meta property=\"og:description\" content=\"19 A\u011fustos 2025 g\u00fcn\u00fc HABER GLOBAL canl\u0131 yay\u0131n\u0131na konuk olan Tunay, \u0130srail kar\u015f\u0131tl\u0131\u011f\u0131 ile Yahudi kar\u015f\u0131tl\u0131\u011f\u0131 birbirine kar\u0131\u015ft\u0131r\u0131lmamal\u0131d\u0131r dedi. Bizim b\u00fcy\u00fck b\u00fcy\u00fck atam\u0131z II. Beyaz\u0131t 1492 ve 1497 y\u0131llar\u0131nda zul\u00fcmden ka\u00e7an Yahudilere kucak a\u00e7m\u0131\u015f daha sonra Cumhuriyet d\u00f6neminde Mustafa Kemal Atat\u00fcrk Nazi zulm\u00fcnden ka\u00e7an yahudi bilimadamlar\u0131n\u0131 \u00fclkemize alm\u0131\u015f ve \u00e7ok \u00f6nemli i\u015flere imza atm\u0131\u015flar, bu [&hellip;]\" \/>\n<meta property=\"og:url\" content=\"https:\/\/faiktunay.com.tr\/en\/faik-tunays-noteworthy-comment-on-israel\/\" \/>\n<meta property=\"og:site_name\" content=\"Faik Tunay\" \/>\n<meta property=\"article:published_time\" content=\"2025-08-20T06:33:51+00:00\" \/>\n<meta name=\"author\" content=\"Faik Tunay\" \/>\n<meta name=\"twitter:card\" content=\"summary_large_image\" \/>\n<meta name=\"twitter:label1\" content=\"Written by\" \/>\n\t<meta name=\"twitter:data1\" content=\"Faik Tunay\" \/>\n\t<meta name=\"twitter:label2\" content=\"Est. reading time\" \/>\n\t<meta name=\"twitter:data2\" content=\"1 minute\" \/>\n<script type=\"application\/ld+json\" class=\"yoast-schema-graph\">{\"@context\":\"https:\/\/schema.org\",\"@graph\":[{\"@type\":\"Article\",\"@id\":\"https:\/\/faiktunay.com.tr\/faik-tunaydan-dikkat-ceken-israil-yorumu\/#article\",\"isPartOf\":{\"@id\":\"https:\/\/faiktunay.com.tr\/faik-tunaydan-dikkat-ceken-israil-yorumu\/\"},\"author\":{\"name\":\"Faik Tunay\",\"@id\":\"https:\/\/faiktunay.com.tr\/#\/schema\/person\/c49b0bc68a3e76483795a134219cf7cd\"},\"headline\":\"Faik Tunay\u2019dan Dikkat \u00c7eken \u0130srail Yorumu\",\"datePublished\":\"2025-08-20T06:33:51+00:00\",\"mainEntityOfPage\":{\"@id\":\"https:\/\/faiktunay.com.tr\/faik-tunaydan-dikkat-ceken-israil-yorumu\/\"},\"wordCount\":140,\"publisher\":{\"@id\":\"https:\/\/faiktunay.com.tr\/#\/schema\/person\/c49b0bc68a3e76483795a134219cf7cd\"},\"keywords\":[\"faiktunay\",\"israil\",\"yahudi\"],\"articleSection\":[\"Haberler\",\"Videolar\"],\"inLanguage\":\"en-US\"},{\"@type\":\"WebPage\",\"@id\":\"https:\/\/faiktunay.com.tr\/faik-tunaydan-dikkat-ceken-israil-yorumu\/\",\"url\":\"https:\/\/faiktunay.com.tr\/faik-tunaydan-dikkat-ceken-israil-yorumu\/\",\"name\":\"Faik Tunay\u2019dan Dikkat \u00c7eken \u0130srail Yorumu - Faik Tunay\",\"isPartOf\":{\"@id\":\"https:\/\/faiktunay.com.tr\/#website\"},\"datePublished\":\"2025-08-20T06:33:51+00:00\",\"breadcrumb\":{\"@id\":\"https:\/\/faiktunay.com.tr\/faik-tunaydan-dikkat-ceken-israil-yorumu\/#breadcrumb\"},\"inLanguage\":\"en-US\",\"potentialAction\":[{\"@type\":\"ReadAction\",\"target\":[\"https:\/\/faiktunay.com.tr\/faik-tunaydan-dikkat-ceken-israil-yorumu\/\"]}]},{\"@type\":\"BreadcrumbList\",\"@id\":\"https:\/\/faiktunay.com.tr\/faik-tunaydan-dikkat-ceken-israil-yorumu\/#breadcrumb\",\"itemListElement\":[{\"@type\":\"ListItem\",\"position\":1,\"name\":\"Anasayfa\",\"item\":\"https:\/\/faiktunay.com.tr\/\"},{\"@type\":\"ListItem\",\"position\":2,\"name\":\"Faik Tunay\u2019dan Dikkat \u00c7eken \u0130srail Yorumu\"}]},{\"@type\":\"WebSite\",\"@id\":\"https:\/\/faiktunay.com.tr\/#website\",\"url\":\"https:\/\/faiktunay.com.tr\/\",\"name\":\"Faik Tunay\",\"description\":\"\",\"publisher\":{\"@id\":\"https:\/\/faiktunay.com.tr\/#\/schema\/person\/c49b0bc68a3e76483795a134219cf7cd\"},\"potentialAction\":[{\"@type\":\"SearchAction\",\"target\":{\"@type\":\"EntryPoint\",\"urlTemplate\":\"https:\/\/faiktunay.com.tr\/?s={search_term_string}\"},\"query-input\":{\"@type\":\"PropertyValueSpecification\",\"valueRequired\":true,\"valueName\":\"search_term_string\"}}],\"inLanguage\":\"en-US\"},{\"@type\":[\"Person\",\"Organization\"],\"@id\":\"https:\/\/faiktunay.com.tr\/#\/schema\/person\/c49b0bc68a3e76483795a134219cf7cd\",\"name\":\"Faik Tunay\",\"logo\":{\"@id\":\"https:\/\/faiktunay.com.tr\/#\/schema\/person\/image\/\"},\"sameAs\":[\"https:\/\/faiktunay.com.tr\"],\"url\":\"https:\/\/faiktunay.com.tr\/en\/author\/clicodigital\/\"}]}<\/script>\n<!-- \/ Yoast SEO plugin. -->","yoast_head_json":{"title":"Faik Tunay's Remarkable Comment on Israel","robots":{"index":"index","follow":"follow","max-snippet":"max-snippet:-1","max-image-preview":"max-image-preview:large","max-video-preview":"max-video-preview:-1"},"canonical":"https:\/\/faiktunay.com.tr\/en\/faik-tunays-noteworthy-comment-on-israel\/","og_locale":"en_US","og_type":"article","og_title":"Faik Tunay\u2019dan Dikkat \u00c7eken \u0130srail Yorumu - Faik Tunay","og_description":"19 A\u011fustos 2025 g\u00fcn\u00fc HABER GLOBAL canl\u0131 yay\u0131n\u0131na konuk olan Tunay, \u0130srail kar\u015f\u0131tl\u0131\u011f\u0131 ile Yahudi kar\u015f\u0131tl\u0131\u011f\u0131 birbirine kar\u0131\u015ft\u0131r\u0131lmamal\u0131d\u0131r dedi. Bizim b\u00fcy\u00fck b\u00fcy\u00fck atam\u0131z II. Beyaz\u0131t 1492 ve 1497 y\u0131llar\u0131nda zul\u00fcmden ka\u00e7an Yahudilere kucak a\u00e7m\u0131\u015f daha sonra Cumhuriyet d\u00f6neminde Mustafa Kemal Atat\u00fcrk Nazi zulm\u00fcnden ka\u00e7an yahudi bilimadamlar\u0131n\u0131 \u00fclkemize alm\u0131\u015f ve \u00e7ok \u00f6nemli i\u015flere imza atm\u0131\u015flar, bu [&hellip;]","og_url":"https:\/\/faiktunay.com.tr\/en\/faik-tunays-noteworthy-comment-on-israel\/","og_site_name":"Faik Tunay","article_published_time":"2025-08-20T06:33:51+00:00","author":"Faik Tunay","twitter_card":"summary_large_image","twitter_misc":{"Written by":"Faik Tunay","Est. reading time":"1 minute"},"schema":{"@context":"https:\/\/schema.org","@graph":[{"@type":"Article","@id":"https:\/\/faiktunay.com.tr\/faik-tunaydan-dikkat-ceken-israil-yorumu\/#article","isPartOf":{"@id":"https:\/\/faiktunay.com.tr\/faik-tunaydan-dikkat-ceken-israil-yorumu\/"},"author":{"name":"Faik Tunay","@id":"https:\/\/faiktunay.com.tr\/#\/schema\/person\/c49b0bc68a3e76483795a134219cf7cd"},"headline":"Faik Tunay\u2019dan Dikkat \u00c7eken \u0130srail Yorumu","datePublished":"2025-08-20T06:33:51+00:00","mainEntityOfPage":{"@id":"https:\/\/faiktunay.com.tr\/faik-tunaydan-dikkat-ceken-israil-yorumu\/"},"wordCount":140,"publisher":{"@id":"https:\/\/faiktunay.com.tr\/#\/schema\/person\/c49b0bc68a3e76483795a134219cf7cd"},"keywords":["faiktunay","israil","yahudi"],"articleSection":["Haberler","Videolar"],"inLanguage":"en-US"},{"@type":"WebPage","@id":"https:\/\/faiktunay.com.tr\/faik-tunaydan-dikkat-ceken-israil-yorumu\/","url":"https:\/\/faiktunay.com.tr\/faik-tunaydan-dikkat-ceken-israil-yorumu\/","name":"Faik Tunay's Remarkable Comment on Israel","isPartOf":{"@id":"https:\/\/faiktunay.com.tr\/#website"},"datePublished":"2025-08-20T06:33:51+00:00","breadcrumb":{"@id":"https:\/\/faiktunay.com.tr\/faik-tunaydan-dikkat-ceken-israil-yorumu\/#breadcrumb"},"inLanguage":"en-US","potentialAction":[{"@type":"ReadAction","target":["https:\/\/faiktunay.com.tr\/faik-tunaydan-dikkat-ceken-israil-yorumu\/"]}]},{"@type":"BreadcrumbList","@id":"https:\/\/faiktunay.com.tr\/faik-tunaydan-dikkat-ceken-israil-yorumu\/#breadcrumb","itemListElement":[{"@type":"ListItem","position":1,"name":"Anasayfa","item":"https:\/\/faiktunay.com.tr\/"},{"@type":"ListItem","position":2,"name":"Faik Tunay\u2019dan Dikkat \u00c7eken \u0130srail Yorumu"}]},{"@type":"WebSite","@id":"https:\/\/faiktunay.com.tr\/#website","url":"https:\/\/faiktunay.com.tr\/","name":"Faik Tunay","description":"","publisher":{"@id":"https:\/\/faiktunay.com.tr\/#\/schema\/person\/c49b0bc68a3e76483795a134219cf7cd"},"potentialAction":[{"@type":"SearchAction","target":{"@type":"EntryPoint","urlTemplate":"https:\/\/faiktunay.com.tr\/?s={search_term_string}"},"query-input":{"@type":"PropertyValueSpecification","valueRequired":true,"valueName":"search_term_string"}}],"inLanguage":"en-US"},{"@type":["Person","Organization"],"@id":"https:\/\/faiktunay.com.tr\/#\/schema\/person\/c49b0bc68a3e76483795a134219cf7cd","name":"Faik Tunay","logo":{"@id":"https:\/\/faiktunay.com.tr\/#\/schema\/person\/image\/"},"sameAs":["https:\/\/faiktunay.com.tr"],"url":"https:\/\/faiktunay.com.tr\/en\/author\/clicodigital\/"}]}},"_links":{"self":[{"href":"https:\/\/faiktunay.com.tr\/en\/wp-json\/wp\/v2\/posts\/841","targetHints":{"allow":["GET"]}}],"collection":[{"href":"https:\/\/faiktunay.com.tr\/en\/wp-json\/wp\/v2\/posts"}],"about":[{"href":"https:\/\/faiktunay.com.tr\/en\/wp-json\/wp\/v2\/types\/post"}],"author":[{"embeddable":true,"href":"https:\/\/faiktunay.com.tr\/en\/wp-json\/wp\/v2\/users\/1"}],"replies":[{"embeddable":true,"href":"https:\/\/faiktunay.com.tr\/en\/wp-json\/wp\/v2\/comments?post=841"}],"version-history":[{"count":0,"href":"https:\/\/faiktunay.com.tr\/en\/wp-json\/wp\/v2\/posts\/841\/revisions"}],"wp:attachment":[{"href":"https:\/\/faiktunay.com.tr\/en\/wp-json\/wp\/v2\/media?parent=841"}],"wp:term":[{"taxonomy":"category","embeddable":true,"href":"https:\/\/faiktunay.com.tr\/en\/wp-json\/wp\/v2\/categories?post=841"},{"taxonomy":"post_tag","embeddable":true,"href":"https:\/\/faiktunay.com.tr\/en\/wp-json\/wp\/v2\/tags?post=841"}],"curies":[{"name":"wp","href":"https:\/\/api.w.org\/{rel}","templated":true}]}}