{"id":850,"date":"2025-11-07T21:15:27","date_gmt":"2025-11-07T21:15:27","guid":{"rendered":"https:\/\/faiktunay.com.tr\/?p=850"},"modified":"2025-11-07T21:15:28","modified_gmt":"2025-11-07T21:15:28","slug":"faik-tunaydan-suriye-cikisi","status":"publish","type":"post","link":"https:\/\/faiktunay.com.tr\/en\/faik-tunaydan-suriye-cikisi\/","title":{"rendered":"Faik Tunay's Exit to Syria"},"content":{"rendered":"<p class=\"translation-block\">Tunay, who participated in a live Haberglobal broadcast on November 7, 2025, said, \"I'm afraid we won't be the ultimate winners in Syria. If Ahmet Al Shara, who was wanted as a terrorist and had a $10 million price tag on his head just a year ago, is being hosted at the White House today, there will be a price to pay.\" He commented, \"I'm afraid this price will be against T\u00fcrkiye.\"<\/p>","protected":false},"excerpt":{"rendered":"<p class=\"translation-block\">Tunay, who participated in a live Haberglobal broadcast on November 7, 2025, said, \"I'm afraid we won't be the ultimate winners in Syria. If Ahmet Al Shara, who was wanted as a terrorist and had a $10 million price tag on his head just a year ago, is being hosted at the White House today, there will be a price to pay.\" He commented, \"I'm afraid this price will be against T\u00fcrkiye.\"<\/p>","protected":false},"author":1,"featured_media":0,"comment_status":"closed","ping_status":"closed","sticky":false,"template":"","format":"video","meta":{"footnotes":""},"categories":[16,19],"tags":[53,78,55],"class_list":["post-850","post","type-post","status-publish","format-video","hentry","category-haberler","category-videolar","tag-faiktunay","tag-sara","tag-suriye","post_format-post-format-video"],"yoast_head":"<!-- This site is optimized with the Yoast SEO plugin v25.7 - https:\/\/yoast.com\/wordpress\/plugins\/seo\/ -->\n<title>Faik Tunay\u2019dan Suriye \u00c7\u0131k\u0131\u015f\u0131 - Faik Tunay<\/title>\n<meta name=\"robots\" content=\"index, follow, max-snippet:-1, max-image-preview:large, max-video-preview:-1\" \/>\n<link rel=\"canonical\" href=\"https:\/\/faiktunay.com.tr\/en\/faik-tunaydan-suriye-cikisi\/\" \/>\n<meta property=\"og:locale\" content=\"en_US\" \/>\n<meta property=\"og:type\" content=\"article\" \/>\n<meta property=\"og:title\" content=\"Faik Tunay\u2019dan Suriye \u00c7\u0131k\u0131\u015f\u0131 - Faik Tunay\" \/>\n<meta property=\"og:description\" content=\"7 Kas\u0131m 2025 tarihinde Haberglobal canl\u0131 yay\u0131n\u0131na kat\u0131lan Tunay, korkar\u0131m Suriye\u2019de nihai kazanan olmayaca\u011f\u0131z , daha ba\u015f\u0131na bir sene \u00f6nce 10 milyon dolar konulan ve ter\u00f6rist olarak aranan Ahmet El \u015eara bug\u00fcn Beyaz Saray\u2019da a\u011f\u0131rlan\u0131yorsa bunun bir bedeli olacakt\u0131r diye konu\u015ftu .Bu \u00f6denecek bedel de korkar\u0131m T\u00fcrkiye aleyhine olacakt\u0131r diye yorum yapt\u0131\" \/>\n<meta property=\"og:url\" content=\"https:\/\/faiktunay.com.tr\/en\/faik-tunaydan-suriye-cikisi\/\" \/>\n<meta property=\"og:site_name\" content=\"Faik Tunay\" \/>\n<meta property=\"article:published_time\" content=\"2025-11-07T21:15:27+00:00\" \/>\n<meta property=\"article:modified_time\" content=\"2025-11-07T21:15:28+00:00\" \/>\n<meta name=\"author\" content=\"Faik Tunay\" \/>\n<meta name=\"twitter:card\" content=\"summary_large_image\" \/>\n<meta name=\"twitter:label1\" content=\"Written by\" \/>\n\t<meta name=\"twitter:data1\" content=\"Faik Tunay\" \/>\n\t<meta name=\"twitter:label2\" content=\"Est. reading time\" \/>\n\t<meta name=\"twitter:data2\" content=\"1 minute\" \/>\n<script type=\"application\/ld+json\" class=\"yoast-schema-graph\">{\"@context\":\"https:\/\/schema.org\",\"@graph\":[{\"@type\":\"Article\",\"@id\":\"https:\/\/faiktunay.com.tr\/faik-tunaydan-suriye-cikisi\/#article\",\"isPartOf\":{\"@id\":\"https:\/\/faiktunay.com.tr\/faik-tunaydan-suriye-cikisi\/\"},\"author\":{\"name\":\"Faik Tunay\",\"@id\":\"https:\/\/faiktunay.com.tr\/#\/schema\/person\/c49b0bc68a3e76483795a134219cf7cd\"},\"headline\":\"Faik Tunay\u2019dan Suriye \u00c7\u0131k\u0131\u015f\u0131\",\"datePublished\":\"2025-11-07T21:15:27+00:00\",\"dateModified\":\"2025-11-07T21:15:28+00:00\",\"mainEntityOfPage\":{\"@id\":\"https:\/\/faiktunay.com.tr\/faik-tunaydan-suriye-cikisi\/\"},\"wordCount\":71,\"publisher\":{\"@id\":\"https:\/\/faiktunay.com.tr\/#\/schema\/person\/c49b0bc68a3e76483795a134219cf7cd\"},\"keywords\":[\"faiktunay\",\"\u015fara\",\"suriye\"],\"articleSection\":[\"Haberler\",\"Videolar\"],\"inLanguage\":\"en-US\"},{\"@type\":\"WebPage\",\"@id\":\"https:\/\/faiktunay.com.tr\/faik-tunaydan-suriye-cikisi\/\",\"url\":\"https:\/\/faiktunay.com.tr\/faik-tunaydan-suriye-cikisi\/\",\"name\":\"Faik Tunay\u2019dan Suriye \u00c7\u0131k\u0131\u015f\u0131 - Faik Tunay\",\"isPartOf\":{\"@id\":\"https:\/\/faiktunay.com.tr\/#website\"},\"datePublished\":\"2025-11-07T21:15:27+00:00\",\"dateModified\":\"2025-11-07T21:15:28+00:00\",\"breadcrumb\":{\"@id\":\"https:\/\/faiktunay.com.tr\/faik-tunaydan-suriye-cikisi\/#breadcrumb\"},\"inLanguage\":\"en-US\",\"potentialAction\":[{\"@type\":\"ReadAction\",\"target\":[\"https:\/\/faiktunay.com.tr\/faik-tunaydan-suriye-cikisi\/\"]}]},{\"@type\":\"BreadcrumbList\",\"@id\":\"https:\/\/faiktunay.com.tr\/faik-tunaydan-suriye-cikisi\/#breadcrumb\",\"itemListElement\":[{\"@type\":\"ListItem\",\"position\":1,\"name\":\"Anasayfa\",\"item\":\"https:\/\/faiktunay.com.tr\/\"},{\"@type\":\"ListItem\",\"position\":2,\"name\":\"Faik Tunay\u2019dan Suriye \u00c7\u0131k\u0131\u015f\u0131\"}]},{\"@type\":\"WebSite\",\"@id\":\"https:\/\/faiktunay.com.tr\/#website\",\"url\":\"https:\/\/faiktunay.com.tr\/\",\"name\":\"Faik Tunay\",\"description\":\"\",\"publisher\":{\"@id\":\"https:\/\/faiktunay.com.tr\/#\/schema\/person\/c49b0bc68a3e76483795a134219cf7cd\"},\"potentialAction\":[{\"@type\":\"SearchAction\",\"target\":{\"@type\":\"EntryPoint\",\"urlTemplate\":\"https:\/\/faiktunay.com.tr\/?s={search_term_string}\"},\"query-input\":{\"@type\":\"PropertyValueSpecification\",\"valueRequired\":true,\"valueName\":\"search_term_string\"}}],\"inLanguage\":\"en-US\"},{\"@type\":[\"Person\",\"Organization\"],\"@id\":\"https:\/\/faiktunay.com.tr\/#\/schema\/person\/c49b0bc68a3e76483795a134219cf7cd\",\"name\":\"Faik Tunay\",\"logo\":{\"@id\":\"https:\/\/faiktunay.com.tr\/#\/schema\/person\/image\/\"},\"sameAs\":[\"https:\/\/faiktunay.com.tr\"],\"url\":\"https:\/\/faiktunay.com.tr\/en\/author\/clicodigital\/\"}]}<\/script>\n<!-- \/ Yoast SEO plugin. -->","yoast_head_json":{"title":"Faik Tunay\u2019dan Suriye \u00c7\u0131k\u0131\u015f\u0131 - Faik Tunay","robots":{"index":"index","follow":"follow","max-snippet":"max-snippet:-1","max-image-preview":"max-image-preview:large","max-video-preview":"max-video-preview:-1"},"canonical":"https:\/\/faiktunay.com.tr\/en\/faik-tunaydan-suriye-cikisi\/","og_locale":"en_US","og_type":"article","og_title":"Faik Tunay\u2019dan Suriye \u00c7\u0131k\u0131\u015f\u0131 - Faik Tunay","og_description":"7 Kas\u0131m 2025 tarihinde Haberglobal canl\u0131 yay\u0131n\u0131na kat\u0131lan Tunay, korkar\u0131m Suriye\u2019de nihai kazanan olmayaca\u011f\u0131z , daha ba\u015f\u0131na bir sene \u00f6nce 10 milyon dolar konulan ve ter\u00f6rist olarak aranan Ahmet El \u015eara bug\u00fcn Beyaz Saray\u2019da a\u011f\u0131rlan\u0131yorsa bunun bir bedeli olacakt\u0131r diye konu\u015ftu .Bu \u00f6denecek bedel de korkar\u0131m T\u00fcrkiye aleyhine olacakt\u0131r diye yorum yapt\u0131","og_url":"https:\/\/faiktunay.com.tr\/en\/faik-tunaydan-suriye-cikisi\/","og_site_name":"Faik Tunay","article_published_time":"2025-11-07T21:15:27+00:00","article_modified_time":"2025-11-07T21:15:28+00:00","author":"Faik Tunay","twitter_card":"summary_large_image","twitter_misc":{"Written by":"Faik Tunay","Est. reading time":"1 minute"},"schema":{"@context":"https:\/\/schema.org","@graph":[{"@type":"Article","@id":"https:\/\/faiktunay.com.tr\/faik-tunaydan-suriye-cikisi\/#article","isPartOf":{"@id":"https:\/\/faiktunay.com.tr\/faik-tunaydan-suriye-cikisi\/"},"author":{"name":"Faik Tunay","@id":"https:\/\/faiktunay.com.tr\/#\/schema\/person\/c49b0bc68a3e76483795a134219cf7cd"},"headline":"Faik Tunay\u2019dan Suriye \u00c7\u0131k\u0131\u015f\u0131","datePublished":"2025-11-07T21:15:27+00:00","dateModified":"2025-11-07T21:15:28+00:00","mainEntityOfPage":{"@id":"https:\/\/faiktunay.com.tr\/faik-tunaydan-suriye-cikisi\/"},"wordCount":71,"publisher":{"@id":"https:\/\/faiktunay.com.tr\/#\/schema\/person\/c49b0bc68a3e76483795a134219cf7cd"},"keywords":["faiktunay","\u015fara","suriye"],"articleSection":["Haberler","Videolar"],"inLanguage":"en-US"},{"@type":"WebPage","@id":"https:\/\/faiktunay.com.tr\/faik-tunaydan-suriye-cikisi\/","url":"https:\/\/faiktunay.com.tr\/faik-tunaydan-suriye-cikisi\/","name":"Faik Tunay\u2019dan Suriye \u00c7\u0131k\u0131\u015f\u0131 - Faik Tunay","isPartOf":{"@id":"https:\/\/faiktunay.com.tr\/#website"},"datePublished":"2025-11-07T21:15:27+00:00","dateModified":"2025-11-07T21:15:28+00:00","breadcrumb":{"@id":"https:\/\/faiktunay.com.tr\/faik-tunaydan-suriye-cikisi\/#breadcrumb"},"inLanguage":"en-US","potentialAction":[{"@type":"ReadAction","target":["https:\/\/faiktunay.com.tr\/faik-tunaydan-suriye-cikisi\/"]}]},{"@type":"BreadcrumbList","@id":"https:\/\/faiktunay.com.tr\/faik-tunaydan-suriye-cikisi\/#breadcrumb","itemListElement":[{"@type":"ListItem","position":1,"name":"Anasayfa","item":"https:\/\/faiktunay.com.tr\/"},{"@type":"ListItem","position":2,"name":"Faik Tunay\u2019dan Suriye \u00c7\u0131k\u0131\u015f\u0131"}]},{"@type":"WebSite","@id":"https:\/\/faiktunay.com.tr\/#website","url":"https:\/\/faiktunay.com.tr\/","name":"Faik Tunay","description":"","publisher":{"@id":"https:\/\/faiktunay.com.tr\/#\/schema\/person\/c49b0bc68a3e76483795a134219cf7cd"},"potentialAction":[{"@type":"SearchAction","target":{"@type":"EntryPoint","urlTemplate":"https:\/\/faiktunay.com.tr\/?s={search_term_string}"},"query-input":{"@type":"PropertyValueSpecification","valueRequired":true,"valueName":"search_term_string"}}],"inLanguage":"en-US"},{"@type":["Person","Organization"],"@id":"https:\/\/faiktunay.com.tr\/#\/schema\/person\/c49b0bc68a3e76483795a134219cf7cd","name":"Faik Tunay","logo":{"@id":"https:\/\/faiktunay.com.tr\/#\/schema\/person\/image\/"},"sameAs":["https:\/\/faiktunay.com.tr"],"url":"https:\/\/faiktunay.com.tr\/en\/author\/clicodigital\/"}]}},"_links":{"self":[{"href":"https:\/\/faiktunay.com.tr\/en\/wp-json\/wp\/v2\/posts\/850","targetHints":{"allow":["GET"]}}],"collection":[{"href":"https:\/\/faiktunay.com.tr\/en\/wp-json\/wp\/v2\/posts"}],"about":[{"href":"https:\/\/faiktunay.com.tr\/en\/wp-json\/wp\/v2\/types\/post"}],"author":[{"embeddable":true,"href":"https:\/\/faiktunay.com.tr\/en\/wp-json\/wp\/v2\/users\/1"}],"replies":[{"embeddable":true,"href":"https:\/\/faiktunay.com.tr\/en\/wp-json\/wp\/v2\/comments?post=850"}],"version-history":[{"count":0,"href":"https:\/\/faiktunay.com.tr\/en\/wp-json\/wp\/v2\/posts\/850\/revisions"}],"wp:attachment":[{"href":"https:\/\/faiktunay.com.tr\/en\/wp-json\/wp\/v2\/media?parent=850"}],"wp:term":[{"taxonomy":"category","embeddable":true,"href":"https:\/\/faiktunay.com.tr\/en\/wp-json\/wp\/v2\/categories?post=850"},{"taxonomy":"post_tag","embeddable":true,"href":"https:\/\/faiktunay.com.tr\/en\/wp-json\/wp\/v2\/tags?post=850"}],"curies":[{"name":"wp","href":"https:\/\/api.w.org\/{rel}","templated":true}]}}