{"id":857,"date":"2025-12-08T15:04:07","date_gmt":"2025-12-08T15:04:07","guid":{"rendered":"https:\/\/faiktunay.com.tr\/?p=857"},"modified":"2025-12-08T15:04:09","modified_gmt":"2025-12-08T15:04:09","slug":"faik-tunaydan-kurt-sorunu-cikisi","status":"publish","type":"post","link":"https:\/\/faiktunay.com.tr\/en\/faik-tunaydan-kurt-sorunu-cikisi\/","title":{"rendered":"Faik Tunay's Statement on the Kurdish Issue!"},"content":{"rendered":"<p>Tunay participated in the TGRT NEWS live broadcast on December 7, 2025 and spoke about the process.<\/p>\n\n\n\n<p>Was there a Kurdish problem in this country? Of course there was, there's no need to hide it, but during the time of the AK Party, which I criticize the most, very radical steps were taken and progress was made. What more is wanted? he asked.<\/p>\n\n\n\n<p>He said, \"Today, the best places in nightlife, venues and holiday resorts belong to Kurds. How nice, there is no need for discrimination. I have difficulty understanding how Kurds are victims.\"<\/p>\n\n\n\n<p>Tunay said that democratization steps should continue, but education in the mother tongue and autonomy are not possible, and added that the Turkish problem should not arise while solving the Kurdish problem.<\/p>","protected":false},"excerpt":{"rendered":"<p>7 Aral\u0131k 2025 tarihinde TGRT HABER canl\u0131 yay\u0131n\u0131na kat\u0131lan Tunay s\u00fcrece dair konu\u015ftu. Bu \u00fclkede K\u00fcrt sorunu var m\u0131yd\u0131 ? Elbette vard\u0131 saklamaya gerek yok ama en \u00e7ok ele\u015ftirdi\u011fim AK PART\u0130 zaman\u0131nda \u00e7ok radikal ad\u0131mlar at\u0131ld\u0131 ,ilerlemeler sa\u011fland\u0131 , daha ne isteniyor ? Diye sordu. Bug\u00fcn gece hayat\u0131nda, mekanlarda , tatil yerlerinde en kaymakl\u0131 yerler [&hellip;]<\/p>","protected":false},"author":1,"featured_media":0,"comment_status":"closed","ping_status":"closed","sticky":false,"template":"","format":"video","meta":{"footnotes":""},"categories":[16,19],"tags":[91,89],"class_list":["post-857","post","type-post","status-publish","format-video","hentry","category-haberler","category-videolar","tag-demirtas","tag-kurt","post_format-post-format-video"],"yoast_head":"<!-- This site is optimized with the Yoast SEO plugin v25.7 - https:\/\/yoast.com\/wordpress\/plugins\/seo\/ -->\n<title>Faik Tunay\u2019dan K\u00fcrt Sorunu \u00c7\u0131k\u0131\u015f\u0131! - Faik Tunay<\/title>\n<meta name=\"robots\" content=\"index, follow, max-snippet:-1, max-image-preview:large, max-video-preview:-1\" \/>\n<link rel=\"canonical\" href=\"https:\/\/faiktunay.com.tr\/en\/faik-tunaydan-kurt-sorunu-cikisi\/\" \/>\n<meta property=\"og:locale\" content=\"en_US\" \/>\n<meta property=\"og:type\" content=\"article\" \/>\n<meta property=\"og:title\" content=\"Faik Tunay\u2019dan K\u00fcrt Sorunu \u00c7\u0131k\u0131\u015f\u0131! - Faik Tunay\" \/>\n<meta property=\"og:description\" content=\"7 Aral\u0131k 2025 tarihinde TGRT HABER canl\u0131 yay\u0131n\u0131na kat\u0131lan Tunay s\u00fcrece dair konu\u015ftu. Bu \u00fclkede K\u00fcrt sorunu var m\u0131yd\u0131 ? Elbette vard\u0131 saklamaya gerek yok ama en \u00e7ok ele\u015ftirdi\u011fim AK PART\u0130 zaman\u0131nda \u00e7ok radikal ad\u0131mlar at\u0131ld\u0131 ,ilerlemeler sa\u011fland\u0131 , daha ne isteniyor ? Diye sordu. Bug\u00fcn gece hayat\u0131nda, mekanlarda , tatil yerlerinde en kaymakl\u0131 yerler [&hellip;]\" \/>\n<meta property=\"og:url\" content=\"https:\/\/faiktunay.com.tr\/en\/faik-tunaydan-kurt-sorunu-cikisi\/\" \/>\n<meta property=\"og:site_name\" content=\"Faik Tunay\" \/>\n<meta property=\"article:published_time\" content=\"2025-12-08T15:04:07+00:00\" \/>\n<meta property=\"article:modified_time\" content=\"2025-12-08T15:04:09+00:00\" \/>\n<meta name=\"author\" content=\"Faik Tunay\" \/>\n<meta name=\"twitter:card\" content=\"summary_large_image\" \/>\n<meta name=\"twitter:label1\" content=\"Written by\" \/>\n\t<meta name=\"twitter:data1\" content=\"Faik Tunay\" \/>\n\t<meta name=\"twitter:label2\" content=\"Est. reading time\" \/>\n\t<meta name=\"twitter:data2\" content=\"1 minute\" \/>\n<script type=\"application\/ld+json\" class=\"yoast-schema-graph\">{\"@context\":\"https:\/\/schema.org\",\"@graph\":[{\"@type\":\"Article\",\"@id\":\"https:\/\/faiktunay.com.tr\/faik-tunaydan-kurt-sorunu-cikisi\/#article\",\"isPartOf\":{\"@id\":\"https:\/\/faiktunay.com.tr\/faik-tunaydan-kurt-sorunu-cikisi\/\"},\"author\":{\"name\":\"Faik Tunay\",\"@id\":\"https:\/\/faiktunay.com.tr\/#\/schema\/person\/c49b0bc68a3e76483795a134219cf7cd\"},\"headline\":\"Faik Tunay\u2019dan K\u00fcrt Sorunu \u00c7\u0131k\u0131\u015f\u0131!\",\"datePublished\":\"2025-12-08T15:04:07+00:00\",\"dateModified\":\"2025-12-08T15:04:09+00:00\",\"mainEntityOfPage\":{\"@id\":\"https:\/\/faiktunay.com.tr\/faik-tunaydan-kurt-sorunu-cikisi\/\"},\"wordCount\":121,\"publisher\":{\"@id\":\"https:\/\/faiktunay.com.tr\/#\/schema\/person\/c49b0bc68a3e76483795a134219cf7cd\"},\"keywords\":[\"demirta\u015f\",\"k\u00fcrt\"],\"articleSection\":[\"Haberler\",\"Videolar\"],\"inLanguage\":\"en-US\"},{\"@type\":\"WebPage\",\"@id\":\"https:\/\/faiktunay.com.tr\/faik-tunaydan-kurt-sorunu-cikisi\/\",\"url\":\"https:\/\/faiktunay.com.tr\/faik-tunaydan-kurt-sorunu-cikisi\/\",\"name\":\"Faik Tunay\u2019dan K\u00fcrt Sorunu \u00c7\u0131k\u0131\u015f\u0131! - Faik Tunay\",\"isPartOf\":{\"@id\":\"https:\/\/faiktunay.com.tr\/#website\"},\"datePublished\":\"2025-12-08T15:04:07+00:00\",\"dateModified\":\"2025-12-08T15:04:09+00:00\",\"breadcrumb\":{\"@id\":\"https:\/\/faiktunay.com.tr\/faik-tunaydan-kurt-sorunu-cikisi\/#breadcrumb\"},\"inLanguage\":\"en-US\",\"potentialAction\":[{\"@type\":\"ReadAction\",\"target\":[\"https:\/\/faiktunay.com.tr\/faik-tunaydan-kurt-sorunu-cikisi\/\"]}]},{\"@type\":\"BreadcrumbList\",\"@id\":\"https:\/\/faiktunay.com.tr\/faik-tunaydan-kurt-sorunu-cikisi\/#breadcrumb\",\"itemListElement\":[{\"@type\":\"ListItem\",\"position\":1,\"name\":\"Anasayfa\",\"item\":\"https:\/\/faiktunay.com.tr\/\"},{\"@type\":\"ListItem\",\"position\":2,\"name\":\"Faik Tunay\u2019dan K\u00fcrt Sorunu \u00c7\u0131k\u0131\u015f\u0131!\"}]},{\"@type\":\"WebSite\",\"@id\":\"https:\/\/faiktunay.com.tr\/#website\",\"url\":\"https:\/\/faiktunay.com.tr\/\",\"name\":\"Faik Tunay\",\"description\":\"\",\"publisher\":{\"@id\":\"https:\/\/faiktunay.com.tr\/#\/schema\/person\/c49b0bc68a3e76483795a134219cf7cd\"},\"potentialAction\":[{\"@type\":\"SearchAction\",\"target\":{\"@type\":\"EntryPoint\",\"urlTemplate\":\"https:\/\/faiktunay.com.tr\/?s={search_term_string}\"},\"query-input\":{\"@type\":\"PropertyValueSpecification\",\"valueRequired\":true,\"valueName\":\"search_term_string\"}}],\"inLanguage\":\"en-US\"},{\"@type\":[\"Person\",\"Organization\"],\"@id\":\"https:\/\/faiktunay.com.tr\/#\/schema\/person\/c49b0bc68a3e76483795a134219cf7cd\",\"name\":\"Faik Tunay\",\"logo\":{\"@id\":\"https:\/\/faiktunay.com.tr\/#\/schema\/person\/image\/\"},\"sameAs\":[\"https:\/\/faiktunay.com.tr\"],\"url\":\"https:\/\/faiktunay.com.tr\/en\/author\/clicodigital\/\"}]}<\/script>\n<!-- \/ Yoast SEO plugin. -->","yoast_head_json":{"title":"Faik Tunay\u2019dan K\u00fcrt Sorunu \u00c7\u0131k\u0131\u015f\u0131! - Faik Tunay","robots":{"index":"index","follow":"follow","max-snippet":"max-snippet:-1","max-image-preview":"max-image-preview:large","max-video-preview":"max-video-preview:-1"},"canonical":"https:\/\/faiktunay.com.tr\/en\/faik-tunaydan-kurt-sorunu-cikisi\/","og_locale":"en_US","og_type":"article","og_title":"Faik Tunay\u2019dan K\u00fcrt Sorunu \u00c7\u0131k\u0131\u015f\u0131! - Faik Tunay","og_description":"7 Aral\u0131k 2025 tarihinde TGRT HABER canl\u0131 yay\u0131n\u0131na kat\u0131lan Tunay s\u00fcrece dair konu\u015ftu. Bu \u00fclkede K\u00fcrt sorunu var m\u0131yd\u0131 ? Elbette vard\u0131 saklamaya gerek yok ama en \u00e7ok ele\u015ftirdi\u011fim AK PART\u0130 zaman\u0131nda \u00e7ok radikal ad\u0131mlar at\u0131ld\u0131 ,ilerlemeler sa\u011fland\u0131 , daha ne isteniyor ? Diye sordu. Bug\u00fcn gece hayat\u0131nda, mekanlarda , tatil yerlerinde en kaymakl\u0131 yerler [&hellip;]","og_url":"https:\/\/faiktunay.com.tr\/en\/faik-tunaydan-kurt-sorunu-cikisi\/","og_site_name":"Faik Tunay","article_published_time":"2025-12-08T15:04:07+00:00","article_modified_time":"2025-12-08T15:04:09+00:00","author":"Faik Tunay","twitter_card":"summary_large_image","twitter_misc":{"Written by":"Faik Tunay","Est. reading time":"1 minute"},"schema":{"@context":"https:\/\/schema.org","@graph":[{"@type":"Article","@id":"https:\/\/faiktunay.com.tr\/faik-tunaydan-kurt-sorunu-cikisi\/#article","isPartOf":{"@id":"https:\/\/faiktunay.com.tr\/faik-tunaydan-kurt-sorunu-cikisi\/"},"author":{"name":"Faik Tunay","@id":"https:\/\/faiktunay.com.tr\/#\/schema\/person\/c49b0bc68a3e76483795a134219cf7cd"},"headline":"Faik Tunay\u2019dan K\u00fcrt Sorunu \u00c7\u0131k\u0131\u015f\u0131!","datePublished":"2025-12-08T15:04:07+00:00","dateModified":"2025-12-08T15:04:09+00:00","mainEntityOfPage":{"@id":"https:\/\/faiktunay.com.tr\/faik-tunaydan-kurt-sorunu-cikisi\/"},"wordCount":121,"publisher":{"@id":"https:\/\/faiktunay.com.tr\/#\/schema\/person\/c49b0bc68a3e76483795a134219cf7cd"},"keywords":["demirta\u015f","k\u00fcrt"],"articleSection":["Haberler","Videolar"],"inLanguage":"en-US"},{"@type":"WebPage","@id":"https:\/\/faiktunay.com.tr\/faik-tunaydan-kurt-sorunu-cikisi\/","url":"https:\/\/faiktunay.com.tr\/faik-tunaydan-kurt-sorunu-cikisi\/","name":"Faik Tunay\u2019dan K\u00fcrt Sorunu \u00c7\u0131k\u0131\u015f\u0131! - Faik Tunay","isPartOf":{"@id":"https:\/\/faiktunay.com.tr\/#website"},"datePublished":"2025-12-08T15:04:07+00:00","dateModified":"2025-12-08T15:04:09+00:00","breadcrumb":{"@id":"https:\/\/faiktunay.com.tr\/faik-tunaydan-kurt-sorunu-cikisi\/#breadcrumb"},"inLanguage":"en-US","potentialAction":[{"@type":"ReadAction","target":["https:\/\/faiktunay.com.tr\/faik-tunaydan-kurt-sorunu-cikisi\/"]}]},{"@type":"BreadcrumbList","@id":"https:\/\/faiktunay.com.tr\/faik-tunaydan-kurt-sorunu-cikisi\/#breadcrumb","itemListElement":[{"@type":"ListItem","position":1,"name":"Anasayfa","item":"https:\/\/faiktunay.com.tr\/"},{"@type":"ListItem","position":2,"name":"Faik Tunay\u2019dan K\u00fcrt Sorunu \u00c7\u0131k\u0131\u015f\u0131!"}]},{"@type":"WebSite","@id":"https:\/\/faiktunay.com.tr\/#website","url":"https:\/\/faiktunay.com.tr\/","name":"Faik Tunay","description":"","publisher":{"@id":"https:\/\/faiktunay.com.tr\/#\/schema\/person\/c49b0bc68a3e76483795a134219cf7cd"},"potentialAction":[{"@type":"SearchAction","target":{"@type":"EntryPoint","urlTemplate":"https:\/\/faiktunay.com.tr\/?s={search_term_string}"},"query-input":{"@type":"PropertyValueSpecification","valueRequired":true,"valueName":"search_term_string"}}],"inLanguage":"en-US"},{"@type":["Person","Organization"],"@id":"https:\/\/faiktunay.com.tr\/#\/schema\/person\/c49b0bc68a3e76483795a134219cf7cd","name":"Faik Tunay","logo":{"@id":"https:\/\/faiktunay.com.tr\/#\/schema\/person\/image\/"},"sameAs":["https:\/\/faiktunay.com.tr"],"url":"https:\/\/faiktunay.com.tr\/en\/author\/clicodigital\/"}]}},"_links":{"self":[{"href":"https:\/\/faiktunay.com.tr\/en\/wp-json\/wp\/v2\/posts\/857","targetHints":{"allow":["GET"]}}],"collection":[{"href":"https:\/\/faiktunay.com.tr\/en\/wp-json\/wp\/v2\/posts"}],"about":[{"href":"https:\/\/faiktunay.com.tr\/en\/wp-json\/wp\/v2\/types\/post"}],"author":[{"embeddable":true,"href":"https:\/\/faiktunay.com.tr\/en\/wp-json\/wp\/v2\/users\/1"}],"replies":[{"embeddable":true,"href":"https:\/\/faiktunay.com.tr\/en\/wp-json\/wp\/v2\/comments?post=857"}],"version-history":[{"count":0,"href":"https:\/\/faiktunay.com.tr\/en\/wp-json\/wp\/v2\/posts\/857\/revisions"}],"wp:attachment":[{"href":"https:\/\/faiktunay.com.tr\/en\/wp-json\/wp\/v2\/media?parent=857"}],"wp:term":[{"taxonomy":"category","embeddable":true,"href":"https:\/\/faiktunay.com.tr\/en\/wp-json\/wp\/v2\/categories?post=857"},{"taxonomy":"post_tag","embeddable":true,"href":"https:\/\/faiktunay.com.tr\/en\/wp-json\/wp\/v2\/tags?post=857"}],"curies":[{"name":"wp","href":"https:\/\/api.w.org\/{rel}","templated":true}]}}