{"id":860,"date":"2026-01-02T10:44:18","date_gmt":"2026-01-02T10:44:18","guid":{"rendered":"https:\/\/faiktunay.com.tr\/?p=860"},"modified":"2026-01-02T10:44:19","modified_gmt":"2026-01-02T10:44:19","slug":"faik-tunaydan-carpici-ela-rumeysa-cebeci-yorumu","status":"publish","type":"post","link":"https:\/\/faiktunay.com.tr\/en\/faik-tunaydan-carpici-ela-rumeysa-cebeci-yorumu\/","title":{"rendered":"Faik Tunay's Striking Commentary on Ela Rumeysa Cebeci."},"content":{"rendered":"<p><strong>On December 18, 2025, Faik Tunay, participating in a live broadcast on HABER GLOBAL, stated that the matter had now reached another dimension.<\/strong><\/p>\n\n\n\n<p><strong>Tunay stated that this female news anchor comes from an ultra-conservative family, where men and women sit separately at weddings, and questioned how such a girl could have emerged from such a family. He argued that this is a sociological case that needs to be examined, claiming that society is being corrupted and experiencing moral decay through television series.<\/strong><\/p>","protected":false},"excerpt":{"rendered":"<p>18 Aral\u0131k 2025 g\u00fcn\u00fc , HABER GLOBAL canl\u0131 yay\u0131n\u0131na kat\u0131lan Faik Tunay i\u015fin art\u0131k ba\u015fka bir boyutta oldu\u011funu ifade etti. Bu spiker han\u0131m\u0131n ailesi ultra muhafazakar ,d\u00fc\u011f\u00fcnlerinde erkekler ve kad\u0131nlar ayr\u0131 oturur b\u00f6yle bir aileden bu k\u0131z nas\u0131l \u00e7\u0131km\u0131\u015f ? Bu sosyolojik bir vaka incelenmeli diyen Tunay , toplumun diziler vas\u0131tas\u0131yla bozuldu\u011funu ,ahlaki \u00e7\u00f6k\u00fc\u015f ya\u015fand\u0131\u011f\u0131n\u0131 [&hellip;]<\/p>","protected":false},"author":1,"featured_media":0,"comment_status":"closed","ping_status":"closed","sticky":false,"template":"","format":"video","meta":{"footnotes":""},"categories":[16,19],"tags":[93,22,92],"class_list":["post-860","post","type-post","status-publish","format-video","hentry","category-haberler","category-videolar","tag-ela-rumeysa-cebeci","tag-faik-tunay","tag-uyusturucu","post_format-post-format-video"],"yoast_head":"<!-- This site is optimized with the Yoast SEO plugin v25.7 - https:\/\/yoast.com\/wordpress\/plugins\/seo\/ -->\n<title>Faik Tunay\u2019dan \u00c7arp\u0131c\u0131 Ela Rumeysa Cebeci Yorumu - Faik Tunay<\/title>\n<meta name=\"robots\" content=\"index, follow, max-snippet:-1, max-image-preview:large, max-video-preview:-1\" \/>\n<link rel=\"canonical\" href=\"https:\/\/faiktunay.com.tr\/en\/faik-tunaydan-carpici-ela-rumeysa-cebeci-yorumu\/\" \/>\n<meta property=\"og:locale\" content=\"en_US\" \/>\n<meta property=\"og:type\" content=\"article\" \/>\n<meta property=\"og:title\" content=\"Faik Tunay\u2019dan \u00c7arp\u0131c\u0131 Ela Rumeysa Cebeci Yorumu - Faik Tunay\" \/>\n<meta property=\"og:description\" content=\"18 Aral\u0131k 2025 g\u00fcn\u00fc , HABER GLOBAL canl\u0131 yay\u0131n\u0131na kat\u0131lan Faik Tunay i\u015fin art\u0131k ba\u015fka bir boyutta oldu\u011funu ifade etti. Bu spiker han\u0131m\u0131n ailesi ultra muhafazakar ,d\u00fc\u011f\u00fcnlerinde erkekler ve kad\u0131nlar ayr\u0131 oturur b\u00f6yle bir aileden bu k\u0131z nas\u0131l \u00e7\u0131km\u0131\u015f ? Bu sosyolojik bir vaka incelenmeli diyen Tunay , toplumun diziler vas\u0131tas\u0131yla bozuldu\u011funu ,ahlaki \u00e7\u00f6k\u00fc\u015f ya\u015fand\u0131\u011f\u0131n\u0131 [&hellip;]\" \/>\n<meta property=\"og:url\" content=\"https:\/\/faiktunay.com.tr\/en\/faik-tunaydan-carpici-ela-rumeysa-cebeci-yorumu\/\" \/>\n<meta property=\"og:site_name\" content=\"Faik Tunay\" \/>\n<meta property=\"article:published_time\" content=\"2026-01-02T10:44:18+00:00\" \/>\n<meta property=\"article:modified_time\" content=\"2026-01-02T10:44:19+00:00\" \/>\n<meta name=\"author\" content=\"Faik Tunay\" \/>\n<meta name=\"twitter:card\" content=\"summary_large_image\" \/>\n<meta name=\"twitter:label1\" content=\"Written by\" \/>\n\t<meta name=\"twitter:data1\" content=\"Faik Tunay\" \/>\n\t<meta name=\"twitter:label2\" content=\"Est. reading time\" \/>\n\t<meta name=\"twitter:data2\" content=\"1 minute\" \/>\n<script type=\"application\/ld+json\" class=\"yoast-schema-graph\">{\"@context\":\"https:\/\/schema.org\",\"@graph\":[{\"@type\":\"Article\",\"@id\":\"https:\/\/faiktunay.com.tr\/faik-tunaydan-carpici-ela-rumeysa-cebeci-yorumu\/#article\",\"isPartOf\":{\"@id\":\"https:\/\/faiktunay.com.tr\/faik-tunaydan-carpici-ela-rumeysa-cebeci-yorumu\/\"},\"author\":{\"name\":\"Faik Tunay\",\"@id\":\"https:\/\/faiktunay.com.tr\/#\/schema\/person\/c49b0bc68a3e76483795a134219cf7cd\"},\"headline\":\"Faik Tunay\u2019dan \u00c7arp\u0131c\u0131 Ela Rumeysa Cebeci Yorumu\",\"datePublished\":\"2026-01-02T10:44:18+00:00\",\"dateModified\":\"2026-01-02T10:44:19+00:00\",\"mainEntityOfPage\":{\"@id\":\"https:\/\/faiktunay.com.tr\/faik-tunaydan-carpici-ela-rumeysa-cebeci-yorumu\/\"},\"wordCount\":82,\"publisher\":{\"@id\":\"https:\/\/faiktunay.com.tr\/#\/schema\/person\/c49b0bc68a3e76483795a134219cf7cd\"},\"keywords\":[\"ela r\u00fcmeysa cebeci\",\"Faik Tunay\",\"uyu\u015fturucu\"],\"articleSection\":[\"Haberler\",\"Videolar\"],\"inLanguage\":\"en-US\"},{\"@type\":\"WebPage\",\"@id\":\"https:\/\/faiktunay.com.tr\/faik-tunaydan-carpici-ela-rumeysa-cebeci-yorumu\/\",\"url\":\"https:\/\/faiktunay.com.tr\/faik-tunaydan-carpici-ela-rumeysa-cebeci-yorumu\/\",\"name\":\"Faik Tunay\u2019dan \u00c7arp\u0131c\u0131 Ela Rumeysa Cebeci Yorumu - Faik Tunay\",\"isPartOf\":{\"@id\":\"https:\/\/faiktunay.com.tr\/#website\"},\"datePublished\":\"2026-01-02T10:44:18+00:00\",\"dateModified\":\"2026-01-02T10:44:19+00:00\",\"breadcrumb\":{\"@id\":\"https:\/\/faiktunay.com.tr\/faik-tunaydan-carpici-ela-rumeysa-cebeci-yorumu\/#breadcrumb\"},\"inLanguage\":\"en-US\",\"potentialAction\":[{\"@type\":\"ReadAction\",\"target\":[\"https:\/\/faiktunay.com.tr\/faik-tunaydan-carpici-ela-rumeysa-cebeci-yorumu\/\"]}]},{\"@type\":\"BreadcrumbList\",\"@id\":\"https:\/\/faiktunay.com.tr\/faik-tunaydan-carpici-ela-rumeysa-cebeci-yorumu\/#breadcrumb\",\"itemListElement\":[{\"@type\":\"ListItem\",\"position\":1,\"name\":\"Anasayfa\",\"item\":\"https:\/\/faiktunay.com.tr\/\"},{\"@type\":\"ListItem\",\"position\":2,\"name\":\"Faik Tunay\u2019dan \u00c7arp\u0131c\u0131 Ela Rumeysa Cebeci Yorumu\"}]},{\"@type\":\"WebSite\",\"@id\":\"https:\/\/faiktunay.com.tr\/#website\",\"url\":\"https:\/\/faiktunay.com.tr\/\",\"name\":\"Faik Tunay\",\"description\":\"\",\"publisher\":{\"@id\":\"https:\/\/faiktunay.com.tr\/#\/schema\/person\/c49b0bc68a3e76483795a134219cf7cd\"},\"potentialAction\":[{\"@type\":\"SearchAction\",\"target\":{\"@type\":\"EntryPoint\",\"urlTemplate\":\"https:\/\/faiktunay.com.tr\/?s={search_term_string}\"},\"query-input\":{\"@type\":\"PropertyValueSpecification\",\"valueRequired\":true,\"valueName\":\"search_term_string\"}}],\"inLanguage\":\"en-US\"},{\"@type\":[\"Person\",\"Organization\"],\"@id\":\"https:\/\/faiktunay.com.tr\/#\/schema\/person\/c49b0bc68a3e76483795a134219cf7cd\",\"name\":\"Faik Tunay\",\"logo\":{\"@id\":\"https:\/\/faiktunay.com.tr\/#\/schema\/person\/image\/\"},\"sameAs\":[\"https:\/\/faiktunay.com.tr\"],\"url\":\"https:\/\/faiktunay.com.tr\/en\/author\/clicodigital\/\"}]}<\/script>\n<!-- \/ Yoast SEO plugin. -->","yoast_head_json":{"title":"Faik Tunay\u2019dan \u00c7arp\u0131c\u0131 Ela Rumeysa Cebeci Yorumu - Faik Tunay","robots":{"index":"index","follow":"follow","max-snippet":"max-snippet:-1","max-image-preview":"max-image-preview:large","max-video-preview":"max-video-preview:-1"},"canonical":"https:\/\/faiktunay.com.tr\/en\/faik-tunaydan-carpici-ela-rumeysa-cebeci-yorumu\/","og_locale":"en_US","og_type":"article","og_title":"Faik Tunay\u2019dan \u00c7arp\u0131c\u0131 Ela Rumeysa Cebeci Yorumu - Faik Tunay","og_description":"18 Aral\u0131k 2025 g\u00fcn\u00fc , HABER GLOBAL canl\u0131 yay\u0131n\u0131na kat\u0131lan Faik Tunay i\u015fin art\u0131k ba\u015fka bir boyutta oldu\u011funu ifade etti. Bu spiker han\u0131m\u0131n ailesi ultra muhafazakar ,d\u00fc\u011f\u00fcnlerinde erkekler ve kad\u0131nlar ayr\u0131 oturur b\u00f6yle bir aileden bu k\u0131z nas\u0131l \u00e7\u0131km\u0131\u015f ? Bu sosyolojik bir vaka incelenmeli diyen Tunay , toplumun diziler vas\u0131tas\u0131yla bozuldu\u011funu ,ahlaki \u00e7\u00f6k\u00fc\u015f ya\u015fand\u0131\u011f\u0131n\u0131 [&hellip;]","og_url":"https:\/\/faiktunay.com.tr\/en\/faik-tunaydan-carpici-ela-rumeysa-cebeci-yorumu\/","og_site_name":"Faik Tunay","article_published_time":"2026-01-02T10:44:18+00:00","article_modified_time":"2026-01-02T10:44:19+00:00","author":"Faik Tunay","twitter_card":"summary_large_image","twitter_misc":{"Written by":"Faik Tunay","Est. reading time":"1 minute"},"schema":{"@context":"https:\/\/schema.org","@graph":[{"@type":"Article","@id":"https:\/\/faiktunay.com.tr\/faik-tunaydan-carpici-ela-rumeysa-cebeci-yorumu\/#article","isPartOf":{"@id":"https:\/\/faiktunay.com.tr\/faik-tunaydan-carpici-ela-rumeysa-cebeci-yorumu\/"},"author":{"name":"Faik Tunay","@id":"https:\/\/faiktunay.com.tr\/#\/schema\/person\/c49b0bc68a3e76483795a134219cf7cd"},"headline":"Faik Tunay\u2019dan \u00c7arp\u0131c\u0131 Ela Rumeysa Cebeci Yorumu","datePublished":"2026-01-02T10:44:18+00:00","dateModified":"2026-01-02T10:44:19+00:00","mainEntityOfPage":{"@id":"https:\/\/faiktunay.com.tr\/faik-tunaydan-carpici-ela-rumeysa-cebeci-yorumu\/"},"wordCount":82,"publisher":{"@id":"https:\/\/faiktunay.com.tr\/#\/schema\/person\/c49b0bc68a3e76483795a134219cf7cd"},"keywords":["ela r\u00fcmeysa cebeci","Faik Tunay","uyu\u015fturucu"],"articleSection":["Haberler","Videolar"],"inLanguage":"en-US"},{"@type":"WebPage","@id":"https:\/\/faiktunay.com.tr\/faik-tunaydan-carpici-ela-rumeysa-cebeci-yorumu\/","url":"https:\/\/faiktunay.com.tr\/faik-tunaydan-carpici-ela-rumeysa-cebeci-yorumu\/","name":"Faik Tunay\u2019dan \u00c7arp\u0131c\u0131 Ela Rumeysa Cebeci Yorumu - Faik Tunay","isPartOf":{"@id":"https:\/\/faiktunay.com.tr\/#website"},"datePublished":"2026-01-02T10:44:18+00:00","dateModified":"2026-01-02T10:44:19+00:00","breadcrumb":{"@id":"https:\/\/faiktunay.com.tr\/faik-tunaydan-carpici-ela-rumeysa-cebeci-yorumu\/#breadcrumb"},"inLanguage":"en-US","potentialAction":[{"@type":"ReadAction","target":["https:\/\/faiktunay.com.tr\/faik-tunaydan-carpici-ela-rumeysa-cebeci-yorumu\/"]}]},{"@type":"BreadcrumbList","@id":"https:\/\/faiktunay.com.tr\/faik-tunaydan-carpici-ela-rumeysa-cebeci-yorumu\/#breadcrumb","itemListElement":[{"@type":"ListItem","position":1,"name":"Anasayfa","item":"https:\/\/faiktunay.com.tr\/"},{"@type":"ListItem","position":2,"name":"Faik Tunay\u2019dan \u00c7arp\u0131c\u0131 Ela Rumeysa Cebeci Yorumu"}]},{"@type":"WebSite","@id":"https:\/\/faiktunay.com.tr\/#website","url":"https:\/\/faiktunay.com.tr\/","name":"Faik Tunay","description":"","publisher":{"@id":"https:\/\/faiktunay.com.tr\/#\/schema\/person\/c49b0bc68a3e76483795a134219cf7cd"},"potentialAction":[{"@type":"SearchAction","target":{"@type":"EntryPoint","urlTemplate":"https:\/\/faiktunay.com.tr\/?s={search_term_string}"},"query-input":{"@type":"PropertyValueSpecification","valueRequired":true,"valueName":"search_term_string"}}],"inLanguage":"en-US"},{"@type":["Person","Organization"],"@id":"https:\/\/faiktunay.com.tr\/#\/schema\/person\/c49b0bc68a3e76483795a134219cf7cd","name":"Faik Tunay","logo":{"@id":"https:\/\/faiktunay.com.tr\/#\/schema\/person\/image\/"},"sameAs":["https:\/\/faiktunay.com.tr"],"url":"https:\/\/faiktunay.com.tr\/en\/author\/clicodigital\/"}]}},"_links":{"self":[{"href":"https:\/\/faiktunay.com.tr\/en\/wp-json\/wp\/v2\/posts\/860","targetHints":{"allow":["GET"]}}],"collection":[{"href":"https:\/\/faiktunay.com.tr\/en\/wp-json\/wp\/v2\/posts"}],"about":[{"href":"https:\/\/faiktunay.com.tr\/en\/wp-json\/wp\/v2\/types\/post"}],"author":[{"embeddable":true,"href":"https:\/\/faiktunay.com.tr\/en\/wp-json\/wp\/v2\/users\/1"}],"replies":[{"embeddable":true,"href":"https:\/\/faiktunay.com.tr\/en\/wp-json\/wp\/v2\/comments?post=860"}],"version-history":[{"count":0,"href":"https:\/\/faiktunay.com.tr\/en\/wp-json\/wp\/v2\/posts\/860\/revisions"}],"wp:attachment":[{"href":"https:\/\/faiktunay.com.tr\/en\/wp-json\/wp\/v2\/media?parent=860"}],"wp:term":[{"taxonomy":"category","embeddable":true,"href":"https:\/\/faiktunay.com.tr\/en\/wp-json\/wp\/v2\/categories?post=860"},{"taxonomy":"post_tag","embeddable":true,"href":"https:\/\/faiktunay.com.tr\/en\/wp-json\/wp\/v2\/tags?post=860"}],"curies":[{"name":"wp","href":"https:\/\/api.w.org\/{rel}","templated":true}]}}